{"id":1521,"date":"2017-09-25T11:24:34","date_gmt":"2017-09-25T09:24:34","guid":{"rendered":"http:\/\/serveiseducatius.xtec.cat\/alturgell\/?p=1521"},"modified":"2017-11-28T11:13:09","modified_gmt":"2017-11-28T10:13:09","slug":"exposicio-sha-escrit-un-crim","status":"publish","type":"post","link":"https:\/\/serveiseducatius.xtec.cat\/alturgell\/portada\/exposicio-sha-escrit-un-crim\/","title":{"rendered":"Exposici\u00f3 \u00abS\u2019ha escrit un crim\u00bb"},"content":{"rendered":"<div>\n<p>A la biblioteca Sant Agust\u00ed de la Seu d&#8217;Urgell tots els centres podran visitar durant el mes de novembre l&#8217;exposici\u00f3 \u00abS\u2019ha escrit un crim\u00bb<\/p>\n<p>En aquesta exposici\u00f3 del\u00a0 <a href=\"http:\/\/www.clijcat.cat\/Exposicions-Clijcat\">Clijcat,<\/a> sota el s\u00edmbol d&#8217;una lupa o b\u00e9 d&#8217;una pistola, tothom qui s&#8217;hi apropa troba tot d&#8217;hist\u00f2ries on es plantegen casos misteriosos, es coneixen detectius de tota mena, o b\u00e9 es descobreixen els culpables o els innocents de cada cas.<\/p>\n<p>Diuen que, quan S&#8217;ESCRIU UN CRIM, no sempre s&#8217;arriba a resoldre tot i a vegades hi ha algun fil que s&#8217;escapa&#8230;<\/p>\n<div>\n<p>La mostra est\u00e0 integrada per nou banderoles i un centenar de llibres amb el seg\u00fcent itinerari:<\/p>\n<p><img loading=\"lazy\" decoding=\"async\" class=\"wp-image-1523 alignleft\" src=\"http:\/\/serveiseducatius.xtec.cat\/alturgell\/wp-content\/uploads\/usu770\/2017\/11\/expo-Crim-e1511520185184.jpg\" alt=\"\" width=\"288\" height=\"308\" \/><\/p>\n<ul style=\"list-style-type: square;\">\n<li>1\u00a0\u00a0\u00a0 \u00a0\u00a0\u00a0\u00a0Introducci\u00f3<\/li>\n<li>2 i 3 \u00a0 Robatoris i desaparicions<\/li>\n<li>4 \u00a0\u00a0\u00a0\u00a0\u00a0\u00a0\u00a0Crims i segrestos<\/li>\n<li>5 \u00a0\u00a0\u00a0\u00a0\u00a0\u00a0\u00a0Detectius amb nom<\/li>\n<li>6 i 7 \u00a0\u00a0Detectius pelacanyes<\/li>\n<li>8 \u00a0\u00a0\u00a0\u00a0\u00a0\u00a0\u00a0V\u00edctimes i culpables<\/li>\n<li>9 \u00a0\u00a0\u00a0\u00a0\u00a0\u00a0\u00a0Resol el cas<\/li>\n<\/ul>\n<\/div>\n<\/div>\n","protected":false},"excerpt":{"rendered":"<p>A la biblioteca Sant Agust\u00ed de la Seu d&#8217;Urgell tots els centres podran visitar durant el mes de novembre l&#8217;exposici\u00f3 \u00abS\u2019ha escrit un crim\u00bb En aquesta exposici\u00f3 del\u00a0 Clijcat, sota el s\u00edmbol d&#8217;una lupa o b\u00e9 d&#8217;una pistola, tothom qui s&#8217;hi apropa troba tot d&#8217;hist\u00f2ries on es plantegen casos misteriosos, es coneixen detectius de tota [&hellip;]<\/p>\n","protected":false},"author":1,"featured_media":1522,"comment_status":"open","ping_status":"closed","sticky":false,"template":"","format":"standard","meta":{"_bbp_topic_count":0,"_bbp_reply_count":0,"_bbp_total_topic_count":0,"_bbp_total_reply_count":0,"_bbp_voice_count":0,"_bbp_anonymous_reply_count":0,"_bbp_topic_count_hidden":0,"_bbp_reply_count_hidden":0,"_bbp_forum_subforum_count":0,"site-sidebar-layout":"default","site-content-layout":"","ast-site-content-layout":"","site-content-style":"default","site-sidebar-style":"default","ast-global-header-display":"","ast-banner-title-visibility":"","ast-main-header-display":"","ast-hfb-above-header-display":"","ast-hfb-below-header-display":"","ast-hfb-mobile-header-display":"","site-post-title":"","ast-breadcrumbs-content":"","ast-featured-img":"","footer-sml-layout":"","theme-transparent-header-meta":"","adv-header-id-meta":"","stick-header-meta":"","header-above-stick-meta":"","header-main-stick-meta":"","header-below-stick-meta":"","astra-migrate-meta-layouts":"default","ast-page-background-enabled":"default","ast-page-background-meta":{"desktop":{"background-color":"var(--ast-global-color-4)","background-image":"","background-repeat":"repeat","background-position":"center center","background-size":"auto","background-attachment":"scroll","background-type":"","background-media":"","overlay-type":"","overlay-color":"","overlay-opacity":"","overlay-gradient":""},"tablet":{"background-color":"","background-image":"","background-repeat":"repeat","background-position":"center center","background-size":"auto","background-attachment":"scroll","background-type":"","background-media":"","overlay-type":"","overlay-color":"","overlay-opacity":"","overlay-gradient":""},"mobile":{"background-color":"","background-image":"","background-repeat":"repeat","background-position":"center center","background-size":"auto","background-attachment":"scroll","background-type":"","background-media":"","overlay-type":"","overlay-color":"","overlay-opacity":"","overlay-gradient":""}},"ast-content-background-meta":{"desktop":{"background-color":"var(--ast-global-color-5)","background-image":"","background-repeat":"repeat","background-position":"center center","background-size":"auto","background-attachment":"scroll","background-type":"","background-media":"","overlay-type":"","overlay-color":"","overlay-opacity":"","overlay-gradient":""},"tablet":{"background-color":"var(--ast-global-color-5)","background-image":"","background-repeat":"repeat","background-position":"center center","background-size":"auto","background-attachment":"scroll","background-type":"","background-media":"","overlay-type":"","overlay-color":"","overlay-opacity":"","overlay-gradient":""},"mobile":{"background-color":"var(--ast-global-color-5)","background-image":"","background-repeat":"repeat","background-position":"center center","background-size":"auto","background-attachment":"scroll","background-type":"","background-media":"","overlay-type":"","overlay-color":"","overlay-opacity":"","overlay-gradient":""}},"footnotes":""},"categories":[81,29],"tags":[],"class_list":["post-1521","post","type-post","status-publish","format-standard","has-post-thumbnail","hentry","category-biblioteca-escolar","category-portada"],"post_mailing_queue_ids":[],"_links":{"self":[{"href":"https:\/\/serveiseducatius.xtec.cat\/alturgell\/wp-json\/wp\/v2\/posts\/1521","targetHints":{"allow":["GET"]}}],"collection":[{"href":"https:\/\/serveiseducatius.xtec.cat\/alturgell\/wp-json\/wp\/v2\/posts"}],"about":[{"href":"https:\/\/serveiseducatius.xtec.cat\/alturgell\/wp-json\/wp\/v2\/types\/post"}],"author":[{"embeddable":true,"href":"https:\/\/serveiseducatius.xtec.cat\/alturgell\/wp-json\/wp\/v2\/users\/1"}],"replies":[{"embeddable":true,"href":"https:\/\/serveiseducatius.xtec.cat\/alturgell\/wp-json\/wp\/v2\/comments?post=1521"}],"version-history":[{"count":3,"href":"https:\/\/serveiseducatius.xtec.cat\/alturgell\/wp-json\/wp\/v2\/posts\/1521\/revisions"}],"predecessor-version":[{"id":1526,"href":"https:\/\/serveiseducatius.xtec.cat\/alturgell\/wp-json\/wp\/v2\/posts\/1521\/revisions\/1526"}],"wp:featuredmedia":[{"embeddable":true,"href":"https:\/\/serveiseducatius.xtec.cat\/alturgell\/wp-json\/wp\/v2\/media\/1522"}],"wp:attachment":[{"href":"https:\/\/serveiseducatius.xtec.cat\/alturgell\/wp-json\/wp\/v2\/media?parent=1521"}],"wp:term":[{"taxonomy":"category","embeddable":true,"href":"https:\/\/serveiseducatius.xtec.cat\/alturgell\/wp-json\/wp\/v2\/categories?post=1521"},{"taxonomy":"post_tag","embeddable":true,"href":"https:\/\/serveiseducatius.xtec.cat\/alturgell\/wp-json\/wp\/v2\/tags?post=1521"}],"curies":[{"name":"wp","href":"https:\/\/api.w.org\/{rel}","templated":true}]}}