{"id":15178,"date":"2023-04-28T10:14:11","date_gmt":"2023-04-28T08:14:11","guid":{"rendered":"https:\/\/serveiseducatius.xtec.cat\/alturgell\/?p=15178"},"modified":"2024-06-03T10:51:22","modified_gmt":"2024-06-03T08:51:22","slug":"fira-de-la-petita-infancia-a-lalt-pirineu-i-aran-la-carrulla","status":"publish","type":"post","link":"https:\/\/serveiseducatius.xtec.cat\/alturgell\/portada\/fira-de-la-petita-infancia-a-lalt-pirineu-i-aran-la-carrulla\/","title":{"rendered":"Fira de la petita inf\u00e0ncia a l&#8217;Alt Pirineu i Aran: La Carrulla"},"content":{"rendered":"<p><strong>La Carrulla<\/strong> \u00e9s un projecte que neix de la necessitat de visibilitzar l&#8217;etapa Infantil al territori de l&#8217;Alt Pirineu i Aran. Aquesta fira est\u00e0 organitzada per dues mestres de la llar d&#8217;Infants Els Malfargats juntament amb les responsables dels Serveis Educatius dels Pallars i es realitzar\u00e0 el <strong>dissabte 3 de juny<\/strong> a Sort. \u00c9s una activitat adre\u00e7ada a <strong>docents i a fam\u00edlies.<\/strong><\/p>\n<div>A la Fira hi haur\u00e0 espais diferenciats:<\/div>\n<div>\n<ul>\n<li><b>Pon\u00e8ncies,<\/b> que com estan reconegudes dins el pla de formaci\u00f3 de zona amb certificat de formaci\u00f3. <span style=\"text-decoration: underline;\"><a href=\"https:\/\/docs.google.com\/forms\/d\/e\/1FAIpQLSfqucEbCSw7w0BdKCON_Ks-Ot5Mql3C0umL_zqigLk0zEtWQg\/viewform\">Inscripci\u00f3 per a docents<\/a><\/span><\/li>\n<li><b>Tallers\u00a0<\/b>per a infants<\/li>\n<li>Un\u00a0<b>espai destinat a experi\u00e8ncies<\/b> realitzades als centres. Si voleu presentar experi\u00e8ncies, cal omplir un formulari. L&#8217;organitzaci\u00f3 crear\u00e0 p\u00f2sters de les diferents experi\u00e8ncies presentades i us convida a explicar-les al p\u00fablic assistent.<\/li>\n<li><b>Espai comercial\u00a0<\/b>de la petita inf\u00e0ncia<\/li>\n<li><b>Taula rodona\u00a0<\/b>de debat pedag\u00f2gic<\/li>\n<li><b>Espectacle final<\/b><\/li>\n<\/ul>\n<p>Si ets docent i VOLS COMPARTIR UNA EXPERI\u00c8NCIA EDUCATIVA, omple el seg\u00fcent <span style=\"text-decoration: underline;\"><strong><a href=\"https:\/\/forms.gle\/dnPFL8WF11rBWjq38\" target=\"_blank\" rel=\"noopener\" data-saferedirecturl=\"https:\/\/www.google.com\/url?q=https:\/\/forms.gle\/dnPFL8WF11rBWjq38&amp;source=gmail&amp;ust=1682754665922000&amp;usg=AOvVaw3dMGxKxK0D3nW7TDbiYr4b\">Formulari de participaci\u00f3<\/a><\/strong><\/span>, tens temps <strong>fins al 16 de maig.<\/strong><\/p>\n<p>&nbsp;<\/p>\n<p><strong><a href=\"https:\/\/www.carrulla.cat\/\"><img loading=\"lazy\" decoding=\"async\" class=\"\" src=\"https:\/\/serveiseducatius.xtec.cat\/alturgell\/wp-content\/uploads\/usu770\/2019\/04\/flecha.gif\" width=\"16\" height=\"17\" \/>\u00a0 M\u00e9s informaci\u00f3<\/a><\/strong><\/p>\n<\/div>\n<p><a href=\"https:\/\/drive.google.com\/file\/d\/1myBILM05nu0Qedd1z2qkGCJLYY63DpoO\/view?usp=sharing\"><img loading=\"lazy\" decoding=\"async\" class=\"alignnone wp-image-15189\" src=\"https:\/\/serveiseducatius.xtec.cat\/alturgell\/wp-content\/uploads\/usu770\/2023\/04\/27-4-2023-17.4.28-7.jpg\" alt=\"\" width=\"574\" height=\"735\" srcset=\"https:\/\/serveiseducatius.xtec.cat\/alturgell\/wp-content\/uploads\/usu770\/2023\/04\/27-4-2023-17.4.28-7.jpg 633w, https:\/\/serveiseducatius.xtec.cat\/alturgell\/wp-content\/uploads\/usu770\/2023\/04\/27-4-2023-17.4.28-7-234x300.jpg 234w\" sizes=\"auto, (max-width: 574px) 100vw, 574px\" \/><\/a><\/p>\n","protected":false},"excerpt":{"rendered":"<p>La Carrulla \u00e9s un projecte que neix de la necessitat de visibilitzar l&#8217;etapa Infantil al territori de l&#8217;Alt Pirineu i Aran. Aquesta fira est\u00e0 organitzada per dues mestres de la llar d&#8217;Infants Els Malfargats juntament amb les responsables dels Serveis Educatius dels Pallars i es realitzar\u00e0 el dissabte 3 de juny a Sort. \u00c9s una [&hellip;]<\/p>\n","protected":false},"author":1,"featured_media":15188,"comment_status":"open","ping_status":"closed","sticky":false,"template":"","format":"standard","meta":{"_bbp_topic_count":0,"_bbp_reply_count":0,"_bbp_total_topic_count":0,"_bbp_total_reply_count":0,"_bbp_voice_count":0,"_bbp_anonymous_reply_count":0,"_bbp_topic_count_hidden":0,"_bbp_reply_count_hidden":0,"_bbp_forum_subforum_count":0,"site-sidebar-layout":"default","site-content-layout":"","ast-site-content-layout":"","site-content-style":"default","site-sidebar-style":"default","ast-global-header-display":"","ast-banner-title-visibility":"","ast-main-header-display":"","ast-hfb-above-header-display":"","ast-hfb-below-header-display":"","ast-hfb-mobile-header-display":"","site-post-title":"","ast-breadcrumbs-content":"","ast-featured-img":"","footer-sml-layout":"","theme-transparent-header-meta":"","adv-header-id-meta":"","stick-header-meta":"","header-above-stick-meta":"","header-main-stick-meta":"","header-below-stick-meta":"","astra-migrate-meta-layouts":"default","ast-page-background-enabled":"default","ast-page-background-meta":{"desktop":{"background-color":"var(--ast-global-color-4)","background-image":"","background-repeat":"repeat","background-position":"center center","background-size":"auto","background-attachment":"scroll","background-type":"","background-media":"","overlay-type":"","overlay-color":"","overlay-opacity":"","overlay-gradient":""},"tablet":{"background-color":"","background-image":"","background-repeat":"repeat","background-position":"center center","background-size":"auto","background-attachment":"scroll","background-type":"","background-media":"","overlay-type":"","overlay-color":"","overlay-opacity":"","overlay-gradient":""},"mobile":{"background-color":"","background-image":"","background-repeat":"repeat","background-position":"center center","background-size":"auto","background-attachment":"scroll","background-type":"","background-media":"","overlay-type":"","overlay-color":"","overlay-opacity":"","overlay-gradient":""}},"ast-content-background-meta":{"desktop":{"background-color":"var(--ast-global-color-5)","background-image":"","background-repeat":"repeat","background-position":"center center","background-size":"auto","background-attachment":"scroll","background-type":"","background-media":"","overlay-type":"","overlay-color":"","overlay-opacity":"","overlay-gradient":""},"tablet":{"background-color":"var(--ast-global-color-5)","background-image":"","background-repeat":"repeat","background-position":"center center","background-size":"auto","background-attachment":"scroll","background-type":"","background-media":"","overlay-type":"","overlay-color":"","overlay-opacity":"","overlay-gradient":""},"mobile":{"background-color":"var(--ast-global-color-5)","background-image":"","background-repeat":"repeat","background-position":"center center","background-size":"auto","background-attachment":"scroll","background-type":"","background-media":"","overlay-type":"","overlay-color":"","overlay-opacity":"","overlay-gradient":""}},"footnotes":""},"categories":[175,29],"tags":[],"class_list":["post-15178","post","type-post","status-publish","format-standard","has-post-thumbnail","hentry","category-formacio","category-portada"],"post_mailing_queue_ids":[],"_links":{"self":[{"href":"https:\/\/serveiseducatius.xtec.cat\/alturgell\/wp-json\/wp\/v2\/posts\/15178","targetHints":{"allow":["GET"]}}],"collection":[{"href":"https:\/\/serveiseducatius.xtec.cat\/alturgell\/wp-json\/wp\/v2\/posts"}],"about":[{"href":"https:\/\/serveiseducatius.xtec.cat\/alturgell\/wp-json\/wp\/v2\/types\/post"}],"author":[{"embeddable":true,"href":"https:\/\/serveiseducatius.xtec.cat\/alturgell\/wp-json\/wp\/v2\/users\/1"}],"replies":[{"embeddable":true,"href":"https:\/\/serveiseducatius.xtec.cat\/alturgell\/wp-json\/wp\/v2\/comments?post=15178"}],"version-history":[{"count":2,"href":"https:\/\/serveiseducatius.xtec.cat\/alturgell\/wp-json\/wp\/v2\/posts\/15178\/revisions"}],"predecessor-version":[{"id":15210,"href":"https:\/\/serveiseducatius.xtec.cat\/alturgell\/wp-json\/wp\/v2\/posts\/15178\/revisions\/15210"}],"wp:featuredmedia":[{"embeddable":true,"href":"https:\/\/serveiseducatius.xtec.cat\/alturgell\/wp-json\/wp\/v2\/media\/15188"}],"wp:attachment":[{"href":"https:\/\/serveiseducatius.xtec.cat\/alturgell\/wp-json\/wp\/v2\/media?parent=15178"}],"wp:term":[{"taxonomy":"category","embeddable":true,"href":"https:\/\/serveiseducatius.xtec.cat\/alturgell\/wp-json\/wp\/v2\/categories?post=15178"},{"taxonomy":"post_tag","embeddable":true,"href":"https:\/\/serveiseducatius.xtec.cat\/alturgell\/wp-json\/wp\/v2\/tags?post=15178"}],"curies":[{"name":"wp","href":"https:\/\/api.w.org\/{rel}","templated":true}]}}