{"id":15138,"date":"2023-04-24T15:59:14","date_gmt":"2023-04-24T13:59:14","guid":{"rendered":"https:\/\/serveiseducatius.xtec.cat\/alturgell\/?p=15138"},"modified":"2023-05-08T12:25:44","modified_gmt":"2023-05-08T10:25:44","slug":"dia-internacional-contra-lassetjament-escolar-3","status":"publish","type":"post","link":"https:\/\/serveiseducatius.xtec.cat\/alturgell\/portada\/dia-internacional-contra-lassetjament-escolar-3\/","title":{"rendered":"Dia Internacional contra l&#8217;Assetjament Escolar"},"content":{"rendered":"<p style=\"text-align: justify;\"><a href=\"https:\/\/www.youtube.com\/embed\/qBcUkj6CNYY?rel=0\"><img loading=\"lazy\" decoding=\"async\" class=\"img-responsive alignleft\" src=\"https:\/\/xtec.gencat.cat\/web\/.content\/home\/imatges\/553x553-grafic-destacat-dia-assatjament-escolar-23.jpg_1595044798.jpg\" alt=\"\" width=\"178\" height=\"178\" \/><\/a>El<strong> 2 de maig<\/strong> amb motiu del <strong>Dia Internacional contra l\u2019Assetjament Escolar<\/strong>, el Departament d\u2019Educaci\u00f3 posa a l\u2019abast de la comunitat educativa activitats relacionades amb aquesta problem\u00e0tica.<\/p>\n<p style=\"text-align: justify;\">L\u2019assetjament afecta milions d\u2019infants i joves a les escoles d\u2019arreu del m\u00f3n, per aix\u00f2 la UNESCO va recon\u00e8ixer el Dia internacional contra l\u2019assetjament escolar el 2 de maig de l\u2019any 2013 amb l\u2019objectiu de conscienciar a tota la poblaci\u00f3.<\/p>\n<p style=\"text-align: justify;\">A l&#8217;espai de l&#8217;XTEC dedicat a la celebraci\u00f3 s&#8217;ofereixen algunes propostes orientades a desenvolupar activitats per prevenir l\u2019assetjament i el ciberassetjament i per promoure un \u00fas saludable i responsable de les tecnologies.<\/p>\n<p><a href=\"https:\/\/xtec.gencat.cat\/ca\/centres\/celebracions\/2023\/dia-internacional-contra-lassetjament-escolar\/index.html\"><img loading=\"lazy\" decoding=\"async\" class=\"alignnone size-full wp-image-15139\" src=\"https:\/\/serveiseducatius.xtec.cat\/alturgell\/wp-content\/uploads\/usu770\/2023\/04\/24-4-2023-15.4.16-1.jpg\" alt=\"\" width=\"729\" height=\"149\" srcset=\"https:\/\/serveiseducatius.xtec.cat\/alturgell\/wp-content\/uploads\/usu770\/2023\/04\/24-4-2023-15.4.16-1.jpg 729w, https:\/\/serveiseducatius.xtec.cat\/alturgell\/wp-content\/uploads\/usu770\/2023\/04\/24-4-2023-15.4.16-1-300x61.jpg 300w\" sizes=\"auto, (max-width: 729px) 100vw, 729px\" \/><\/a><\/p>\n<p><a href=\"https:\/\/xtec.gencat.cat\/ca\/centres\/celebracions\/2023\/dia-internacional-contra-lassetjament-escolar\/index.html\"><strong><img loading=\"lazy\" decoding=\"async\" class=\"\" src=\"https:\/\/serveiseducatius.xtec.cat\/alturgell\/wp-content\/uploads\/usu770\/2019\/04\/flecha.gif\" width=\"16\" height=\"17\" \/>\u00a0 M\u00e9s informaci\u00f3<\/strong><\/a><\/p>\n<p>&nbsp;<\/p>\n<p>&nbsp;<\/p>\n","protected":false},"excerpt":{"rendered":"<p>El 2 de maig amb motiu del Dia Internacional contra l\u2019Assetjament Escolar, el Departament d\u2019Educaci\u00f3 posa a l\u2019abast de la comunitat educativa activitats relacionades amb aquesta problem\u00e0tica. L\u2019assetjament afecta milions d\u2019infants i joves a les escoles d\u2019arreu del m\u00f3n, per aix\u00f2 la UNESCO va recon\u00e8ixer el Dia internacional contra l\u2019assetjament escolar el 2 de maig [&hellip;]<\/p>\n","protected":false},"author":1,"featured_media":15140,"comment_status":"open","ping_status":"closed","sticky":false,"template":"","format":"standard","meta":{"_bbp_topic_count":0,"_bbp_reply_count":0,"_bbp_total_topic_count":0,"_bbp_total_reply_count":0,"_bbp_voice_count":0,"_bbp_anonymous_reply_count":0,"_bbp_topic_count_hidden":0,"_bbp_reply_count_hidden":0,"_bbp_forum_subforum_count":0,"site-sidebar-layout":"default","site-content-layout":"","ast-site-content-layout":"","site-content-style":"default","site-sidebar-style":"default","ast-global-header-display":"","ast-banner-title-visibility":"","ast-main-header-display":"","ast-hfb-above-header-display":"","ast-hfb-below-header-display":"","ast-hfb-mobile-header-display":"","site-post-title":"","ast-breadcrumbs-content":"","ast-featured-img":"","footer-sml-layout":"","theme-transparent-header-meta":"","adv-header-id-meta":"","stick-header-meta":"","header-above-stick-meta":"","header-main-stick-meta":"","header-below-stick-meta":"","astra-migrate-meta-layouts":"default","ast-page-background-enabled":"default","ast-page-background-meta":{"desktop":{"background-color":"var(--ast-global-color-4)","background-image":"","background-repeat":"repeat","background-position":"center center","background-size":"auto","background-attachment":"scroll","background-type":"","background-media":"","overlay-type":"","overlay-color":"","overlay-opacity":"","overlay-gradient":""},"tablet":{"background-color":"","background-image":"","background-repeat":"repeat","background-position":"center center","background-size":"auto","background-attachment":"scroll","background-type":"","background-media":"","overlay-type":"","overlay-color":"","overlay-opacity":"","overlay-gradient":""},"mobile":{"background-color":"","background-image":"","background-repeat":"repeat","background-position":"center center","background-size":"auto","background-attachment":"scroll","background-type":"","background-media":"","overlay-type":"","overlay-color":"","overlay-opacity":"","overlay-gradient":""}},"ast-content-background-meta":{"desktop":{"background-color":"var(--ast-global-color-5)","background-image":"","background-repeat":"repeat","background-position":"center center","background-size":"auto","background-attachment":"scroll","background-type":"","background-media":"","overlay-type":"","overlay-color":"","overlay-opacity":"","overlay-gradient":""},"tablet":{"background-color":"var(--ast-global-color-5)","background-image":"","background-repeat":"repeat","background-position":"center center","background-size":"auto","background-attachment":"scroll","background-type":"","background-media":"","overlay-type":"","overlay-color":"","overlay-opacity":"","overlay-gradient":""},"mobile":{"background-color":"var(--ast-global-color-5)","background-image":"","background-repeat":"repeat","background-position":"center center","background-size":"auto","background-attachment":"scroll","background-type":"","background-media":"","overlay-type":"","overlay-color":"","overlay-opacity":"","overlay-gradient":""}},"footnotes":""},"categories":[29,76],"tags":[],"class_list":["post-15138","post","type-post","status-publish","format-standard","has-post-thumbnail","hentry","category-portada","category-recursos"],"post_mailing_queue_ids":[],"_links":{"self":[{"href":"https:\/\/serveiseducatius.xtec.cat\/alturgell\/wp-json\/wp\/v2\/posts\/15138","targetHints":{"allow":["GET"]}}],"collection":[{"href":"https:\/\/serveiseducatius.xtec.cat\/alturgell\/wp-json\/wp\/v2\/posts"}],"about":[{"href":"https:\/\/serveiseducatius.xtec.cat\/alturgell\/wp-json\/wp\/v2\/types\/post"}],"author":[{"embeddable":true,"href":"https:\/\/serveiseducatius.xtec.cat\/alturgell\/wp-json\/wp\/v2\/users\/1"}],"replies":[{"embeddable":true,"href":"https:\/\/serveiseducatius.xtec.cat\/alturgell\/wp-json\/wp\/v2\/comments?post=15138"}],"version-history":[{"count":2,"href":"https:\/\/serveiseducatius.xtec.cat\/alturgell\/wp-json\/wp\/v2\/posts\/15138\/revisions"}],"predecessor-version":[{"id":15142,"href":"https:\/\/serveiseducatius.xtec.cat\/alturgell\/wp-json\/wp\/v2\/posts\/15138\/revisions\/15142"}],"wp:featuredmedia":[{"embeddable":true,"href":"https:\/\/serveiseducatius.xtec.cat\/alturgell\/wp-json\/wp\/v2\/media\/15140"}],"wp:attachment":[{"href":"https:\/\/serveiseducatius.xtec.cat\/alturgell\/wp-json\/wp\/v2\/media?parent=15138"}],"wp:term":[{"taxonomy":"category","embeddable":true,"href":"https:\/\/serveiseducatius.xtec.cat\/alturgell\/wp-json\/wp\/v2\/categories?post=15138"},{"taxonomy":"post_tag","embeddable":true,"href":"https:\/\/serveiseducatius.xtec.cat\/alturgell\/wp-json\/wp\/v2\/tags?post=15138"}],"curies":[{"name":"wp","href":"https:\/\/api.w.org\/{rel}","templated":true}]}}