{"id":15117,"date":"2023-04-17T16:44:38","date_gmt":"2023-04-17T14:44:38","guid":{"rendered":"https:\/\/serveiseducatius.xtec.cat\/alturgell\/?p=15117"},"modified":"2023-04-21T13:56:11","modified_gmt":"2023-04-21T11:56:11","slug":"ii-dimatpirineus-a-la-seu-durgell","status":"publish","type":"post","link":"https:\/\/serveiseducatius.xtec.cat\/alturgell\/portada\/ii-dimatpirineus-a-la-seu-durgell\/","title":{"rendered":"II DiMaTPirineus a la Seu d&#8217;Urgell"},"content":{"rendered":"<p>El dissabte 15 d&#8217;abril va tenir lloc la <strong>segona edici\u00f3 del<\/strong><a href=\"http:\/\/www.dimatpirineus.cat\/\"><strong> Dissabte Matem\u00e0tic Transfronterer dels Pirineus<\/strong><\/a> amb la participaci\u00f3 de 40 alumnes i una vintena de professors de la Seu d&#8217;Urgell, Puigcerd\u00e0, Berga, Cervera, Font Romeu (Fran\u00e7a) i Andorra.<\/p>\n<p>La jornada consta de xerrades i tallers de diferents temes matem\u00e0tics aplicats a altres disciplines per a alumnat de batxillerat i professorat de secund\u00e0ria. L&#8217;objectiu de l&#8217;activitat \u00e9s mostrar la transversalitat de les matem\u00e0tiques i alguns dels reptes o l\u00ednies d&#8217;investigaci\u00f3 actuals als joves que encara han de triar estudis universitaris. Tanmateix s&#8217;ofereix l&#8217;oportunitat de gaudir d&#8217;aquests tipus de xerrades -tan nombroses a Barcelona- al professorat del territori.<\/p>\n<p>Els tallers per als alumnes tenen format de concurs i participen per parelles. Enguany els premis han estat per a:<\/p>\n<table dir=\"ltr\" style=\"width: 68.6984%; height: 270px;\" border=\"1\" cellspacing=\"0\" cellpadding=\"0\">\n<colgroup>\n<col width=\"230\" \/>\n<col width=\"218\" \/>\n<col width=\"133\" \/><\/colgroup>\n<tbody>\n<tr>\n<td style=\"width: 39.4935%;\" data-sheets-value=\"{&quot;1&quot;:2,&quot;2&quot;:&quot;Taller&quot;}\"><strong>Taller<\/strong><\/td>\n<td style=\"width: 15.6057%;\" data-sheets-value=\"{&quot;1&quot;:2,&quot;2&quot;:&quot;Alumnes&quot;}\"><strong>Alumnes<\/strong><\/td>\n<td style=\"width: 14.5791%;\" data-sheets-value=\"{&quot;1&quot;:2,&quot;2&quot;:&quot;Centre&quot;}\"><strong>Centre<\/strong><\/td>\n<\/tr>\n<tr>\n<td style=\"width: 39.4935%;\" colspan=\"1\" rowspan=\"2\" data-sheets-value=\"{&quot;1&quot;:2,&quot;2&quot;:&quot;Fractals: models matem\u00e0tics de la natura&quot;}\">\n<div>Fractals: models matem\u00e0tics de la natura<\/div>\n<\/td>\n<td style=\"width: 15.6057%;\" data-sheets-value=\"{&quot;1&quot;:2,&quot;2&quot;:&quot;Berta Homs i Arnau Balasch&quot;}\">Berta Homs i Arnau Balasch<\/td>\n<td style=\"width: 14.5791%;\" data-sheets-value=\"{&quot;1&quot;:2,&quot;2&quot;:&quot;INS Joan Brudieu&quot;}\">INS Joan Brudieu<\/td>\n<\/tr>\n<tr>\n<td style=\"width: 15.6057%;\" data-sheets-value=\"{&quot;1&quot;:2,&quot;2&quot;:&quot;Nerea Pereiro i Andr\u00e9s Rodr\u00edguez&quot;}\">Nerea Pereiro i Andr\u00e9s Rodr\u00edguez<\/td>\n<td style=\"width: 14.5791%;\" data-sheets-value=\"{&quot;1&quot;:2,&quot;2&quot;:&quot;Escola Andorrana&quot;}\">Escola Andorrana<\/td>\n<\/tr>\n<tr>\n<td style=\"width: 39.4935%;\" colspan=\"1\" rowspan=\"2\" data-sheets-value=\"{&quot;1&quot;:2,&quot;2&quot;:&quot;Tot l'atzar del m\u00f3n (i el seu control) est\u00e0 en les successions de cares i creus&quot;}\">\n<div>Tot l&#8217;atzar del m\u00f3n (i el seu control) est\u00e0 en les successions de cares i creus<\/div>\n<\/td>\n<td style=\"width: 15.6057%;\" data-sheets-value=\"{&quot;1&quot;:2,&quot;2&quot;:&quot;Mar Borges i M\u00f2nica Sol\u00e9&quot;}\">Mar Borges i M\u00f2nica Sol\u00e9<\/td>\n<td style=\"width: 14.5791%;\" data-sheets-value=\"{&quot;1&quot;:2,&quot;2&quot;:&quot;INS Joan Brudieu&quot;}\">INS Joan Brudieu<\/td>\n<\/tr>\n<tr>\n<td style=\"width: 15.6057%;\" data-sheets-value=\"{&quot;1&quot;:2,&quot;2&quot;:&quot;Aleix Balagu\u00e9 i Francesc Canillo&quot;}\">Aleix Balagu\u00e9 i Francesc Canillo<\/td>\n<td style=\"width: 14.5791%;\" data-sheets-value=\"{&quot;1&quot;:2,&quot;2&quot;:&quot;INS Joan Brudieu&quot;}\">INS Joan Brudieu<\/td>\n<\/tr>\n<tr>\n<td style=\"width: 39.4935%;\" colspan=\"1\" rowspan=\"2\" data-sheets-value=\"{&quot;1&quot;:2,&quot;2&quot;:&quot;Algunes aplicacions de l'\u00e0lgebra abstracta&quot;}\">\n<div>Algunes aplicacions de l&#8217;\u00e0lgebra abstracta<\/div>\n<\/td>\n<td style=\"width: 15.6057%;\" data-sheets-value=\"{&quot;1&quot;:2,&quot;2&quot;:&quot;Jordi Zan\u00f3n i Bernat Camps&quot;}\">Jordi Zan\u00f3n i Bernat Camps<\/td>\n<td style=\"width: 14.5791%;\" data-sheets-value=\"{&quot;1&quot;:2,&quot;2&quot;:&quot;Escola Andorrana&quot;}\">Escola Andorrana<\/td>\n<\/tr>\n<tr>\n<td style=\"width: 15.6057%;\" data-sheets-value=\"{&quot;1&quot;:2,&quot;2&quot;:&quot;Cerni Roig i Biel Bosch&quot;}\">Cerni Roig i Biel Bosch<\/td>\n<td style=\"width: 14.5791%;\" data-sheets-value=\"{&quot;1&quot;:2,&quot;2&quot;:&quot;Escola Andorrana&quot;}\">Escola Andorrana<\/td>\n<\/tr>\n<\/tbody>\n<\/table>\n<p>Aquesta activitat compta amb el finan\u00e7ament d&#8217;IDAPA, Govern d&#8217;Andorra i Servei Educatiu de l&#8217;Alt Urgell, amb la coordinaci\u00f3 de la Fundaci\u00f3 Ferran Sunyer i Balaguer i el suport de l&#8217;Institut d&#8217;Estudis Catalans.<\/p>\n<p>L&#8217;activitat ha estat difosa per mitjans del territori com <strong><span style=\"text-decoration: underline;\"><a href=\"https:\/\/pirineusdigital.cat\/2023\/04\/15\/una-quarantena-de-joves-han-participat-al-dimatpirineus-2023-celebrat-a-la-seu-durgell\/\">Pirineus Digital<\/a><\/span> <span style=\"text-decoration: underline;\">,<\/span> <span style=\"text-decoration: underline;\"><a href=\"https:\/\/pirineustv.cat\/una-quarantena-de-joves-participen-al-dissabte-matematic-transfronterer-dels-pirineus\">Pirineus TV<\/a><\/span> <\/strong>i <strong><span style=\"text-decoration: underline;\"><a href=\"https:\/\/www.radioseu.cat\/noticies\/linstitut-joan-brudieu-acull-el-dimatpirineus-2023\">R\u00e0dioSeu<\/a><\/span><\/strong>.<\/p>\n<p>En el <strong><a href=\"https:\/\/drive.google.com\/file\/d\/1uKatUQRNQ1Fw2Q6oz3zM3lxl6jwfwpMT\/view?usp=sharing\">v\u00eddeo<\/a> <\/strong>es mostren diferents moments de la jornada:<\/p>\n<p><a href=\"https:\/\/drive.google.com\/file\/d\/1uKatUQRNQ1Fw2Q6oz3zM3lxl6jwfwpMT\/view?usp=sharing\"><img loading=\"lazy\" decoding=\"async\" class=\"alignnone size-full wp-image-15118\" src=\"https:\/\/serveiseducatius.xtec.cat\/alturgell\/wp-content\/uploads\/usu770\/2023\/04\/17-4-2023-16.4.36-1-e1681742542836.jpg\" alt=\"\" width=\"640\" height=\"364\" \/><\/a><\/p>\n<p>&nbsp;<\/p>\n","protected":false},"excerpt":{"rendered":"<p>El dissabte 15 d&#8217;abril va tenir lloc la segona edici\u00f3 del Dissabte Matem\u00e0tic Transfronterer dels Pirineus amb la participaci\u00f3 de 40 alumnes i una vintena de professors de la Seu d&#8217;Urgell, Puigcerd\u00e0, Berga, Cervera, Font Romeu (Fran\u00e7a) i Andorra. La jornada consta de xerrades i tallers de diferents temes matem\u00e0tics aplicats a altres disciplines per [&hellip;]<\/p>\n","protected":false},"author":1,"featured_media":15120,"comment_status":"open","ping_status":"closed","sticky":false,"template":"","format":"standard","meta":{"_bbp_topic_count":0,"_bbp_reply_count":0,"_bbp_total_topic_count":0,"_bbp_total_reply_count":0,"_bbp_voice_count":0,"_bbp_anonymous_reply_count":0,"_bbp_topic_count_hidden":0,"_bbp_reply_count_hidden":0,"_bbp_forum_subforum_count":0,"site-sidebar-layout":"default","site-content-layout":"","ast-site-content-layout":"","site-content-style":"default","site-sidebar-style":"default","ast-global-header-display":"","ast-banner-title-visibility":"","ast-main-header-display":"","ast-hfb-above-header-display":"","ast-hfb-below-header-display":"","ast-hfb-mobile-header-display":"","site-post-title":"","ast-breadcrumbs-content":"","ast-featured-img":"","footer-sml-layout":"","theme-transparent-header-meta":"","adv-header-id-meta":"","stick-header-meta":"","header-above-stick-meta":"","header-main-stick-meta":"","header-below-stick-meta":"","astra-migrate-meta-layouts":"default","ast-page-background-enabled":"default","ast-page-background-meta":{"desktop":{"background-color":"var(--ast-global-color-4)","background-image":"","background-repeat":"repeat","background-position":"center center","background-size":"auto","background-attachment":"scroll","background-type":"","background-media":"","overlay-type":"","overlay-color":"","overlay-opacity":"","overlay-gradient":""},"tablet":{"background-color":"","background-image":"","background-repeat":"repeat","background-position":"center center","background-size":"auto","background-attachment":"scroll","background-type":"","background-media":"","overlay-type":"","overlay-color":"","overlay-opacity":"","overlay-gradient":""},"mobile":{"background-color":"","background-image":"","background-repeat":"repeat","background-position":"center center","background-size":"auto","background-attachment":"scroll","background-type":"","background-media":"","overlay-type":"","overlay-color":"","overlay-opacity":"","overlay-gradient":""}},"ast-content-background-meta":{"desktop":{"background-color":"var(--ast-global-color-5)","background-image":"","background-repeat":"repeat","background-position":"center center","background-size":"auto","background-attachment":"scroll","background-type":"","background-media":"","overlay-type":"","overlay-color":"","overlay-opacity":"","overlay-gradient":""},"tablet":{"background-color":"var(--ast-global-color-5)","background-image":"","background-repeat":"repeat","background-position":"center center","background-size":"auto","background-attachment":"scroll","background-type":"","background-media":"","overlay-type":"","overlay-color":"","overlay-opacity":"","overlay-gradient":""},"mobile":{"background-color":"var(--ast-global-color-5)","background-image":"","background-repeat":"repeat","background-position":"center center","background-size":"auto","background-attachment":"scroll","background-type":"","background-media":"","overlay-type":"","overlay-color":"","overlay-opacity":"","overlay-gradient":""}},"footnotes":""},"categories":[186,175,29],"tags":[],"class_list":["post-15117","post","type-post","status-publish","format-standard","has-post-thumbnail","hentry","category-espai-matematic","category-formacio","category-portada"],"post_mailing_queue_ids":[],"_links":{"self":[{"href":"https:\/\/serveiseducatius.xtec.cat\/alturgell\/wp-json\/wp\/v2\/posts\/15117","targetHints":{"allow":["GET"]}}],"collection":[{"href":"https:\/\/serveiseducatius.xtec.cat\/alturgell\/wp-json\/wp\/v2\/posts"}],"about":[{"href":"https:\/\/serveiseducatius.xtec.cat\/alturgell\/wp-json\/wp\/v2\/types\/post"}],"author":[{"embeddable":true,"href":"https:\/\/serveiseducatius.xtec.cat\/alturgell\/wp-json\/wp\/v2\/users\/1"}],"replies":[{"embeddable":true,"href":"https:\/\/serveiseducatius.xtec.cat\/alturgell\/wp-json\/wp\/v2\/comments?post=15117"}],"version-history":[{"count":3,"href":"https:\/\/serveiseducatius.xtec.cat\/alturgell\/wp-json\/wp\/v2\/posts\/15117\/revisions"}],"predecessor-version":[{"id":15129,"href":"https:\/\/serveiseducatius.xtec.cat\/alturgell\/wp-json\/wp\/v2\/posts\/15117\/revisions\/15129"}],"wp:featuredmedia":[{"embeddable":true,"href":"https:\/\/serveiseducatius.xtec.cat\/alturgell\/wp-json\/wp\/v2\/media\/15120"}],"wp:attachment":[{"href":"https:\/\/serveiseducatius.xtec.cat\/alturgell\/wp-json\/wp\/v2\/media?parent=15117"}],"wp:term":[{"taxonomy":"category","embeddable":true,"href":"https:\/\/serveiseducatius.xtec.cat\/alturgell\/wp-json\/wp\/v2\/categories?post=15117"},{"taxonomy":"post_tag","embeddable":true,"href":"https:\/\/serveiseducatius.xtec.cat\/alturgell\/wp-json\/wp\/v2\/tags?post=15117"}],"curies":[{"name":"wp","href":"https:\/\/api.w.org\/{rel}","templated":true}]}}