{"id":15067,"date":"2023-03-30T13:38:28","date_gmt":"2023-03-30T11:38:28","guid":{"rendered":"https:\/\/serveiseducatius.xtec.cat\/alturgell\/?p=15067"},"modified":"2023-04-24T13:29:31","modified_gmt":"2023-04-24T11:29:31","slug":"la-veu-del-centres-dona-i-ciencia","status":"publish","type":"post","link":"https:\/\/serveiseducatius.xtec.cat\/alturgell\/portada\/la-veu-del-centres-dona-i-ciencia\/","title":{"rendered":"La Veu dels centres: Dona i ci\u00e8ncia"},"content":{"rendered":"<p>El dijous<strong> 20 d&#8217;abril<\/strong> el tercer programa de la<a href=\"https:\/\/www.alacarta.radioseu.cat\/programs\/laveudelscentres\"><strong> Veu dels centres<\/strong><\/a> tractar\u00e0 el tema <strong>\u201cDona i ci\u00e8ncia\u201d<\/strong>. En aquesta ocasi\u00f3 participar\u00e0 alumnat i professores d&#8217;ESO i Batxillerat del <strong>Col\u00b7legi la Salle<\/strong>,<strong> l&#8217;Institut Joan Brudieu i l&#8217;Institut la Valira<\/strong> de la Seu d&#8217;Urgell, a m\u00e9s de la Teresa Solans, cient\u00edfica que va ofereix xerrades en aquests centres amb ocasi\u00f3 del Dia Internacional de les Dones i les Nenes en la Ci\u00e8ncia.<\/p>\n<p>Amb aquesta tem\u00e0tica es vol ajudar a crear i divulgar rols i models femenins de refer\u00e8ncia en els \u00e0mbits de les ci\u00e8ncies i les enginyeries i promoure bones pr\u00e0ctiques que portin a la igualtat de g\u00e8nere en el sector, a m\u00e9s de donar una major visibilitat al paper estrat\u00e8gic de les cient\u00edfiques al nostre pa\u00eds.<\/p>\n<p>&nbsp;<\/p>\n<div class=\"et_pb_module et_pb_text et_pb_text_2 et_pb_text_align_left et_pb_bg_layout_light\">\n<pre>Imatges de les xerrades sobre aquest tema organitzades pel CRP als tres centres participants en el programa de r\u00e0dio.\r\n\r\n<\/pre>\n<table style=\"border-collapse: collapse; width: 44.5491%;\">\n<tbody>\n<tr>\n<td style=\"width: 100%;\"><img loading=\"lazy\" decoding=\"async\" class=\"alignnone wp-image-15070\" src=\"https:\/\/serveiseducatius.xtec.cat\/alturgell\/wp-content\/uploads\/usu770\/2023\/03\/20230210_090221-e1680175986751.jpg\" alt=\"\" width=\"649\" height=\"292\" \/><\/td>\n<\/tr>\n<tr>\n<td style=\"width: 100%;\"><img loading=\"lazy\" decoding=\"async\" class=\"alignnone wp-image-15068\" src=\"https:\/\/serveiseducatius.xtec.cat\/alturgell\/wp-content\/uploads\/usu770\/2023\/03\/20230210_134733-e1680175973486.jpg\" alt=\"\" width=\"649\" height=\"292\" \/><\/td>\n<\/tr>\n<tr>\n<td style=\"width: 100%;\"><img loading=\"lazy\" decoding=\"async\" class=\"alignnone wp-image-15069\" src=\"https:\/\/serveiseducatius.xtec.cat\/alturgell\/wp-content\/uploads\/usu770\/2023\/03\/20230210_121000-e1680175998354.jpg\" alt=\"\" width=\"649\" height=\"292\" \/><\/td>\n<\/tr>\n<\/tbody>\n<\/table>\n<\/div>\n<p>&nbsp;<\/p>\n<p>&nbsp;<\/p>\n<p>&nbsp;<\/p>\n<p>&nbsp;<\/p>\n","protected":false},"excerpt":{"rendered":"<p>El dijous 20 d&#8217;abril el tercer programa de la Veu dels centres tractar\u00e0 el tema \u201cDona i ci\u00e8ncia\u201d. En aquesta ocasi\u00f3 participar\u00e0 alumnat i professores d&#8217;ESO i Batxillerat del Col\u00b7legi la Salle, l&#8217;Institut Joan Brudieu i l&#8217;Institut la Valira de la Seu d&#8217;Urgell, a m\u00e9s de la Teresa Solans, cient\u00edfica que va ofereix xerrades en [&hellip;]<\/p>\n","protected":false},"author":1,"featured_media":15073,"comment_status":"open","ping_status":"closed","sticky":false,"template":"","format":"standard","meta":{"_bbp_topic_count":0,"_bbp_reply_count":0,"_bbp_total_topic_count":0,"_bbp_total_reply_count":0,"_bbp_voice_count":0,"_bbp_anonymous_reply_count":0,"_bbp_topic_count_hidden":0,"_bbp_reply_count_hidden":0,"_bbp_forum_subforum_count":0,"site-sidebar-layout":"default","site-content-layout":"","ast-site-content-layout":"","site-content-style":"default","site-sidebar-style":"default","ast-global-header-display":"","ast-banner-title-visibility":"","ast-main-header-display":"","ast-hfb-above-header-display":"","ast-hfb-below-header-display":"","ast-hfb-mobile-header-display":"","site-post-title":"","ast-breadcrumbs-content":"","ast-featured-img":"","footer-sml-layout":"","theme-transparent-header-meta":"","adv-header-id-meta":"","stick-header-meta":"","header-above-stick-meta":"","header-main-stick-meta":"","header-below-stick-meta":"","astra-migrate-meta-layouts":"default","ast-page-background-enabled":"default","ast-page-background-meta":{"desktop":{"background-color":"var(--ast-global-color-4)","background-image":"","background-repeat":"repeat","background-position":"center center","background-size":"auto","background-attachment":"scroll","background-type":"","background-media":"","overlay-type":"","overlay-color":"","overlay-opacity":"","overlay-gradient":""},"tablet":{"background-color":"","background-image":"","background-repeat":"repeat","background-position":"center center","background-size":"auto","background-attachment":"scroll","background-type":"","background-media":"","overlay-type":"","overlay-color":"","overlay-opacity":"","overlay-gradient":""},"mobile":{"background-color":"","background-image":"","background-repeat":"repeat","background-position":"center center","background-size":"auto","background-attachment":"scroll","background-type":"","background-media":"","overlay-type":"","overlay-color":"","overlay-opacity":"","overlay-gradient":""}},"ast-content-background-meta":{"desktop":{"background-color":"var(--ast-global-color-5)","background-image":"","background-repeat":"repeat","background-position":"center center","background-size":"auto","background-attachment":"scroll","background-type":"","background-media":"","overlay-type":"","overlay-color":"","overlay-opacity":"","overlay-gradient":""},"tablet":{"background-color":"var(--ast-global-color-5)","background-image":"","background-repeat":"repeat","background-position":"center center","background-size":"auto","background-attachment":"scroll","background-type":"","background-media":"","overlay-type":"","overlay-color":"","overlay-opacity":"","overlay-gradient":""},"mobile":{"background-color":"var(--ast-global-color-5)","background-image":"","background-repeat":"repeat","background-position":"center center","background-size":"auto","background-attachment":"scroll","background-type":"","background-media":"","overlay-type":"","overlay-color":"","overlay-opacity":"","overlay-gradient":""}},"footnotes":""},"categories":[65,252,29],"tags":[],"class_list":["post-15067","post","type-post","status-publish","format-standard","has-post-thumbnail","hentry","category-crp","category-la-veu-dels-centres","category-portada"],"post_mailing_queue_ids":[],"_links":{"self":[{"href":"https:\/\/serveiseducatius.xtec.cat\/alturgell\/wp-json\/wp\/v2\/posts\/15067","targetHints":{"allow":["GET"]}}],"collection":[{"href":"https:\/\/serveiseducatius.xtec.cat\/alturgell\/wp-json\/wp\/v2\/posts"}],"about":[{"href":"https:\/\/serveiseducatius.xtec.cat\/alturgell\/wp-json\/wp\/v2\/types\/post"}],"author":[{"embeddable":true,"href":"https:\/\/serveiseducatius.xtec.cat\/alturgell\/wp-json\/wp\/v2\/users\/1"}],"replies":[{"embeddable":true,"href":"https:\/\/serveiseducatius.xtec.cat\/alturgell\/wp-json\/wp\/v2\/comments?post=15067"}],"version-history":[{"count":3,"href":"https:\/\/serveiseducatius.xtec.cat\/alturgell\/wp-json\/wp\/v2\/posts\/15067\/revisions"}],"predecessor-version":[{"id":15134,"href":"https:\/\/serveiseducatius.xtec.cat\/alturgell\/wp-json\/wp\/v2\/posts\/15067\/revisions\/15134"}],"wp:featuredmedia":[{"embeddable":true,"href":"https:\/\/serveiseducatius.xtec.cat\/alturgell\/wp-json\/wp\/v2\/media\/15073"}],"wp:attachment":[{"href":"https:\/\/serveiseducatius.xtec.cat\/alturgell\/wp-json\/wp\/v2\/media?parent=15067"}],"wp:term":[{"taxonomy":"category","embeddable":true,"href":"https:\/\/serveiseducatius.xtec.cat\/alturgell\/wp-json\/wp\/v2\/categories?post=15067"},{"taxonomy":"post_tag","embeddable":true,"href":"https:\/\/serveiseducatius.xtec.cat\/alturgell\/wp-json\/wp\/v2\/tags?post=15067"}],"curies":[{"name":"wp","href":"https:\/\/api.w.org\/{rel}","templated":true}]}}