{"id":14904,"date":"2023-03-13T12:32:24","date_gmt":"2023-03-13T11:32:24","guid":{"rendered":"https:\/\/serveiseducatius.xtec.cat\/alturgell\/?p=14904"},"modified":"2023-04-11T10:59:05","modified_gmt":"2023-04-11T08:59:05","slug":"guanyadors-es-concurs-dictat-plurilingue-2023","status":"publish","type":"post","link":"https:\/\/serveiseducatius.xtec.cat\/alturgell\/portada\/guanyadors-es-concurs-dictat-plurilingue-2023\/","title":{"rendered":"Guanyadors\/es concurs Dictat pluriling\u00fce 2023"},"content":{"rendered":"<p>El concurs de dictats pluriling\u00fces, per a alumnes de 1r, 2n i 3r d\u2019ESO de l\u2019Alt Urgell, d&#8217;aquest any ja t\u00e9 guanyadors i guanyadores. L&#8217;entrega de premis es realitzar\u00e0 el <strong>dia 30 de mar\u00e7 a les 19h<\/strong> a la sala d&#8217;actes del <strong>Consell Comarcal de la Seu d&#8217;Urgell.<\/strong><\/p>\n<p>Des de l&#8217;organitzaci\u00f3 felicitem les parelles guanyadores i agra\u00efm als centres de secund\u00e0ria el seu inter\u00e8s a continuar participant un curs m\u00e9s en aquesta proposta.<\/p>\n<p>L\u2019activitat \u00e9s organitzada conjuntament pel CRP Alt Urgell-Cerdanya, l\u2019Escola Oficial d\u2019Idiomes de la Seu d\u2019Urgell, el Consell Comarcal de l\u2019Alt Urgell, l\u2019Ajuntament de la Seu d\u2019Urgell i l\u2019Associaci\u00f3 Llibre del Pirineu.<\/p>\n<p><img loading=\"lazy\" decoding=\"async\" class=\"alignnone size-full wp-image-14905\" src=\"https:\/\/serveiseducatius.xtec.cat\/alturgell\/wp-content\/uploads\/usu770\/2023\/03\/13-3-2023-12.3.26-1.jpg\" alt=\"\" width=\"1128\" height=\"778\" srcset=\"https:\/\/serveiseducatius.xtec.cat\/alturgell\/wp-content\/uploads\/usu770\/2023\/03\/13-3-2023-12.3.26-1.jpg 1128w, https:\/\/serveiseducatius.xtec.cat\/alturgell\/wp-content\/uploads\/usu770\/2023\/03\/13-3-2023-12.3.26-1-300x207.jpg 300w, https:\/\/serveiseducatius.xtec.cat\/alturgell\/wp-content\/uploads\/usu770\/2023\/03\/13-3-2023-12.3.26-1-1024x706.jpg 1024w, https:\/\/serveiseducatius.xtec.cat\/alturgell\/wp-content\/uploads\/usu770\/2023\/03\/13-3-2023-12.3.26-1-768x530.jpg 768w\" sizes=\"auto, (max-width: 1128px) 100vw, 1128px\" \/><\/p>\n<p><b>\u00a0<\/b><\/p>\n","protected":false},"excerpt":{"rendered":"<p>El concurs de dictats pluriling\u00fces, per a alumnes de 1r, 2n i 3r d\u2019ESO de l\u2019Alt Urgell, d&#8217;aquest any ja t\u00e9 guanyadors i guanyadores. L&#8217;entrega de premis es realitzar\u00e0 el dia 30 de mar\u00e7 a les 19h a la sala d&#8217;actes del Consell Comarcal de la Seu d&#8217;Urgell. Des de l&#8217;organitzaci\u00f3 felicitem les parelles guanyadores [&hellip;]<\/p>\n","protected":false},"author":1,"featured_media":14906,"comment_status":"open","ping_status":"closed","sticky":false,"template":"","format":"standard","meta":{"_bbp_topic_count":0,"_bbp_reply_count":0,"_bbp_total_topic_count":0,"_bbp_total_reply_count":0,"_bbp_voice_count":0,"_bbp_anonymous_reply_count":0,"_bbp_topic_count_hidden":0,"_bbp_reply_count_hidden":0,"_bbp_forum_subforum_count":0,"site-sidebar-layout":"default","site-content-layout":"","ast-site-content-layout":"","site-content-style":"default","site-sidebar-style":"default","ast-global-header-display":"","ast-banner-title-visibility":"","ast-main-header-display":"","ast-hfb-above-header-display":"","ast-hfb-below-header-display":"","ast-hfb-mobile-header-display":"","site-post-title":"","ast-breadcrumbs-content":"","ast-featured-img":"","footer-sml-layout":"","theme-transparent-header-meta":"","adv-header-id-meta":"","stick-header-meta":"","header-above-stick-meta":"","header-main-stick-meta":"","header-below-stick-meta":"","astra-migrate-meta-layouts":"default","ast-page-background-enabled":"default","ast-page-background-meta":{"desktop":{"background-color":"var(--ast-global-color-4)","background-image":"","background-repeat":"repeat","background-position":"center center","background-size":"auto","background-attachment":"scroll","background-type":"","background-media":"","overlay-type":"","overlay-color":"","overlay-opacity":"","overlay-gradient":""},"tablet":{"background-color":"","background-image":"","background-repeat":"repeat","background-position":"center center","background-size":"auto","background-attachment":"scroll","background-type":"","background-media":"","overlay-type":"","overlay-color":"","overlay-opacity":"","overlay-gradient":""},"mobile":{"background-color":"","background-image":"","background-repeat":"repeat","background-position":"center center","background-size":"auto","background-attachment":"scroll","background-type":"","background-media":"","overlay-type":"","overlay-color":"","overlay-opacity":"","overlay-gradient":""}},"ast-content-background-meta":{"desktop":{"background-color":"var(--ast-global-color-5)","background-image":"","background-repeat":"repeat","background-position":"center center","background-size":"auto","background-attachment":"scroll","background-type":"","background-media":"","overlay-type":"","overlay-color":"","overlay-opacity":"","overlay-gradient":""},"tablet":{"background-color":"var(--ast-global-color-5)","background-image":"","background-repeat":"repeat","background-position":"center center","background-size":"auto","background-attachment":"scroll","background-type":"","background-media":"","overlay-type":"","overlay-color":"","overlay-opacity":"","overlay-gradient":""},"mobile":{"background-color":"var(--ast-global-color-5)","background-image":"","background-repeat":"repeat","background-position":"center center","background-size":"auto","background-attachment":"scroll","background-type":"","background-media":"","overlay-type":"","overlay-color":"","overlay-opacity":"","overlay-gradient":""}},"footnotes":""},"categories":[180,65,29],"tags":[],"class_list":["post-14904","post","type-post","status-publish","format-standard","has-post-thumbnail","hentry","category-xerrades","category-crp","category-portada"],"post_mailing_queue_ids":[],"_links":{"self":[{"href":"https:\/\/serveiseducatius.xtec.cat\/alturgell\/wp-json\/wp\/v2\/posts\/14904","targetHints":{"allow":["GET"]}}],"collection":[{"href":"https:\/\/serveiseducatius.xtec.cat\/alturgell\/wp-json\/wp\/v2\/posts"}],"about":[{"href":"https:\/\/serveiseducatius.xtec.cat\/alturgell\/wp-json\/wp\/v2\/types\/post"}],"author":[{"embeddable":true,"href":"https:\/\/serveiseducatius.xtec.cat\/alturgell\/wp-json\/wp\/v2\/users\/1"}],"replies":[{"embeddable":true,"href":"https:\/\/serveiseducatius.xtec.cat\/alturgell\/wp-json\/wp\/v2\/comments?post=14904"}],"version-history":[{"count":1,"href":"https:\/\/serveiseducatius.xtec.cat\/alturgell\/wp-json\/wp\/v2\/posts\/14904\/revisions"}],"predecessor-version":[{"id":14907,"href":"https:\/\/serveiseducatius.xtec.cat\/alturgell\/wp-json\/wp\/v2\/posts\/14904\/revisions\/14907"}],"wp:featuredmedia":[{"embeddable":true,"href":"https:\/\/serveiseducatius.xtec.cat\/alturgell\/wp-json\/wp\/v2\/media\/14906"}],"wp:attachment":[{"href":"https:\/\/serveiseducatius.xtec.cat\/alturgell\/wp-json\/wp\/v2\/media?parent=14904"}],"wp:term":[{"taxonomy":"category","embeddable":true,"href":"https:\/\/serveiseducatius.xtec.cat\/alturgell\/wp-json\/wp\/v2\/categories?post=14904"},{"taxonomy":"post_tag","embeddable":true,"href":"https:\/\/serveiseducatius.xtec.cat\/alturgell\/wp-json\/wp\/v2\/tags?post=14904"}],"curies":[{"name":"wp","href":"https:\/\/api.w.org\/{rel}","templated":true}]}}