{"id":1451,"date":"2017-06-12T11:55:07","date_gmt":"2017-06-12T09:55:07","guid":{"rendered":"http:\/\/serveiseducatius.xtec.cat\/alturgell\/?p=1451"},"modified":"2017-09-13T12:13:20","modified_gmt":"2017-09-13T10:13:20","slug":"lliurament-premis-coac-del-concurs-de-fotografia-arquitectura-i-urbanisme","status":"publish","type":"post","link":"https:\/\/serveiseducatius.xtec.cat\/alturgell\/portada\/lliurament-premis-coac-del-concurs-de-fotografia-arquitectura-i-urbanisme\/","title":{"rendered":"Lliurament premis COAC del concurs de fotografia \u201cArquitectura i urbanisme\u201d"},"content":{"rendered":"<p>El dijous 8 de Juny es va fer el lliurament dels premis del concurs de fotografia \u201cArquitectura i Urbanisme \u201d organitzats per la delegaci\u00f3 del Pirineu del Col-legi d\u2019Arquitectes de Catalunya\u00a0 en col.laboraci\u00f3 amb el Servei educatiu.<\/p>\n<p>Aquesta activitat est\u00e0 adre\u00e7ada a l&#8217;alumnat de primer i segon de Batxillerat Art\u00edstic de l&#8217;Institut Juan Brudieu.<\/p>\n<p>Els alumnes premiats han estat :<\/p>\n<ul>\n<li>1r premi : Patry Rainho \u201cOportunitats\u201d<\/li>\n<li>2n premi : Arnau Valero \u201cTruca i t\u2019obro\u201d<\/li>\n<li>3r premi : Adriana Rodriguez \u201d L\u2019emprempta del pas del temp<\/li>\n<li><img loading=\"lazy\" decoding=\"async\" class=\"alignnone size-full wp-image-1452\" src=\"http:\/\/serveiseducatius.xtec.cat\/alturgell\/wp-content\/uploads\/usu770\/2017\/09\/13-9-2017-12.9.40-2.jpg\" alt=\"\" width=\"685\" height=\"444\" srcset=\"https:\/\/serveiseducatius.xtec.cat\/alturgell\/wp-content\/uploads\/usu770\/2017\/09\/13-9-2017-12.9.40-2.jpg 685w, https:\/\/serveiseducatius.xtec.cat\/alturgell\/wp-content\/uploads\/usu770\/2017\/09\/13-9-2017-12.9.40-2-300x194.jpg 300w\" sizes=\"auto, (max-width: 685px) 100vw, 685px\" \/>s\u201d<\/li>\n<\/ul>\n","protected":false},"excerpt":{"rendered":"<p>El dijous 8 de Juny es va fer el lliurament dels premis del concurs de fotografia \u201cArquitectura i Urbanisme \u201d organitzats per la delegaci\u00f3 del Pirineu del Col-legi d\u2019Arquitectes de Catalunya\u00a0 en col.laboraci\u00f3 amb el Servei educatiu. Aquesta activitat est\u00e0 adre\u00e7ada a l&#8217;alumnat de primer i segon de Batxillerat Art\u00edstic de l&#8217;Institut Juan Brudieu. Els [&hellip;]<\/p>\n","protected":false},"author":1,"featured_media":0,"comment_status":"open","ping_status":"closed","sticky":false,"template":"","format":"standard","meta":{"_bbp_topic_count":0,"_bbp_reply_count":0,"_bbp_total_topic_count":0,"_bbp_total_reply_count":0,"_bbp_voice_count":0,"_bbp_anonymous_reply_count":0,"_bbp_topic_count_hidden":0,"_bbp_reply_count_hidden":0,"_bbp_forum_subforum_count":0,"site-sidebar-layout":"default","site-content-layout":"","ast-site-content-layout":"","site-content-style":"default","site-sidebar-style":"default","ast-global-header-display":"","ast-banner-title-visibility":"","ast-main-header-display":"","ast-hfb-above-header-display":"","ast-hfb-below-header-display":"","ast-hfb-mobile-header-display":"","site-post-title":"","ast-breadcrumbs-content":"","ast-featured-img":"","footer-sml-layout":"","theme-transparent-header-meta":"","adv-header-id-meta":"","stick-header-meta":"","header-above-stick-meta":"","header-main-stick-meta":"","header-below-stick-meta":"","astra-migrate-meta-layouts":"default","ast-page-background-enabled":"default","ast-page-background-meta":{"desktop":{"background-color":"var(--ast-global-color-4)","background-image":"","background-repeat":"repeat","background-position":"center center","background-size":"auto","background-attachment":"scroll","background-type":"","background-media":"","overlay-type":"","overlay-color":"","overlay-opacity":"","overlay-gradient":""},"tablet":{"background-color":"","background-image":"","background-repeat":"repeat","background-position":"center center","background-size":"auto","background-attachment":"scroll","background-type":"","background-media":"","overlay-type":"","overlay-color":"","overlay-opacity":"","overlay-gradient":""},"mobile":{"background-color":"","background-image":"","background-repeat":"repeat","background-position":"center center","background-size":"auto","background-attachment":"scroll","background-type":"","background-media":"","overlay-type":"","overlay-color":"","overlay-opacity":"","overlay-gradient":""}},"ast-content-background-meta":{"desktop":{"background-color":"var(--ast-global-color-5)","background-image":"","background-repeat":"repeat","background-position":"center center","background-size":"auto","background-attachment":"scroll","background-type":"","background-media":"","overlay-type":"","overlay-color":"","overlay-opacity":"","overlay-gradient":""},"tablet":{"background-color":"var(--ast-global-color-5)","background-image":"","background-repeat":"repeat","background-position":"center center","background-size":"auto","background-attachment":"scroll","background-type":"","background-media":"","overlay-type":"","overlay-color":"","overlay-opacity":"","overlay-gradient":""},"mobile":{"background-color":"var(--ast-global-color-5)","background-image":"","background-repeat":"repeat","background-position":"center center","background-size":"auto","background-attachment":"scroll","background-type":"","background-media":"","overlay-type":"","overlay-color":"","overlay-opacity":"","overlay-gradient":""}},"footnotes":""},"categories":[66,29],"tags":[],"class_list":["post-1451","post","type-post","status-publish","format-standard","hentry","category-dinamitzacio","category-portada"],"post_mailing_queue_ids":[],"_links":{"self":[{"href":"https:\/\/serveiseducatius.xtec.cat\/alturgell\/wp-json\/wp\/v2\/posts\/1451","targetHints":{"allow":["GET"]}}],"collection":[{"href":"https:\/\/serveiseducatius.xtec.cat\/alturgell\/wp-json\/wp\/v2\/posts"}],"about":[{"href":"https:\/\/serveiseducatius.xtec.cat\/alturgell\/wp-json\/wp\/v2\/types\/post"}],"author":[{"embeddable":true,"href":"https:\/\/serveiseducatius.xtec.cat\/alturgell\/wp-json\/wp\/v2\/users\/1"}],"replies":[{"embeddable":true,"href":"https:\/\/serveiseducatius.xtec.cat\/alturgell\/wp-json\/wp\/v2\/comments?post=1451"}],"version-history":[{"count":1,"href":"https:\/\/serveiseducatius.xtec.cat\/alturgell\/wp-json\/wp\/v2\/posts\/1451\/revisions"}],"predecessor-version":[{"id":1453,"href":"https:\/\/serveiseducatius.xtec.cat\/alturgell\/wp-json\/wp\/v2\/posts\/1451\/revisions\/1453"}],"wp:attachment":[{"href":"https:\/\/serveiseducatius.xtec.cat\/alturgell\/wp-json\/wp\/v2\/media?parent=1451"}],"wp:term":[{"taxonomy":"category","embeddable":true,"href":"https:\/\/serveiseducatius.xtec.cat\/alturgell\/wp-json\/wp\/v2\/categories?post=1451"},{"taxonomy":"post_tag","embeddable":true,"href":"https:\/\/serveiseducatius.xtec.cat\/alturgell\/wp-json\/wp\/v2\/tags?post=1451"}],"curies":[{"name":"wp","href":"https:\/\/api.w.org\/{rel}","templated":true}]}}