{"id":13059,"date":"2021-10-21T16:34:48","date_gmt":"2021-10-21T14:34:48","guid":{"rendered":"https:\/\/serveiseducatius.xtec.cat\/alturgell\/?p=13059"},"modified":"2021-10-21T16:48:29","modified_gmt":"2021-10-21T14:48:29","slug":"projecte-misso-alba-per-a-cs","status":"publish","type":"post","link":"https:\/\/serveiseducatius.xtec.cat\/alturgell\/portada\/projecte-misso-alba-per-a-cs\/","title":{"rendered":"Projecte &#8220;Miss\u00f3 Alba&#8221; per a CS"},"content":{"rendered":"<p align=\"justify\"><strong><a href=\"https:\/\/www.missioalba.cat\/ca\" target=\"_blank\" rel=\"noopener noreferrer\" data-saferedirecturl=\"https:\/\/www.google.com\/url?q=https:\/\/www.missioalba.cat\/ca&amp;source=gmail&amp;ust=1602316770719000&amp;usg=AFQjCNFXuxkRd9cm4kONpsSunYGY6GyzPQ\">Missi\u00f3\u00a0ALBA<\/a><\/strong> \u00e9s un projecte educatiu de ci\u00e8ncia per 5\u00e8 i 6\u00e8 de prim\u00e0ria impulsat pel\u00a0Sincrotr\u00f3\u00a0ALBA, l\u2019\u00fanica font de llum de sincrotr\u00f3 d\u2019Espanya.<\/p>\n<p align=\"justify\">La missi\u00f3 es desenvolupa a trav\u00e9s d\u2019internet a <span lang=\"EN-GB\"><a href=\"https:\/\/www.missioalba.cat\/ca\/registre\" target=\"_blank\" rel=\"noopener noreferrer\" data-saferedirecturl=\"https:\/\/www.google.com\/url?q=https:\/\/www.missioalba.cat\/ca\/registre&amp;source=gmail&amp;ust=1602316770719000&amp;usg=AFQjCNE56bcs9zFISTxe28xBE_Msk3-1Mw\">www.missioalba.cat<\/a><\/span>, on el professorat es pot inscriure <strong>fins el 25 d\u2019octubre<\/strong> i la Missi\u00f3 comen\u00e7ar\u00e0 el mes de gener. Aquest any s\u2019ofereixen 500 places per a docents.<\/p>\n<p align=\"justify\">Els continguts de Missi\u00f3 ALBA estan relacionats amb la ci\u00e8ncia del Sincrotr\u00f3 i responen a les exig\u00e8ncies del curr\u00edculum oficial i inclouen una <a href=\"https:\/\/www.missioalba.cat\/ca\/guies-didactiques\" target=\"_blank\" rel=\"noopener noreferrer\" data-saferedirecturl=\"https:\/\/www.google.com\/url?q=https:\/\/www.missioalba.cat\/ca\/guies-didactiques&amp;source=gmail&amp;ust=1602316770719000&amp;usg=AFQjCNFkXnwp2HgeEVccTXWJs5e573SA4A\">guia did\u00e0ctica adaptada per a cada comunitat aut\u00f2noma<\/a>.<\/p>\n<p align=\"justify\">Hi ha dos reptes, \u201cFes visible l\u2019invisible\u201d i \u201cDescobreix el poder de la llum\u201d. El primer proposa 4 reptes relacionats amb la mat\u00e8ria, la for\u00e7a, l\u2019energia i la llum. El segon mostra les propietats de la llum i com aquesta ens serveix per veure-hi, per con\u00e8ixer les propietats dels materials, per crear solucions t\u00e8cniques a q\u00fcestions de la vida quotidiana o per fer art, fins i tot.<\/p>\n<div align=\"justify\">\n<p><a href=\"https:\/\/www.missioalba.cat\/ca\/com-funciona\" target=\"_blank\" rel=\"noopener noreferrer\" data-saferedirecturl=\"https:\/\/www.google.com\/url?q=https:\/\/www.missioalba.cat\/ca\/com-funciona&amp;source=gmail&amp;ust=1602316770719000&amp;usg=AFQjCNFbvi__UE8CXrcoPpgEmKwjng_WMA\"><img loading=\"lazy\" decoding=\"async\" class=\"alignnone wp-image-9632\" src=\"https:\/\/serveiseducatius.xtec.cat\/alturgell\/wp-content\/uploads\/usu770\/2019\/04\/flecha.gif\" alt=\"\" width=\"17\" height=\"19\" \/>\u00a0 M\u00e9s informaci\u00f3<\/a><\/p>\n<p><a href=\"https:\/\/www.missioalba.cat\/\"><img loading=\"lazy\" decoding=\"async\" class=\"wp-image-3845 alignleft\" src=\"https:\/\/serveiseducatius.xtec.cat\/castelldefels\/wp-content\/uploads\/usu4\/2020\/10\/Alba-1024x515.jpg\" sizes=\"auto, (max-width: 899px) 100vw, 899px\" srcset=\"https:\/\/serveiseducatius.xtec.cat\/castelldefels\/wp-content\/uploads\/usu4\/2020\/10\/Alba.jpg 1024w, https:\/\/serveiseducatius.xtec.cat\/castelldefels\/wp-content\/uploads\/usu4\/2020\/10\/Alba-300x151.jpg 300w, https:\/\/serveiseducatius.xtec.cat\/castelldefels\/wp-content\/uploads\/usu4\/2020\/10\/Alba-768x386.jpg 768w\" alt=\"\" width=\"796\" height=\"400\" \/><\/a><\/p>\n<\/div>\n","protected":false},"excerpt":{"rendered":"<p>Missi\u00f3\u00a0ALBA \u00e9s un projecte educatiu de ci\u00e8ncia per 5\u00e8 i 6\u00e8 de prim\u00e0ria impulsat pel\u00a0Sincrotr\u00f3\u00a0ALBA, l\u2019\u00fanica font de llum de sincrotr\u00f3 d\u2019Espanya. La missi\u00f3 es desenvolupa a trav\u00e9s d\u2019internet a www.missioalba.cat, on el professorat es pot inscriure fins el 25 d\u2019octubre i la Missi\u00f3 comen\u00e7ar\u00e0 el mes de gener. Aquest any s\u2019ofereixen 500 places per [&hellip;]<\/p>\n","protected":false},"author":1,"featured_media":13063,"comment_status":"open","ping_status":"closed","sticky":false,"template":"","format":"standard","meta":{"_bbp_topic_count":0,"_bbp_reply_count":0,"_bbp_total_topic_count":0,"_bbp_total_reply_count":0,"_bbp_voice_count":0,"_bbp_anonymous_reply_count":0,"_bbp_topic_count_hidden":0,"_bbp_reply_count_hidden":0,"_bbp_forum_subforum_count":0,"site-sidebar-layout":"default","site-content-layout":"","ast-site-content-layout":"","site-content-style":"default","site-sidebar-style":"default","ast-global-header-display":"","ast-banner-title-visibility":"","ast-main-header-display":"","ast-hfb-above-header-display":"","ast-hfb-below-header-display":"","ast-hfb-mobile-header-display":"","site-post-title":"","ast-breadcrumbs-content":"","ast-featured-img":"","footer-sml-layout":"","theme-transparent-header-meta":"","adv-header-id-meta":"","stick-header-meta":"","header-above-stick-meta":"","header-main-stick-meta":"","header-below-stick-meta":"","astra-migrate-meta-layouts":"default","ast-page-background-enabled":"default","ast-page-background-meta":{"desktop":{"background-color":"var(--ast-global-color-4)","background-image":"","background-repeat":"repeat","background-position":"center center","background-size":"auto","background-attachment":"scroll","background-type":"","background-media":"","overlay-type":"","overlay-color":"","overlay-opacity":"","overlay-gradient":""},"tablet":{"background-color":"","background-image":"","background-repeat":"repeat","background-position":"center center","background-size":"auto","background-attachment":"scroll","background-type":"","background-media":"","overlay-type":"","overlay-color":"","overlay-opacity":"","overlay-gradient":""},"mobile":{"background-color":"","background-image":"","background-repeat":"repeat","background-position":"center center","background-size":"auto","background-attachment":"scroll","background-type":"","background-media":"","overlay-type":"","overlay-color":"","overlay-opacity":"","overlay-gradient":""}},"ast-content-background-meta":{"desktop":{"background-color":"var(--ast-global-color-5)","background-image":"","background-repeat":"repeat","background-position":"center center","background-size":"auto","background-attachment":"scroll","background-type":"","background-media":"","overlay-type":"","overlay-color":"","overlay-opacity":"","overlay-gradient":""},"tablet":{"background-color":"var(--ast-global-color-5)","background-image":"","background-repeat":"repeat","background-position":"center center","background-size":"auto","background-attachment":"scroll","background-type":"","background-media":"","overlay-type":"","overlay-color":"","overlay-opacity":"","overlay-gradient":""},"mobile":{"background-color":"var(--ast-global-color-5)","background-image":"","background-repeat":"repeat","background-position":"center center","background-size":"auto","background-attachment":"scroll","background-type":"","background-media":"","overlay-type":"","overlay-color":"","overlay-opacity":"","overlay-gradient":""}},"footnotes":""},"categories":[29,76],"tags":[],"class_list":["post-13059","post","type-post","status-publish","format-standard","has-post-thumbnail","hentry","category-portada","category-recursos"],"post_mailing_queue_ids":[],"_links":{"self":[{"href":"https:\/\/serveiseducatius.xtec.cat\/alturgell\/wp-json\/wp\/v2\/posts\/13059","targetHints":{"allow":["GET"]}}],"collection":[{"href":"https:\/\/serveiseducatius.xtec.cat\/alturgell\/wp-json\/wp\/v2\/posts"}],"about":[{"href":"https:\/\/serveiseducatius.xtec.cat\/alturgell\/wp-json\/wp\/v2\/types\/post"}],"author":[{"embeddable":true,"href":"https:\/\/serveiseducatius.xtec.cat\/alturgell\/wp-json\/wp\/v2\/users\/1"}],"replies":[{"embeddable":true,"href":"https:\/\/serveiseducatius.xtec.cat\/alturgell\/wp-json\/wp\/v2\/comments?post=13059"}],"version-history":[{"count":1,"href":"https:\/\/serveiseducatius.xtec.cat\/alturgell\/wp-json\/wp\/v2\/posts\/13059\/revisions"}],"predecessor-version":[{"id":13064,"href":"https:\/\/serveiseducatius.xtec.cat\/alturgell\/wp-json\/wp\/v2\/posts\/13059\/revisions\/13064"}],"wp:featuredmedia":[{"embeddable":true,"href":"https:\/\/serveiseducatius.xtec.cat\/alturgell\/wp-json\/wp\/v2\/media\/13063"}],"wp:attachment":[{"href":"https:\/\/serveiseducatius.xtec.cat\/alturgell\/wp-json\/wp\/v2\/media?parent=13059"}],"wp:term":[{"taxonomy":"category","embeddable":true,"href":"https:\/\/serveiseducatius.xtec.cat\/alturgell\/wp-json\/wp\/v2\/categories?post=13059"},{"taxonomy":"post_tag","embeddable":true,"href":"https:\/\/serveiseducatius.xtec.cat\/alturgell\/wp-json\/wp\/v2\/tags?post=13059"}],"curies":[{"name":"wp","href":"https:\/\/api.w.org\/{rel}","templated":true}]}}