{"id":12595,"date":"2021-06-10T10:59:55","date_gmt":"2021-06-10T08:59:55","guid":{"rendered":"http:\/\/serveiseducatius.xtec.cat\/alturgell\/?p=12595"},"modified":"2021-06-29T10:27:57","modified_gmt":"2021-06-29T08:27:57","slug":"projecte-demprenedoria-fer-el-curs-2021-2022","status":"publish","type":"post","link":"https:\/\/serveiseducatius.xtec.cat\/alturgell\/portada\/projecte-demprenedoria-fer-el-curs-2021-2022\/","title":{"rendered":"Projecte d&#8217;emprenedoria FER el curs 2021-2022"},"content":{"rendered":"<p style=\"text-align: justify;\">E<strong>l dilluns 28 de juny a les 12.00h<\/strong> s&#8217;ha organitzat una sessi\u00f3 informativa sobre el projecte FER per a les escoles que vulguin con\u00e8ixer el projecte, les novetats del curs vinent\u00a0 i les experi\u00e8ncies d&#8217;altres mestres que l&#8217;han implementat. Est\u00e0 adre\u00e7ada a totes les escoles que vulguin implementar l&#8217;e<strong>mprenedoria a 5\u00e8 o 6\u00e8 de prim\u00e0ria<\/strong> i es trobin en territoris rurals.<\/p>\n<ul>\n<li>Inscripcions de la jornada: <a href=\"https:\/\/www.futursemprenedors.cat\/inscripcio-a-la-jornada-informativa-fer\" target=\"_blank\" rel=\"noopener noreferrer\" data-saferedirecturl=\"https:\/\/www.google.com\/url?q=https:\/\/www.futursemprenedors.cat\/inscripcio-a-la-jornada-informativa-fer&amp;source=gmail&amp;ust=1623397618280000&amp;usg=AFQjCNGQ-v50DJLJO8sH3-f5trnXAxQ-oA\">https:\/\/www.futursemprenedors.<wbr \/>cat\/inscripcio-a-la-jornada-<wbr \/>informativa-fer<\/a><\/li>\n<\/ul>\n<p style=\"text-align: justify;\">Des del projecte Futurs Emprenedors Rurals han obert inscripcions per a les escoles interessades a dur a terme el <strong> projecte d&#8217;emprenedoria FER el curs 2021-2022<\/strong>. A m\u00e9s a m\u00e9s,<\/p>\n<ul>\n<li>Inscripcions curs 2021-2022: <a href=\"https:\/\/www.futursemprenedors.cat\/curs-2021-2022\/inscripcio-fer-curs-2021-2022\" target=\"_blank\" rel=\"noopener noreferrer\" data-saferedirecturl=\"https:\/\/www.google.com\/url?q=https:\/\/www.futursemprenedors.cat\/curs-2021-2022\/inscripcio-fer-curs-2021-2022&amp;source=gmail&amp;ust=1623397618280000&amp;usg=AFQjCNGZna3ds_Xy2TT8-zKFRSWjR4t40w\">https:\/\/www.futursemprenedors.<wbr \/>cat\/curs-2021-2022\/inscripcio-<wbr \/>fer-curs-2021-2022<\/a><\/li>\n<\/ul>\n<p style=\"text-align: justify;\">Futurs Emprenedors Rurals \u00e9s un projecte que busca ser una eina i un suport per a mestres en el foment de les habilitats emprenedores a 5\u00e8 i 6\u00e8 de prim\u00e0ria. Els materials estan creats de manera que es poden adaptar a les necessitats espec\u00edfiques de mestres i alumnes. La protagonista de la hist\u00f2ria \u00e9s FER, una abella que viu en un rusc que pateix el despoblament i ha de buscar solucions per evitar el despoblament total del seu rusc, aix\u00ed com est\u00e0 passant a les zones rurals avui en dia. Els materials s\u2019estructuren en tres blocs diferents i altres materials complementaris. El primer, sobre hist\u00f2ries d\u2019invents, el segon sobre la creaci\u00f3 de l\u2019empresa i el tercer \u00e9s un recull d\u2019hist\u00f2ries d\u2019empreses exitoses de la Catalunya rural.<\/p>\n<p><a href=\"https:\/\/drive.google.com\/file\/d\/1dSrV--y4P8GbFwP_Ufu1KNFOMHZfM2ZC\/view?usp=sharing\"><img loading=\"lazy\" decoding=\"async\" class=\"alignnone wp-image-9632\" src=\"https:\/\/serveiseducatius.xtec.cat\/alturgell\/wp-content\/uploads\/usu770\/2019\/04\/flecha.gif\" alt=\"\" width=\"17\" height=\"19\" \/> M\u00e9s informaci\u00f3 sobre la jornada del dia 28<\/a><\/p>\n<p class=\"MsoNormal\" style=\"text-align: justify; line-height: 150%; margin: 0px;\"><span style=\"font-size: 11.0pt; line-height: 150%; font-family: 'Arial Nova',sans-serif;\"><i><img loading=\"lazy\" decoding=\"async\" class=\"alignnone wp-image-12597\" src=\"https:\/\/serveiseducatius.xtec.cat\/alturgell\/wp-content\/uploads\/usu770\/2021\/06\/10-6-2021-10.6.46-1-1024x552.jpg\" alt=\"\" width=\"649\" height=\"350\" \/><\/i><\/span><\/p>\n<p>&nbsp;<\/p>\n","protected":false},"excerpt":{"rendered":"<p>El dilluns 28 de juny a les 12.00h s&#8217;ha organitzat una sessi\u00f3 informativa sobre el projecte FER per a les escoles que vulguin con\u00e8ixer el projecte, les novetats del curs vinent\u00a0 i les experi\u00e8ncies d&#8217;altres mestres que l&#8217;han implementat. Est\u00e0 adre\u00e7ada a totes les escoles que vulguin implementar l&#8217;emprenedoria a 5\u00e8 o 6\u00e8 de prim\u00e0ria [&hellip;]<\/p>\n","protected":false},"author":1,"featured_media":12597,"comment_status":"open","ping_status":"closed","sticky":false,"template":"","format":"standard","meta":{"_bbp_topic_count":0,"_bbp_reply_count":0,"_bbp_total_topic_count":0,"_bbp_total_reply_count":0,"_bbp_voice_count":0,"_bbp_anonymous_reply_count":0,"_bbp_topic_count_hidden":0,"_bbp_reply_count_hidden":0,"_bbp_forum_subforum_count":0,"site-sidebar-layout":"default","site-content-layout":"","ast-site-content-layout":"","site-content-style":"default","site-sidebar-style":"default","ast-global-header-display":"","ast-banner-title-visibility":"","ast-main-header-display":"","ast-hfb-above-header-display":"","ast-hfb-below-header-display":"","ast-hfb-mobile-header-display":"","site-post-title":"","ast-breadcrumbs-content":"","ast-featured-img":"","footer-sml-layout":"","theme-transparent-header-meta":"","adv-header-id-meta":"","stick-header-meta":"","header-above-stick-meta":"","header-main-stick-meta":"","header-below-stick-meta":"","astra-migrate-meta-layouts":"default","ast-page-background-enabled":"default","ast-page-background-meta":{"desktop":{"background-color":"var(--ast-global-color-4)","background-image":"","background-repeat":"repeat","background-position":"center center","background-size":"auto","background-attachment":"scroll","background-type":"","background-media":"","overlay-type":"","overlay-color":"","overlay-opacity":"","overlay-gradient":""},"tablet":{"background-color":"","background-image":"","background-repeat":"repeat","background-position":"center center","background-size":"auto","background-attachment":"scroll","background-type":"","background-media":"","overlay-type":"","overlay-color":"","overlay-opacity":"","overlay-gradient":""},"mobile":{"background-color":"","background-image":"","background-repeat":"repeat","background-position":"center center","background-size":"auto","background-attachment":"scroll","background-type":"","background-media":"","overlay-type":"","overlay-color":"","overlay-opacity":"","overlay-gradient":""}},"ast-content-background-meta":{"desktop":{"background-color":"var(--ast-global-color-5)","background-image":"","background-repeat":"repeat","background-position":"center center","background-size":"auto","background-attachment":"scroll","background-type":"","background-media":"","overlay-type":"","overlay-color":"","overlay-opacity":"","overlay-gradient":""},"tablet":{"background-color":"var(--ast-global-color-5)","background-image":"","background-repeat":"repeat","background-position":"center center","background-size":"auto","background-attachment":"scroll","background-type":"","background-media":"","overlay-type":"","overlay-color":"","overlay-opacity":"","overlay-gradient":""},"mobile":{"background-color":"var(--ast-global-color-5)","background-image":"","background-repeat":"repeat","background-position":"center center","background-size":"auto","background-attachment":"scroll","background-type":"","background-media":"","overlay-type":"","overlay-color":"","overlay-opacity":"","overlay-gradient":""}},"footnotes":""},"categories":[175,29],"tags":[],"class_list":["post-12595","post","type-post","status-publish","format-standard","has-post-thumbnail","hentry","category-formacio","category-portada"],"post_mailing_queue_ids":[],"_links":{"self":[{"href":"https:\/\/serveiseducatius.xtec.cat\/alturgell\/wp-json\/wp\/v2\/posts\/12595","targetHints":{"allow":["GET"]}}],"collection":[{"href":"https:\/\/serveiseducatius.xtec.cat\/alturgell\/wp-json\/wp\/v2\/posts"}],"about":[{"href":"https:\/\/serveiseducatius.xtec.cat\/alturgell\/wp-json\/wp\/v2\/types\/post"}],"author":[{"embeddable":true,"href":"https:\/\/serveiseducatius.xtec.cat\/alturgell\/wp-json\/wp\/v2\/users\/1"}],"replies":[{"embeddable":true,"href":"https:\/\/serveiseducatius.xtec.cat\/alturgell\/wp-json\/wp\/v2\/comments?post=12595"}],"version-history":[{"count":3,"href":"https:\/\/serveiseducatius.xtec.cat\/alturgell\/wp-json\/wp\/v2\/posts\/12595\/revisions"}],"predecessor-version":[{"id":12672,"href":"https:\/\/serveiseducatius.xtec.cat\/alturgell\/wp-json\/wp\/v2\/posts\/12595\/revisions\/12672"}],"wp:featuredmedia":[{"embeddable":true,"href":"https:\/\/serveiseducatius.xtec.cat\/alturgell\/wp-json\/wp\/v2\/media\/12597"}],"wp:attachment":[{"href":"https:\/\/serveiseducatius.xtec.cat\/alturgell\/wp-json\/wp\/v2\/media?parent=12595"}],"wp:term":[{"taxonomy":"category","embeddable":true,"href":"https:\/\/serveiseducatius.xtec.cat\/alturgell\/wp-json\/wp\/v2\/categories?post=12595"},{"taxonomy":"post_tag","embeddable":true,"href":"https:\/\/serveiseducatius.xtec.cat\/alturgell\/wp-json\/wp\/v2\/tags?post=12595"}],"curies":[{"name":"wp","href":"https:\/\/api.w.org\/{rel}","templated":true}]}}