{"id":12481,"date":"2017-05-28T12:17:55","date_gmt":"2017-05-28T10:17:55","guid":{"rendered":"http:\/\/serveiseducatius.xtec.cat\/alturgell\/?p=12481"},"modified":"2023-03-27T12:03:38","modified_gmt":"2023-03-27T10:03:38","slug":"motxilla-mediambiental-en-prestec","status":"publish","type":"post","link":"https:\/\/serveiseducatius.xtec.cat\/alturgell\/portada\/motxilla-mediambiental-en-prestec\/","title":{"rendered":"Motxilla mediambiental en pr\u00e9stec"},"content":{"rendered":"<p>La motxilla \u00e9s un material pensat per ajudar en la tasca d\u2019acostar els escolars al medi ambient. Dissenyades pel treball de camp, s\u2019adeq\u00fcen als diferents nivells d\u2019edat, des dels 8 fins als 18 anys. Aquestes motxilles es divideixen en quatre tem\u00e0tiques, la <strong>L\u00ednia Verda se centra en la vegetaci\u00f3 i la fauna.<br \/>\n<\/strong><\/p>\n<p><b>Qu\u00e8 contenen i com s\u2019utilitzen<\/b><br \/>\nLes motxilles mediambientals s\u00f3n aut\u00f2nomes, \u00e9s a dir, es fan servir al mateix lloc d\u2019observaci\u00f3, sense cap altre instrumental cient\u00edfic o did\u00e0ctic que el que contenen. Aquest material \u00e9s molt divers: recipients per recollir mostres, br\u00faixoles, cron\u00f2metres, higr\u00f2metres, anem\u00f2metres, pod\u00f2metres, auriculars, lupes, ulleres, prism\u00e0tics, tubs d\u2019assaig, cantimplores, etc.<\/p>\n<p>Cada motxilla inclou un quadern de camp en el qual es presenten les proves que es poden fer, amb les fitxes per anotar-hi els resultats, i tamb\u00e9 una guia en la qual s\u2019explica com s\u2019ha d&#8217;utilitzar.<\/p>\n<p>La metodologia utilitzada per a la motxilla verda es basa en l\u2019aprenentatge mitjan\u00e7ant el descobriment.<\/p>\n<p>Per poder realitzar c\u00f2modament el treball de camp, es recomana disposar d\u2019una motxilla per cada cinc o sis alumnes. \u00c9s important que les activitats es realitzin en unitats de paisatge que presentin una homogene\u00eftat estructural un bosc, un prat, un parc\u2026 Amb alumnes de cicle superior de prim\u00e0ria i secund\u00e0ria, pot resultar interessant que diferents grups treballin diversos tipus de paisatge i comparar despr\u00e9s els resultats.<\/p>\n<p>Dins de la motxilla verda s\u2019hi troba una guia per al mestre i un quadern de camp. A la guia, s\u2019hi troben els objectius que es persegueixen amb cada activitat, a m\u00e9s dels objectius generals i, una llista de material classificat segons les activitats que s\u2019hagin de realitzar. Les activitats estan classificades per nivells, segons l\u2019edat dels alumnes, per\u00f2 \u00e9s el mestre qui decideix quines activitats faran els alumnes.<\/p>\n<p>&nbsp;<\/p>\n<p><img loading=\"lazy\" decoding=\"async\" src=\"http:\/\/www.xtec.cat\/crp-elprat\/caixes\/imatges\/verda_material.jpg\" width=\"500\" height=\"707\" \/><\/p>\n<p>&nbsp;<\/p>\n<p>&nbsp;<\/p>\n","protected":false},"excerpt":{"rendered":"<p>La motxilla \u00e9s un material pensat per ajudar en la tasca d\u2019acostar els escolars al medi ambient. Dissenyades pel treball de camp, s\u2019adeq\u00fcen als diferents nivells d\u2019edat, des dels 8 fins als 18 anys. Aquestes motxilles es divideixen en quatre tem\u00e0tiques, la L\u00ednia Verda se centra en la vegetaci\u00f3 i la fauna. Qu\u00e8 contenen i [&hellip;]<\/p>\n","protected":false},"author":1,"featured_media":12483,"comment_status":"open","ping_status":"closed","sticky":false,"template":"","format":"standard","meta":{"_bbp_topic_count":0,"_bbp_reply_count":0,"_bbp_total_topic_count":0,"_bbp_total_reply_count":0,"_bbp_voice_count":0,"_bbp_anonymous_reply_count":0,"_bbp_topic_count_hidden":0,"_bbp_reply_count_hidden":0,"_bbp_forum_subforum_count":0,"site-sidebar-layout":"default","site-content-layout":"","ast-site-content-layout":"","site-content-style":"default","site-sidebar-style":"default","ast-global-header-display":"","ast-banner-title-visibility":"","ast-main-header-display":"","ast-hfb-above-header-display":"","ast-hfb-below-header-display":"","ast-hfb-mobile-header-display":"","site-post-title":"","ast-breadcrumbs-content":"","ast-featured-img":"","footer-sml-layout":"","theme-transparent-header-meta":"","adv-header-id-meta":"","stick-header-meta":"","header-above-stick-meta":"","header-main-stick-meta":"","header-below-stick-meta":"","astra-migrate-meta-layouts":"default","ast-page-background-enabled":"default","ast-page-background-meta":{"desktop":{"background-color":"var(--ast-global-color-4)","background-image":"","background-repeat":"repeat","background-position":"center center","background-size":"auto","background-attachment":"scroll","background-type":"","background-media":"","overlay-type":"","overlay-color":"","overlay-opacity":"","overlay-gradient":""},"tablet":{"background-color":"","background-image":"","background-repeat":"repeat","background-position":"center center","background-size":"auto","background-attachment":"scroll","background-type":"","background-media":"","overlay-type":"","overlay-color":"","overlay-opacity":"","overlay-gradient":""},"mobile":{"background-color":"","background-image":"","background-repeat":"repeat","background-position":"center center","background-size":"auto","background-attachment":"scroll","background-type":"","background-media":"","overlay-type":"","overlay-color":"","overlay-opacity":"","overlay-gradient":""}},"ast-content-background-meta":{"desktop":{"background-color":"var(--ast-global-color-5)","background-image":"","background-repeat":"repeat","background-position":"center center","background-size":"auto","background-attachment":"scroll","background-type":"","background-media":"","overlay-type":"","overlay-color":"","overlay-opacity":"","overlay-gradient":""},"tablet":{"background-color":"var(--ast-global-color-5)","background-image":"","background-repeat":"repeat","background-position":"center center","background-size":"auto","background-attachment":"scroll","background-type":"","background-media":"","overlay-type":"","overlay-color":"","overlay-opacity":"","overlay-gradient":""},"mobile":{"background-color":"var(--ast-global-color-5)","background-image":"","background-repeat":"repeat","background-position":"center center","background-size":"auto","background-attachment":"scroll","background-type":"","background-media":"","overlay-type":"","overlay-color":"","overlay-opacity":"","overlay-gradient":""}},"footnotes":""},"categories":[82,29],"tags":[],"class_list":["post-12481","post","type-post","status-publish","format-standard","has-post-thumbnail","hentry","category-maletes-pedagogiques","category-portada"],"post_mailing_queue_ids":[],"_links":{"self":[{"href":"https:\/\/serveiseducatius.xtec.cat\/alturgell\/wp-json\/wp\/v2\/posts\/12481","targetHints":{"allow":["GET"]}}],"collection":[{"href":"https:\/\/serveiseducatius.xtec.cat\/alturgell\/wp-json\/wp\/v2\/posts"}],"about":[{"href":"https:\/\/serveiseducatius.xtec.cat\/alturgell\/wp-json\/wp\/v2\/types\/post"}],"author":[{"embeddable":true,"href":"https:\/\/serveiseducatius.xtec.cat\/alturgell\/wp-json\/wp\/v2\/users\/1"}],"replies":[{"embeddable":true,"href":"https:\/\/serveiseducatius.xtec.cat\/alturgell\/wp-json\/wp\/v2\/comments?post=12481"}],"version-history":[{"count":3,"href":"https:\/\/serveiseducatius.xtec.cat\/alturgell\/wp-json\/wp\/v2\/posts\/12481\/revisions"}],"predecessor-version":[{"id":14981,"href":"https:\/\/serveiseducatius.xtec.cat\/alturgell\/wp-json\/wp\/v2\/posts\/12481\/revisions\/14981"}],"wp:featuredmedia":[{"embeddable":true,"href":"https:\/\/serveiseducatius.xtec.cat\/alturgell\/wp-json\/wp\/v2\/media\/12483"}],"wp:attachment":[{"href":"https:\/\/serveiseducatius.xtec.cat\/alturgell\/wp-json\/wp\/v2\/media?parent=12481"}],"wp:term":[{"taxonomy":"category","embeddable":true,"href":"https:\/\/serveiseducatius.xtec.cat\/alturgell\/wp-json\/wp\/v2\/categories?post=12481"},{"taxonomy":"post_tag","embeddable":true,"href":"https:\/\/serveiseducatius.xtec.cat\/alturgell\/wp-json\/wp\/v2\/tags?post=12481"}],"curies":[{"name":"wp","href":"https:\/\/api.w.org\/{rel}","templated":true}]}}