{"id":11913,"date":"2021-02-17T15:50:06","date_gmt":"2021-02-17T14:50:06","guid":{"rendered":"http:\/\/serveiseducatius.xtec.cat\/alturgell\/?p=11913"},"modified":"2021-02-22T17:35:09","modified_gmt":"2021-02-22T16:35:09","slug":"dones-filosofes-el-pensamiento-en-femenino-plural","status":"publish","type":"post","link":"https:\/\/serveiseducatius.xtec.cat\/alturgell\/recursos\/dones-filosofes-el-pensamiento-en-femenino-plural\/","title":{"rendered":"Dones fil\u00f2sofes: &#8220;El pensamiento en femenino plural&#8221;"},"content":{"rendered":"<p>L&#8217;escriptora i fil\u00f2sofa <strong>Lola Cabrera<\/strong> ofereix en obert el llibre col\u00b7laboratiu\u00a0 <strong>\u00abEn di\u00e1logo con&#8230; el pensamiento en femenino plural\u00bb <\/strong>adre\u00e7at a 2n de batxillerat.<\/p>\n<p style=\"text-align: justify;\">Se<span lang=\"ca\">g<\/span><span lang=\"ca\">ons les seves pr\u00f2pies paraules: &#8220;Amb aquest projecte pretenc oferir un gui\u00f3 per a totes aquelles professores i professors d&#8217;Hist\u00f2ria de la filosofia que percebin que hi ha una manca en la manera d&#8217;afrontar l&#8217;estudi del pensament occidental. Els autors que la llei d&#8217;educaci\u00f3 proposa com la columna vertebral de la nostra mat\u00e8ria s\u00f3n alguns dels caps m\u00e9s importants de la nostra hist\u00f2ria; cap sobra. No obstant aix\u00f2, hi ha una llacuna que (&#8230;) posa en evid\u00e8ncia l&#8217;escassa voluntat de certs sectors en variar el rumb del que ha estat una din\u00e0mica de marginaci\u00f3 silenciosa de la meitat de la poblaci\u00f3 pensant: les dones.&#8221;<\/span><\/p>\n<p><a href=\"https:\/\/drive.google.com\/drive\/u\/0\/folders\/1k2cqfGO-l7a3bhaqjdVcDkNltAShN2WX\"><img loading=\"lazy\" decoding=\"async\" class=\"alignnone wp-image-9632\" src=\"https:\/\/serveiseducatius.xtec.cat\/alturgell\/wp-content\/uploads\/usu770\/2019\/04\/flecha.gif\" alt=\"\" width=\"17\" height=\"19\" \/> Acc\u00e9s al llibre complet<\/a><\/p>\n<p><a href=\"https:\/\/www.entiemposdealetheia.com\/antropologia-filosofia-y-psicologia\/entrevista-a-lola-cabrera-una-historia-de-la-filosofia-inclusiva\/\"><img loading=\"lazy\" decoding=\"async\" class=\"alignnone wp-image-9632\" src=\"https:\/\/serveiseducatius.xtec.cat\/alturgell\/wp-content\/uploads\/usu770\/2019\/04\/flecha.gif\" alt=\"\" width=\"17\" height=\"19\" \/> Entrevista amb l&#8217;autora<\/a><\/p>\n","protected":false},"excerpt":{"rendered":"<p>L&#8217;escriptora i fil\u00f2sofa Lola Cabrera ofereix en obert el llibre col\u00b7laboratiu\u00a0 \u00abEn di\u00e1logo con&#8230; el pensamiento en femenino plural\u00bb adre\u00e7at a 2n de batxillerat. Segons les seves pr\u00f2pies paraules: &#8220;Amb aquest projecte pretenc oferir un gui\u00f3 per a totes aquelles professores i professors d&#8217;Hist\u00f2ria de la filosofia que percebin que hi ha una manca en [&hellip;]<\/p>\n","protected":false},"author":1,"featured_media":11915,"comment_status":"open","ping_status":"closed","sticky":false,"template":"","format":"standard","meta":{"_bbp_topic_count":0,"_bbp_reply_count":0,"_bbp_total_topic_count":0,"_bbp_total_reply_count":0,"_bbp_voice_count":0,"_bbp_anonymous_reply_count":0,"_bbp_topic_count_hidden":0,"_bbp_reply_count_hidden":0,"_bbp_forum_subforum_count":0,"site-sidebar-layout":"default","site-content-layout":"","ast-site-content-layout":"","site-content-style":"default","site-sidebar-style":"default","ast-global-header-display":"","ast-banner-title-visibility":"","ast-main-header-display":"","ast-hfb-above-header-display":"","ast-hfb-below-header-display":"","ast-hfb-mobile-header-display":"","site-post-title":"","ast-breadcrumbs-content":"","ast-featured-img":"","footer-sml-layout":"","theme-transparent-header-meta":"","adv-header-id-meta":"","stick-header-meta":"","header-above-stick-meta":"","header-main-stick-meta":"","header-below-stick-meta":"","astra-migrate-meta-layouts":"default","ast-page-background-enabled":"default","ast-page-background-meta":{"desktop":{"background-color":"var(--ast-global-color-4)","background-image":"","background-repeat":"repeat","background-position":"center center","background-size":"auto","background-attachment":"scroll","background-type":"","background-media":"","overlay-type":"","overlay-color":"","overlay-opacity":"","overlay-gradient":""},"tablet":{"background-color":"","background-image":"","background-repeat":"repeat","background-position":"center center","background-size":"auto","background-attachment":"scroll","background-type":"","background-media":"","overlay-type":"","overlay-color":"","overlay-opacity":"","overlay-gradient":""},"mobile":{"background-color":"","background-image":"","background-repeat":"repeat","background-position":"center center","background-size":"auto","background-attachment":"scroll","background-type":"","background-media":"","overlay-type":"","overlay-color":"","overlay-opacity":"","overlay-gradient":""}},"ast-content-background-meta":{"desktop":{"background-color":"var(--ast-global-color-5)","background-image":"","background-repeat":"repeat","background-position":"center center","background-size":"auto","background-attachment":"scroll","background-type":"","background-media":"","overlay-type":"","overlay-color":"","overlay-opacity":"","overlay-gradient":""},"tablet":{"background-color":"var(--ast-global-color-5)","background-image":"","background-repeat":"repeat","background-position":"center center","background-size":"auto","background-attachment":"scroll","background-type":"","background-media":"","overlay-type":"","overlay-color":"","overlay-opacity":"","overlay-gradient":""},"mobile":{"background-color":"var(--ast-global-color-5)","background-image":"","background-repeat":"repeat","background-position":"center center","background-size":"auto","background-attachment":"scroll","background-type":"","background-media":"","overlay-type":"","overlay-color":"","overlay-opacity":"","overlay-gradient":""}},"footnotes":""},"categories":[76],"tags":[],"class_list":["post-11913","post","type-post","status-publish","format-standard","has-post-thumbnail","hentry","category-recursos"],"post_mailing_queue_ids":[],"_links":{"self":[{"href":"https:\/\/serveiseducatius.xtec.cat\/alturgell\/wp-json\/wp\/v2\/posts\/11913","targetHints":{"allow":["GET"]}}],"collection":[{"href":"https:\/\/serveiseducatius.xtec.cat\/alturgell\/wp-json\/wp\/v2\/posts"}],"about":[{"href":"https:\/\/serveiseducatius.xtec.cat\/alturgell\/wp-json\/wp\/v2\/types\/post"}],"author":[{"embeddable":true,"href":"https:\/\/serveiseducatius.xtec.cat\/alturgell\/wp-json\/wp\/v2\/users\/1"}],"replies":[{"embeddable":true,"href":"https:\/\/serveiseducatius.xtec.cat\/alturgell\/wp-json\/wp\/v2\/comments?post=11913"}],"version-history":[{"count":2,"href":"https:\/\/serveiseducatius.xtec.cat\/alturgell\/wp-json\/wp\/v2\/posts\/11913\/revisions"}],"predecessor-version":[{"id":11916,"href":"https:\/\/serveiseducatius.xtec.cat\/alturgell\/wp-json\/wp\/v2\/posts\/11913\/revisions\/11916"}],"wp:featuredmedia":[{"embeddable":true,"href":"https:\/\/serveiseducatius.xtec.cat\/alturgell\/wp-json\/wp\/v2\/media\/11915"}],"wp:attachment":[{"href":"https:\/\/serveiseducatius.xtec.cat\/alturgell\/wp-json\/wp\/v2\/media?parent=11913"}],"wp:term":[{"taxonomy":"category","embeddable":true,"href":"https:\/\/serveiseducatius.xtec.cat\/alturgell\/wp-json\/wp\/v2\/categories?post=11913"},{"taxonomy":"post_tag","embeddable":true,"href":"https:\/\/serveiseducatius.xtec.cat\/alturgell\/wp-json\/wp\/v2\/tags?post=11913"}],"curies":[{"name":"wp","href":"https:\/\/api.w.org\/{rel}","templated":true}]}}