{"id":10566,"date":"2020-05-12T09:28:38","date_gmt":"2020-05-12T07:28:38","guid":{"rendered":"http:\/\/serveiseducatius.xtec.cat\/alturgell\/?p=10566"},"modified":"2020-05-12T09:28:38","modified_gmt":"2020-05-12T07:28:38","slug":"dia-internacional-contra-lhomofobia-la-transfobia-i-la-bifobia","status":"publish","type":"post","link":"https:\/\/serveiseducatius.xtec.cat\/alturgell\/portada\/dia-internacional-contra-lhomofobia-la-transfobia-i-la-bifobia\/","title":{"rendered":"Dia Internacional contra l&#8217;Homof\u00f2bia, la Transf\u00f2bia i la Bif\u00f2bia"},"content":{"rendered":"<p>El 17 de maig es commemora el\u00a0<strong><a href=\"https:\/\/may17.org\/about\/\" target=\"_blank\" rel=\"noopener noreferrer\">Dia Internacional contra l&#8217;Homof\u00f2bia, Transf\u00f2bia i Bif\u00f2bia<\/a><\/strong>, amb l\u2019objectiu de conscienciar la comunitat educativa vers la discriminaci\u00f3 del col\u00b7lectiu LGBTI (lesbianes, gais, bisexuals, transg\u00e8neres, intersexuals) \u00a0i garantir els seus drets en peu d\u2019igualtat amb tota la ciutadania.<\/p>\n<p>Aquest curs no podem commemorar l\u2019efem\u00e8ride al centre educatiu per\u00f2 s\u00ed impulsar que es treballi la tem\u00e0tica des de casa i difondre les actuacions dutes a terme a la xarxa. Per fer-lo a l&#8217;XTEC trobareu propostes d\u2019actuacions i recursos espec\u00edfics a fi de promoure la conscienciaci\u00f3 de la diversitat de g\u00e8nere i la prevenci\u00f3 de l\u2019assetjament LGBTI.<\/p>\n<p><a href=\"http:\/\/xtec.gencat.cat\/ca\/centres\/celebracions\/2020\/dia-internacional-contra-lhomofobia-la-transfobia-i-la-bifobia\/\"><img loading=\"lazy\" decoding=\"async\" class=\"alignnone wp-image-9632\" src=\"https:\/\/serveiseducatius.xtec.cat\/alturgell\/wp-content\/uploads\/usu770\/2019\/04\/flecha.gif\" alt=\"\" width=\"17\" height=\"19\" \/> M\u00e9s informaci\u00f3<\/a><\/p>\n","protected":false},"excerpt":{"rendered":"<p>El 17 de maig es commemora el\u00a0Dia Internacional contra l&#8217;Homof\u00f2bia, Transf\u00f2bia i Bif\u00f2bia, amb l\u2019objectiu de conscienciar la comunitat educativa vers la discriminaci\u00f3 del col\u00b7lectiu LGBTI (lesbianes, gais, bisexuals, transg\u00e8neres, intersexuals) \u00a0i garantir els seus drets en peu d\u2019igualtat amb tota la ciutadania. Aquest curs no podem commemorar l\u2019efem\u00e8ride al centre educatiu per\u00f2 s\u00ed impulsar [&hellip;]<\/p>\n","protected":false},"author":1,"featured_media":10567,"comment_status":"open","ping_status":"closed","sticky":false,"template":"","format":"standard","meta":{"_bbp_topic_count":0,"_bbp_reply_count":0,"_bbp_total_topic_count":0,"_bbp_total_reply_count":0,"_bbp_voice_count":0,"_bbp_anonymous_reply_count":0,"_bbp_topic_count_hidden":0,"_bbp_reply_count_hidden":0,"_bbp_forum_subforum_count":0,"site-sidebar-layout":"default","site-content-layout":"","ast-site-content-layout":"","site-content-style":"default","site-sidebar-style":"default","ast-global-header-display":"","ast-banner-title-visibility":"","ast-main-header-display":"","ast-hfb-above-header-display":"","ast-hfb-below-header-display":"","ast-hfb-mobile-header-display":"","site-post-title":"","ast-breadcrumbs-content":"","ast-featured-img":"","footer-sml-layout":"","theme-transparent-header-meta":"","adv-header-id-meta":"","stick-header-meta":"","header-above-stick-meta":"","header-main-stick-meta":"","header-below-stick-meta":"","astra-migrate-meta-layouts":"default","ast-page-background-enabled":"default","ast-page-background-meta":{"desktop":{"background-color":"var(--ast-global-color-4)","background-image":"","background-repeat":"repeat","background-position":"center center","background-size":"auto","background-attachment":"scroll","background-type":"","background-media":"","overlay-type":"","overlay-color":"","overlay-opacity":"","overlay-gradient":""},"tablet":{"background-color":"","background-image":"","background-repeat":"repeat","background-position":"center center","background-size":"auto","background-attachment":"scroll","background-type":"","background-media":"","overlay-type":"","overlay-color":"","overlay-opacity":"","overlay-gradient":""},"mobile":{"background-color":"","background-image":"","background-repeat":"repeat","background-position":"center center","background-size":"auto","background-attachment":"scroll","background-type":"","background-media":"","overlay-type":"","overlay-color":"","overlay-opacity":"","overlay-gradient":""}},"ast-content-background-meta":{"desktop":{"background-color":"var(--ast-global-color-5)","background-image":"","background-repeat":"repeat","background-position":"center center","background-size":"auto","background-attachment":"scroll","background-type":"","background-media":"","overlay-type":"","overlay-color":"","overlay-opacity":"","overlay-gradient":""},"tablet":{"background-color":"var(--ast-global-color-5)","background-image":"","background-repeat":"repeat","background-position":"center center","background-size":"auto","background-attachment":"scroll","background-type":"","background-media":"","overlay-type":"","overlay-color":"","overlay-opacity":"","overlay-gradient":""},"mobile":{"background-color":"var(--ast-global-color-5)","background-image":"","background-repeat":"repeat","background-position":"center center","background-size":"auto","background-attachment":"scroll","background-type":"","background-media":"","overlay-type":"","overlay-color":"","overlay-opacity":"","overlay-gradient":""}},"footnotes":""},"categories":[64,29,76],"tags":[],"class_list":["post-10566","post","type-post","status-publish","format-standard","has-post-thumbnail","hentry","category-comunitat","category-portada","category-recursos"],"post_mailing_queue_ids":[],"_links":{"self":[{"href":"https:\/\/serveiseducatius.xtec.cat\/alturgell\/wp-json\/wp\/v2\/posts\/10566","targetHints":{"allow":["GET"]}}],"collection":[{"href":"https:\/\/serveiseducatius.xtec.cat\/alturgell\/wp-json\/wp\/v2\/posts"}],"about":[{"href":"https:\/\/serveiseducatius.xtec.cat\/alturgell\/wp-json\/wp\/v2\/types\/post"}],"author":[{"embeddable":true,"href":"https:\/\/serveiseducatius.xtec.cat\/alturgell\/wp-json\/wp\/v2\/users\/1"}],"replies":[{"embeddable":true,"href":"https:\/\/serveiseducatius.xtec.cat\/alturgell\/wp-json\/wp\/v2\/comments?post=10566"}],"version-history":[{"count":1,"href":"https:\/\/serveiseducatius.xtec.cat\/alturgell\/wp-json\/wp\/v2\/posts\/10566\/revisions"}],"predecessor-version":[{"id":10568,"href":"https:\/\/serveiseducatius.xtec.cat\/alturgell\/wp-json\/wp\/v2\/posts\/10566\/revisions\/10568"}],"wp:featuredmedia":[{"embeddable":true,"href":"https:\/\/serveiseducatius.xtec.cat\/alturgell\/wp-json\/wp\/v2\/media\/10567"}],"wp:attachment":[{"href":"https:\/\/serveiseducatius.xtec.cat\/alturgell\/wp-json\/wp\/v2\/media?parent=10566"}],"wp:term":[{"taxonomy":"category","embeddable":true,"href":"https:\/\/serveiseducatius.xtec.cat\/alturgell\/wp-json\/wp\/v2\/categories?post=10566"},{"taxonomy":"post_tag","embeddable":true,"href":"https:\/\/serveiseducatius.xtec.cat\/alturgell\/wp-json\/wp\/v2\/tags?post=10566"}],"curies":[{"name":"wp","href":"https:\/\/api.w.org\/{rel}","templated":true}]}}