{"id":10109,"date":"2020-02-17T16:24:44","date_gmt":"2020-02-17T15:24:44","guid":{"rendered":"http:\/\/serveiseducatius.xtec.cat\/alturgell\/?p=10109"},"modified":"2020-02-17T16:24:44","modified_gmt":"2020-02-17T15:24:44","slug":"fic-cat-modalitat-centres-educatius","status":"publish","type":"post","link":"https:\/\/serveiseducatius.xtec.cat\/alturgell\/portada\/fic-cat-modalitat-centres-educatius\/","title":{"rendered":"FIC-CAT &#8211; Modalitat Centres Educatius"},"content":{"rendered":"<p align=\"justify\"><span style=\"font-family: Arial;\"><a href=\"https:\/\/www.fic-cat.cat\/\"><img loading=\"lazy\" decoding=\"async\" class=\" wp-image-10110 alignleft\" src=\"https:\/\/serveiseducatius.xtec.cat\/alturgell\/wp-content\/uploads\/usu770\/2020\/02\/17-2-2020-16.2.14-1.jpg\" alt=\"\" width=\"409\" height=\"190\" srcset=\"https:\/\/serveiseducatius.xtec.cat\/alturgell\/wp-content\/uploads\/usu770\/2020\/02\/17-2-2020-16.2.14-1.jpg 633w, https:\/\/serveiseducatius.xtec.cat\/alturgell\/wp-content\/uploads\/usu770\/2020\/02\/17-2-2020-16.2.14-1-300x139.jpg 300w\" sizes=\"auto, (max-width: 409px) 100vw, 409px\" \/><\/a>El <b>FIC-CAT<\/b>, <b><i>Festival Internacional de Cinema en Catal\u00e0 Costa Daurada<\/i><\/b>, conscient de l\u2019entorn d\u2019imatges i de tecnologia en qu\u00e8 es mouen els nois i les noies de casa nostra, s\u2019ha proposat potenciar accions educatives amb l\u2019alumnat i el professorat d\u2019escoles i instituts per tal de promoure l\u2019aprenentatge i l\u2019\u00fas dels codis del llenguatge audiovisual i multim\u00e8dia.<\/span><\/p>\n<p align=\"justify\"><span style=\"font-family: Arial;\">Per tal d\u2019aconseguir la participaci\u00f3 dels centres docents, el Festival ha previst la participaci\u00f3 dels <b>CENTRES EDUCATIUS d\u2019infantil, prim\u00e0ria, secund\u00e0ria, batxillerat i cicles formatius<\/b> amb la possibilitat de <strong>presentar produccions audiovisuals<\/strong> elaborades per l&#8217;alumnat. <\/span><\/p>\n<p><span style=\"font-family: Arial;\">Poden presentar-se produccions en qualsevol g\u00e8nere i format (ficci\u00f3, animaci\u00f3, documental, videoclip, videocreaci\u00f3&#8230;) a t\u00edtol individual o col\u00b7lectiu, i amb el benent\u00e8s que sempre cal el vistiplau del centre i la responsabilitat d\u2019un professor o professora que n\u2019hagi fet el seguiment.<\/span><\/p>\n<p><span style=\"font-family: Arial;\">La producci\u00f3 ha de tenir una durada m\u00e0xima de 10&#8242;, s\u2019ha d\u2019haver rodat en catal\u00e0 i s\u2019ha d\u2019inscriure al web <a href=\"https:\/\/www.fic-cat.cat\/inscripcions\" target=\"_blank\" rel=\"noopener noreferrer\" data-saferedirecturl=\"https:\/\/www.google.com\/url?q=https:\/\/www.fic-cat.cat\/inscripcions&amp;source=gmail&amp;ust=1582035735215000&amp;usg=AFQjCNE-O3rXzDgOMws784Dlln9wnMEEag\">https:\/\/www.fic-cat.cat\/<wbr \/>inscripcions<\/a> (<b>abans del 22 de mar\u00e7<\/b><b> de 2020<\/b>). El Festival t\u00e9 lloc, cada any, a la localitat de Roda de Ber\u00e0 la primera setmana del mes de juny. El Jurat est\u00e0 composat per quatre alumnes de secund\u00e0ria dels centres docents del territori -amb formaci\u00f3 o motivaci\u00f3 envers l\u2019audiovisual- que fan el visionat directament a la sala de projecci\u00f3 al mateix temps que ho fan els equips de les produccions seleccionades i el p\u00fablic assistent.<\/span><\/p>\n<p><span style=\"font-family: Arial;\">A m\u00e9s a m\u00e9s, al llarg de l\u2019any, el Comit\u00e8 organitzador del Festival ofereix, tamb\u00e9, la possibilitat de participar en uns <strong>tallers pr\u00e0ctics interactiu als centres que ho demanen<\/strong> sobre la import\u00e0ncia del llenguatge de les pantalles i les possibilitats del cinema com a eina d\u2019expressi\u00f3. Aquesta activitat s\u2019adre\u00e7a al Claustre o als cicles i\/o departaments interessats o b\u00e9 a l\u2019alumnat que treballa un projecte audiovisual concret o vol engegar-lo. Per tal de fer la demanda i d\u2019ajustar la proposta a les necessitats espec\u00edfiques de cada centre, cal fer un escrit al correu electr\u00f2nic <span style=\"color: #0563c1;\"><u><a>info@fic-cat.cat<\/a><\/u><\/span>.<\/span><\/p>\n<p><a href=\"https:\/\/www.fic-cat.cat\/\"><img loading=\"lazy\" decoding=\"async\" class=\"alignnone wp-image-9632\" src=\"https:\/\/serveiseducatius.xtec.cat\/alturgell\/wp-content\/uploads\/usu770\/2019\/04\/flecha.gif\" alt=\"\" width=\"17\" height=\"19\" \/>\u00a0 M\u00e9s informaci\u00f3<\/a><\/p>\n","protected":false},"excerpt":{"rendered":"<p>El FIC-CAT, Festival Internacional de Cinema en Catal\u00e0 Costa Daurada, conscient de l\u2019entorn d\u2019imatges i de tecnologia en qu\u00e8 es mouen els nois i les noies de casa nostra, s\u2019ha proposat potenciar accions educatives amb l\u2019alumnat i el professorat d\u2019escoles i instituts per tal de promoure l\u2019aprenentatge i l\u2019\u00fas dels codis del llenguatge audiovisual i [&hellip;]<\/p>\n","protected":false},"author":1,"featured_media":10111,"comment_status":"open","ping_status":"closed","sticky":false,"template":"","format":"standard","meta":{"_bbp_topic_count":0,"_bbp_reply_count":0,"_bbp_total_topic_count":0,"_bbp_total_reply_count":0,"_bbp_voice_count":0,"_bbp_anonymous_reply_count":0,"_bbp_topic_count_hidden":0,"_bbp_reply_count_hidden":0,"_bbp_forum_subforum_count":0,"site-sidebar-layout":"default","site-content-layout":"","ast-site-content-layout":"","site-content-style":"default","site-sidebar-style":"default","ast-global-header-display":"","ast-banner-title-visibility":"","ast-main-header-display":"","ast-hfb-above-header-display":"","ast-hfb-below-header-display":"","ast-hfb-mobile-header-display":"","site-post-title":"","ast-breadcrumbs-content":"","ast-featured-img":"","footer-sml-layout":"","theme-transparent-header-meta":"","adv-header-id-meta":"","stick-header-meta":"","header-above-stick-meta":"","header-main-stick-meta":"","header-below-stick-meta":"","astra-migrate-meta-layouts":"default","ast-page-background-enabled":"default","ast-page-background-meta":{"desktop":{"background-color":"var(--ast-global-color-4)","background-image":"","background-repeat":"repeat","background-position":"center center","background-size":"auto","background-attachment":"scroll","background-type":"","background-media":"","overlay-type":"","overlay-color":"","overlay-opacity":"","overlay-gradient":""},"tablet":{"background-color":"","background-image":"","background-repeat":"repeat","background-position":"center center","background-size":"auto","background-attachment":"scroll","background-type":"","background-media":"","overlay-type":"","overlay-color":"","overlay-opacity":"","overlay-gradient":""},"mobile":{"background-color":"","background-image":"","background-repeat":"repeat","background-position":"center center","background-size":"auto","background-attachment":"scroll","background-type":"","background-media":"","overlay-type":"","overlay-color":"","overlay-opacity":"","overlay-gradient":""}},"ast-content-background-meta":{"desktop":{"background-color":"var(--ast-global-color-5)","background-image":"","background-repeat":"repeat","background-position":"center center","background-size":"auto","background-attachment":"scroll","background-type":"","background-media":"","overlay-type":"","overlay-color":"","overlay-opacity":"","overlay-gradient":""},"tablet":{"background-color":"var(--ast-global-color-5)","background-image":"","background-repeat":"repeat","background-position":"center center","background-size":"auto","background-attachment":"scroll","background-type":"","background-media":"","overlay-type":"","overlay-color":"","overlay-opacity":"","overlay-gradient":""},"mobile":{"background-color":"var(--ast-global-color-5)","background-image":"","background-repeat":"repeat","background-position":"center center","background-size":"auto","background-attachment":"scroll","background-type":"","background-media":"","overlay-type":"","overlay-color":"","overlay-opacity":"","overlay-gradient":""}},"footnotes":""},"categories":[180,29],"tags":[],"class_list":["post-10109","post","type-post","status-publish","format-standard","has-post-thumbnail","hentry","category-xerrades","category-portada"],"post_mailing_queue_ids":[],"_links":{"self":[{"href":"https:\/\/serveiseducatius.xtec.cat\/alturgell\/wp-json\/wp\/v2\/posts\/10109","targetHints":{"allow":["GET"]}}],"collection":[{"href":"https:\/\/serveiseducatius.xtec.cat\/alturgell\/wp-json\/wp\/v2\/posts"}],"about":[{"href":"https:\/\/serveiseducatius.xtec.cat\/alturgell\/wp-json\/wp\/v2\/types\/post"}],"author":[{"embeddable":true,"href":"https:\/\/serveiseducatius.xtec.cat\/alturgell\/wp-json\/wp\/v2\/users\/1"}],"replies":[{"embeddable":true,"href":"https:\/\/serveiseducatius.xtec.cat\/alturgell\/wp-json\/wp\/v2\/comments?post=10109"}],"version-history":[{"count":1,"href":"https:\/\/serveiseducatius.xtec.cat\/alturgell\/wp-json\/wp\/v2\/posts\/10109\/revisions"}],"predecessor-version":[{"id":10112,"href":"https:\/\/serveiseducatius.xtec.cat\/alturgell\/wp-json\/wp\/v2\/posts\/10109\/revisions\/10112"}],"wp:featuredmedia":[{"embeddable":true,"href":"https:\/\/serveiseducatius.xtec.cat\/alturgell\/wp-json\/wp\/v2\/media\/10111"}],"wp:attachment":[{"href":"https:\/\/serveiseducatius.xtec.cat\/alturgell\/wp-json\/wp\/v2\/media?parent=10109"}],"wp:term":[{"taxonomy":"category","embeddable":true,"href":"https:\/\/serveiseducatius.xtec.cat\/alturgell\/wp-json\/wp\/v2\/categories?post=10109"},{"taxonomy":"post_tag","embeddable":true,"href":"https:\/\/serveiseducatius.xtec.cat\/alturgell\/wp-json\/wp\/v2\/tags?post=10109"}],"curies":[{"name":"wp","href":"https:\/\/api.w.org\/{rel}","templated":true}]}}