{"id":8999,"date":"2019-12-04T16:13:58","date_gmt":"2019-12-04T15:13:58","guid":{"rendered":"http:\/\/serveiseducatius.xtec.cat\/altpenedes\/?p=8999"},"modified":"2020-01-21T13:39:36","modified_gmt":"2020-01-21T12:39:36","slug":"jornada-de-servei-comunitari","status":"publish","type":"post","link":"https:\/\/serveiseducatius.xtec.cat\/altpenedes\/general\/jornada-de-servei-comunitari\/","title":{"rendered":"Jornada de Servei comunitari"},"content":{"rendered":"<p><img loading=\"lazy\" decoding=\"async\" class=\"size-medium wp-image-9000 alignright\" src=\"https:\/\/serveiseducatius.xtec.cat\/altpenedes\/wp-content\/uploads\/usu763\/2019\/12\/Jornada-SC-300x225.jpg\" alt=\"\" width=\"300\" height=\"225\" srcset=\"https:\/\/serveiseducatius.xtec.cat\/altpenedes\/wp-content\/uploads\/usu763\/2019\/12\/Jornada-SC-300x225.jpg 300w, https:\/\/serveiseducatius.xtec.cat\/altpenedes\/wp-content\/uploads\/usu763\/2019\/12\/Jornada-SC-150x113.jpg 150w, https:\/\/serveiseducatius.xtec.cat\/altpenedes\/wp-content\/uploads\/usu763\/2019\/12\/Jornada-SC-200x150.jpg 200w, https:\/\/serveiseducatius.xtec.cat\/altpenedes\/wp-content\/uploads\/usu763\/2019\/12\/Jornada-SC.jpg 463w\" sizes=\"auto, (max-width: 300px) 100vw, 300px\" \/>El <strong>25 de gener de 2020<\/strong> a l&#8217;espai Bital de l&#8217;Hospitalet de Llobregat tindr\u00e0 lloc la <a href=\"https:\/\/blocs.xtec.cat\/jornadaserveicomunitari2019\/\" target=\"_blank\" rel=\"noopener noreferrer\">Jornada de Servei comunitari<\/a>.<\/p>\n<p>La jornada de Servei Comunitari s\u2019adre\u00e7a a docents d\u2019educaci\u00f3 prim\u00e0ria, docents d\u2019educaci\u00f3 secund\u00e0ria, referents de SC dels serveis educatius, membres d\u2019entitats i t\u00e8cnics i responsables dels ajuntaments.<\/p>\n<p>Podeu formalitzar la inscripci\u00f3 a la Jornada de Servei Comunitari fent clic als enlla\u00e7os seg\u00fcents:<\/p>\n<ul>\n<li>Si sou docent podeu fer la inscripci\u00f3 <a href=\"https:\/\/aplicacions.gestioeducativa.gencat.cat\/pls\/soloas\/pk_for_mod_ins.p_for_pre_cons_activitats?p_any=2019-2020&amp;p_codi=9000010541\" target=\"_blank\" rel=\"noopener noreferrer\">aqu\u00ed<\/a><\/li>\n<li>Si sou d\u2019una entitat o d\u2019un ajuntament a trav\u00e9s del <a href=\"https:\/\/forms.gle\/YFnDfb9rNT25kLJk7\" target=\"_blank\" rel=\"noopener noreferrer\">Formulari<\/a><\/li>\n<\/ul>\n<p>M\u00e9s informaci\u00f3 a: <a href=\"https:\/\/blocs.xtec.cat\/jornadaserveicomunitari2019\/\" target=\"_blank\" rel=\"noopener noreferrer\">https:\/\/blocs.xtec.cat\/jornadaserveicomunitari2019\/<\/a><\/p>\n","protected":false},"excerpt":{"rendered":"<p>El <strong>25 de gener de 2020<\/strong> a l&#8217;espai Bital de l&#8217;Hospitalet de Llobregat tindr\u00e0 lloc la <a href=\"https:\/\/blocs.xtec.cat\/jornadaserveicomunitari2019\/\" target=\"_blank\" rel=\"noopener noreferrer\">Jornada de Servei comunitari<\/a>.<br \/>\nTrobareu el programa, els destinataris i la inscripci\u00f3 en aquest <a href=\"https:\/\/blocs.xtec.cat\/jornadaserveicomunitari2019\/inscripcions\/\" target=\"_blank\" rel=\"noopener noreferrer\"><strong>enlla\u00e7<\/strong><\/a>.<\/p>\n","protected":false},"author":6,"featured_media":9000,"comment_status":"open","ping_status":"closed","sticky":false,"template":"","format":"standard","meta":{"site-sidebar-layout":"default","site-content-layout":"","ast-site-content-layout":"","site-content-style":"default","site-sidebar-style":"default","ast-global-header-display":"","ast-banner-title-visibility":"","ast-main-header-display":"","ast-hfb-above-header-display":"","ast-hfb-below-header-display":"","ast-hfb-mobile-header-display":"","site-post-title":"","ast-breadcrumbs-content":"","ast-featured-img":"","footer-sml-layout":"","theme-transparent-header-meta":"","adv-header-id-meta":"","stick-header-meta":"","header-above-stick-meta":"","header-main-stick-meta":"","header-below-stick-meta":"","astra-migrate-meta-layouts":"default","ast-page-background-enabled":"default","ast-page-background-meta":{"desktop":{"background-color":"var(--ast-global-color-4)","background-image":"","background-repeat":"repeat","background-position":"center center","background-size":"auto","background-attachment":"scroll","background-type":"","background-media":"","overlay-type":"","overlay-color":"","overlay-opacity":"","overlay-gradient":""},"tablet":{"background-color":"","background-image":"","background-repeat":"repeat","background-position":"center center","background-size":"auto","background-attachment":"scroll","background-type":"","background-media":"","overlay-type":"","overlay-color":"","overlay-opacity":"","overlay-gradient":""},"mobile":{"background-color":"","background-image":"","background-repeat":"repeat","background-position":"center center","background-size":"auto","background-attachment":"scroll","background-type":"","background-media":"","overlay-type":"","overlay-color":"","overlay-opacity":"","overlay-gradient":""}},"ast-content-background-meta":{"desktop":{"background-color":"var(--ast-global-color-5)","background-image":"","background-repeat":"repeat","background-position":"center center","background-size":"auto","background-attachment":"scroll","background-type":"","background-media":"","overlay-type":"","overlay-color":"","overlay-opacity":"","overlay-gradient":""},"tablet":{"background-color":"var(--ast-global-color-5)","background-image":"","background-repeat":"repeat","background-position":"center center","background-size":"auto","background-attachment":"scroll","background-type":"","background-media":"","overlay-type":"","overlay-color":"","overlay-opacity":"","overlay-gradient":""},"mobile":{"background-color":"var(--ast-global-color-5)","background-image":"","background-repeat":"repeat","background-position":"center center","background-size":"auto","background-attachment":"scroll","background-type":"","background-media":"","overlay-type":"","overlay-color":"","overlay-opacity":"","overlay-gradient":""}},"footnotes":""},"categories":[222,1,29,77],"tags":[609],"class_list":["post-8999","post","type-post","status-publish","format-standard","has-post-thumbnail","hentry","category-sstt","category-general","category-portada","category-servei-comunitari","tag-curs-2019-2020"],"post_mailing_queue_ids":[],"_links":{"self":[{"href":"https:\/\/serveiseducatius.xtec.cat\/altpenedes\/wp-json\/wp\/v2\/posts\/8999","targetHints":{"allow":["GET"]}}],"collection":[{"href":"https:\/\/serveiseducatius.xtec.cat\/altpenedes\/wp-json\/wp\/v2\/posts"}],"about":[{"href":"https:\/\/serveiseducatius.xtec.cat\/altpenedes\/wp-json\/wp\/v2\/types\/post"}],"author":[{"embeddable":true,"href":"https:\/\/serveiseducatius.xtec.cat\/altpenedes\/wp-json\/wp\/v2\/users\/6"}],"replies":[{"embeddable":true,"href":"https:\/\/serveiseducatius.xtec.cat\/altpenedes\/wp-json\/wp\/v2\/comments?post=8999"}],"version-history":[{"count":1,"href":"https:\/\/serveiseducatius.xtec.cat\/altpenedes\/wp-json\/wp\/v2\/posts\/8999\/revisions"}],"predecessor-version":[{"id":9001,"href":"https:\/\/serveiseducatius.xtec.cat\/altpenedes\/wp-json\/wp\/v2\/posts\/8999\/revisions\/9001"}],"wp:featuredmedia":[{"embeddable":true,"href":"https:\/\/serveiseducatius.xtec.cat\/altpenedes\/wp-json\/wp\/v2\/media\/9000"}],"wp:attachment":[{"href":"https:\/\/serveiseducatius.xtec.cat\/altpenedes\/wp-json\/wp\/v2\/media?parent=8999"}],"wp:term":[{"taxonomy":"category","embeddable":true,"href":"https:\/\/serveiseducatius.xtec.cat\/altpenedes\/wp-json\/wp\/v2\/categories?post=8999"},{"taxonomy":"post_tag","embeddable":true,"href":"https:\/\/serveiseducatius.xtec.cat\/altpenedes\/wp-json\/wp\/v2\/tags?post=8999"}],"curies":[{"name":"wp","href":"https:\/\/api.w.org\/{rel}","templated":true}]}}