{"id":8600,"date":"2019-09-23T09:26:40","date_gmt":"2019-09-23T07:26:40","guid":{"rendered":"http:\/\/serveiseducatius.xtec.cat\/altpenedes\/?p=8600"},"modified":"2019-09-23T10:01:44","modified_gmt":"2019-09-23T08:01:44","slug":"x-jornades-de-reflexio-i-recerca-psicomotricitat-i-escola","status":"publish","type":"post","link":"https:\/\/serveiseducatius.xtec.cat\/altpenedes\/dinamitzacio\/espai-0-6\/x-jornades-de-reflexio-i-recerca-psicomotricitat-i-escola\/","title":{"rendered":"X Jornades de Reflexi\u00f3 i Recerca: Psicomotricitat i Escola"},"content":{"rendered":"<p><img loading=\"lazy\" decoding=\"async\" class=\"size-medium wp-image-8602 alignleft\" src=\"https:\/\/serveiseducatius.xtec.cat\/altpenedes\/wp-content\/uploads\/usu763\/2019\/09\/UAB-Jornada-Psicomotricitat-207x300.jpg\" alt=\"\" width=\"207\" height=\"300\" srcset=\"https:\/\/serveiseducatius.xtec.cat\/altpenedes\/wp-content\/uploads\/usu763\/2019\/09\/UAB-Jornada-Psicomotricitat-207x300.jpg 207w, https:\/\/serveiseducatius.xtec.cat\/altpenedes\/wp-content\/uploads\/usu763\/2019\/09\/UAB-Jornada-Psicomotricitat-104x150.jpg 104w, https:\/\/serveiseducatius.xtec.cat\/altpenedes\/wp-content\/uploads\/usu763\/2019\/09\/UAB-Jornada-Psicomotricitat.jpg 628w\" sizes=\"auto, (max-width: 207px) 100vw, 207px\" \/>El 8 i 9 de novembre de 2019 es realitzaran, a la <strong>Universitat Aut\u00f2noma de Barcelona<\/strong>, les \u201c<strong>X Jornades de Reflexi\u00f3 i Recerca: Psicomotricitat i Escola<\/strong>\u201d La tem\u00e0tica d\u2019aquesta jornada ser\u00e0 \u201c<strong>l\u2019adult: una pres\u00e8ncia que acompanya<\/strong>\u201d.<\/p>\n<p>Trobareu tota la informaci\u00f3 de la jornada en el seg\u00fcent enlla\u00e7: <a href=\"https:\/\/jornadespsicomotricitat.uab.cat\/\" target=\"_blank\" rel=\"noopener noreferrer\"><strong>https:\/\/jornadespsicomotricitat.uab.cat\/\u00a0<\/strong><\/a><\/p>\n<p>Les <a href=\"https:\/\/jornadespsicomotricitat.uab.cat\/comunicacions\" target=\"_blank\" rel=\"noopener noreferrer\">#JornadesPsicoUAB2019<\/a> es construeixen entre tots i totes i, per aix\u00f2, en aquesta edici\u00f3 es continua apostant per un <strong>espai de difusi\u00f3<\/strong> dins del programa per a que tothom que ho desitgi pugui explicar una <strong>experi\u00e8ncia educativa o una recerca<\/strong> relacionada amb la tem\u00e0tica de les jornades.<br \/>\n<strong>Fins el 29 de setembre estar\u00e0 obert el termini per lliurar al comit\u00e8 organitzador les comunicacions en format escrit<\/strong> (omplint la plantilla que es troba a la p\u00e0gina web). Les comunicacions acceptades es podran presentar de manera oral en les jornades i formaran part de l\u2019espai de difusi\u00f3 d\u2019aquestes.<br \/>\nPer a m\u00e9s informaci\u00f3 sobre les comunicacions d\u2019experi\u00e8ncies educatives o de recerca, podeu consultar la pestanya \u201ccomunicacions\u201d de la web de les jornades.<\/p>\n","protected":false},"excerpt":{"rendered":"<p>El 8 i 9 de novembre de 2019 es realitzaran, a la Universitat Aut\u00f2noma de Barcelona, les \u201cX Jornades de [&hellip;]<\/p>\n","protected":false},"author":6,"featured_media":8608,"comment_status":"open","ping_status":"closed","sticky":false,"template":"","format":"standard","meta":{"site-sidebar-layout":"default","site-content-layout":"","ast-site-content-layout":"","site-content-style":"default","site-sidebar-style":"default","ast-global-header-display":"","ast-banner-title-visibility":"","ast-main-header-display":"","ast-hfb-above-header-display":"","ast-hfb-below-header-display":"","ast-hfb-mobile-header-display":"","site-post-title":"","ast-breadcrumbs-content":"","ast-featured-img":"","footer-sml-layout":"","theme-transparent-header-meta":"","adv-header-id-meta":"","stick-header-meta":"","header-above-stick-meta":"","header-main-stick-meta":"","header-below-stick-meta":"","astra-migrate-meta-layouts":"default","ast-page-background-enabled":"default","ast-page-background-meta":{"desktop":{"background-color":"var(--ast-global-color-4)","background-image":"","background-repeat":"repeat","background-position":"center center","background-size":"auto","background-attachment":"scroll","background-type":"","background-media":"","overlay-type":"","overlay-color":"","overlay-opacity":"","overlay-gradient":""},"tablet":{"background-color":"","background-image":"","background-repeat":"repeat","background-position":"center center","background-size":"auto","background-attachment":"scroll","background-type":"","background-media":"","overlay-type":"","overlay-color":"","overlay-opacity":"","overlay-gradient":""},"mobile":{"background-color":"","background-image":"","background-repeat":"repeat","background-position":"center center","background-size":"auto","background-attachment":"scroll","background-type":"","background-media":"","overlay-type":"","overlay-color":"","overlay-opacity":"","overlay-gradient":""}},"ast-content-background-meta":{"desktop":{"background-color":"var(--ast-global-color-5)","background-image":"","background-repeat":"repeat","background-position":"center center","background-size":"auto","background-attachment":"scroll","background-type":"","background-media":"","overlay-type":"","overlay-color":"","overlay-opacity":"","overlay-gradient":""},"tablet":{"background-color":"var(--ast-global-color-5)","background-image":"","background-repeat":"repeat","background-position":"center center","background-size":"auto","background-attachment":"scroll","background-type":"","background-media":"","overlay-type":"","overlay-color":"","overlay-opacity":"","overlay-gradient":""},"mobile":{"background-color":"var(--ast-global-color-5)","background-image":"","background-repeat":"repeat","background-position":"center center","background-size":"auto","background-attachment":"scroll","background-type":"","background-media":"","overlay-type":"","overlay-color":"","overlay-opacity":"","overlay-gradient":""}},"footnotes":""},"categories":[612],"tags":[609,427],"class_list":["post-8600","post","type-post","status-publish","format-standard","has-post-thumbnail","hentry","category-espai-0-6","tag-curs-2019-2020","tag-jornada-pedagogica"],"post_mailing_queue_ids":[],"_links":{"self":[{"href":"https:\/\/serveiseducatius.xtec.cat\/altpenedes\/wp-json\/wp\/v2\/posts\/8600","targetHints":{"allow":["GET"]}}],"collection":[{"href":"https:\/\/serveiseducatius.xtec.cat\/altpenedes\/wp-json\/wp\/v2\/posts"}],"about":[{"href":"https:\/\/serveiseducatius.xtec.cat\/altpenedes\/wp-json\/wp\/v2\/types\/post"}],"author":[{"embeddable":true,"href":"https:\/\/serveiseducatius.xtec.cat\/altpenedes\/wp-json\/wp\/v2\/users\/6"}],"replies":[{"embeddable":true,"href":"https:\/\/serveiseducatius.xtec.cat\/altpenedes\/wp-json\/wp\/v2\/comments?post=8600"}],"version-history":[{"count":2,"href":"https:\/\/serveiseducatius.xtec.cat\/altpenedes\/wp-json\/wp\/v2\/posts\/8600\/revisions"}],"predecessor-version":[{"id":8609,"href":"https:\/\/serveiseducatius.xtec.cat\/altpenedes\/wp-json\/wp\/v2\/posts\/8600\/revisions\/8609"}],"wp:featuredmedia":[{"embeddable":true,"href":"https:\/\/serveiseducatius.xtec.cat\/altpenedes\/wp-json\/wp\/v2\/media\/8608"}],"wp:attachment":[{"href":"https:\/\/serveiseducatius.xtec.cat\/altpenedes\/wp-json\/wp\/v2\/media?parent=8600"}],"wp:term":[{"taxonomy":"category","embeddable":true,"href":"https:\/\/serveiseducatius.xtec.cat\/altpenedes\/wp-json\/wp\/v2\/categories?post=8600"},{"taxonomy":"post_tag","embeddable":true,"href":"https:\/\/serveiseducatius.xtec.cat\/altpenedes\/wp-json\/wp\/v2\/tags?post=8600"}],"curies":[{"name":"wp","href":"https:\/\/api.w.org\/{rel}","templated":true}]}}