{"id":8394,"date":"2019-06-21T13:07:22","date_gmt":"2019-06-21T11:07:22","guid":{"rendered":"http:\/\/serveiseducatius.xtec.cat\/altpenedes\/?p=8394"},"modified":"2019-06-21T13:27:08","modified_gmt":"2019-06-21T11:27:08","slug":"programa-apadrinem-el-nostre-patrimoni","status":"publish","type":"post","link":"https:\/\/serveiseducatius.xtec.cat\/altpenedes\/dinamitzacio\/apadrinem-el-nostre-patrimoni\/programa-apadrinem-el-nostre-patrimoni\/","title":{"rendered":"Programa Apadrinem el nostre patrimoni"},"content":{"rendered":"<p><img loading=\"lazy\" decoding=\"async\" class=\"size-full wp-image-8395 alignright\" src=\"https:\/\/serveiseducatius.xtec.cat\/altpenedes\/wp-content\/uploads\/usu763\/2019\/06\/Apadrinem_logo.jpg\" alt=\"\" width=\"296\" height=\"295\" srcset=\"https:\/\/serveiseducatius.xtec.cat\/altpenedes\/wp-content\/uploads\/usu763\/2019\/06\/Apadrinem_logo.jpg 296w, https:\/\/serveiseducatius.xtec.cat\/altpenedes\/wp-content\/uploads\/usu763\/2019\/06\/Apadrinem_logo-150x150.jpg 150w\" sizes=\"auto, (max-width: 296px) 100vw, 296px\" \/>El programa <a href=\"http:\/\/xtec.gencat.cat\/ca\/projectes\/apadrinemnostrepatrimoni\/\">Apadrinem el nostre patrimoni\u00a0 <\/a>es va iniciar el curs 2013-14, i compta amb els CRP com a agents assessors. Es basa en la idea de l\u2019apadrinament d\u2019un element patrimonial per part del centre educatiu; comporta donar-li valor i aprofundir en el seu coneixement des de el punt de vista hist\u00f2ric, art\u00edstic, cultural o cient\u00edfic i, alhora, fer que aquest coneixement sigui socialment rellevant, \u00e9s a dir, que arribi a la pr\u00f2pia comunitat i a l\u2019entorn de l\u2019escola.<\/p>\n<p>Els projectes d\u2019apadrinament promouen la dimensi\u00f3 significativa, comunicativa, d\u2019acci\u00f3 i de projecci\u00f3 de l\u2019aprenentatge. Aquestes quatre dimensions permeten situar l\u2019alumne com a subjecte actiu del seu aprenentatge, promovent la seva implicaci\u00f3 en el territori i la societat a trav\u00e9s d\u2019un concepte de ciutadania cr\u00edtica i responsable.<\/p>\n<p>La finalitat i els objectius del programa s&#8217;estableixen a l&#8217;annex 1 de la <a href=\"http:\/\/dogc.gencat.cat\/ca\/pdogc_canals_interns\/pdogc_resultats_fitxa\/?action=fitxa&amp;mode=single&amp;documentId=826153&amp;language=ca_ES\">Resoluci\u00f3 ENS\/2037\/2018<\/a>, de 30 d&#8217;agost, per la qual es crea el Programa d&#8217;innovaci\u00f3 pedag\u00f2gica &#8220;Apadrinem el nostre patrimoni&#8221;.<\/p>\n<p>Els centres interessats en participar en el programa <em>Apadrinem el nostre patrimoni<\/em> han d\u2019adre\u00e7ar-se al Centre de Recursos Pedag\u00f2gics (CRP) de la seva zona, on podran ampliar la informaci\u00f3 i si ho desitgen formalitzar-ne la inscripci\u00f3.<\/p>\n<p>Els CRP ofereixen als centres educatius acompanyament, assessorament i formaci\u00f3, si s&#8217;escau, en l\u2019elaboraci\u00f3 i el seguiment del seu projecte.<\/p>\n<h5><strong>Requisits<\/strong><\/h5>\n<p>Per formar part del programa els centres educatius han de complir els requisits seg\u00fcents:<\/p>\n<ul>\n<li>Presentar el projecte dissenyat i planificat.<\/li>\n<li>Entregar la declaraci\u00f3 de l&#8217;aprovaci\u00f3 del claustre i del Consell Escolar per participar en el programa. Aquesta declaraci\u00f3 ha de ser posterior a la publicaci\u00f3 de la resoluci\u00f3.<\/li>\n<li>Presentar una carta de motivaci\u00f3. El format \u00e9s lliure: enregistrament audiovisual, infografia, carta, etc.<\/li>\n<li>No haver participat, ni estar participant, amb el mateix projecte en un altre programa d&#8217;innovaci\u00f3.<\/li>\n<\/ul>\n<p>La participaci\u00f3 del centre en el programa suposa l&#8217;acceptaci\u00f3 dels compromisos establerts a l&#8217;annex 1, apartat 6, de la <a href=\"http:\/\/dogc.gencat.cat\/ca\/pdogc_canals_interns\/pdogc_resultats_fitxa\/?action=fitxa&amp;mode=single&amp;documentId=826153&amp;language=ca_ES\">Resoluci\u00f3 ENS\/2037\/2018<\/a>.<\/p>\n<h5><strong>Sol\u00b7licitud<\/strong><\/h5>\n<p>El director o directora pot demanar la inclusi\u00f3 del seu centre en el programa, mitjan\u00e7ant la presentaci\u00f3 per valisa electr\u00f2nica de la documentaci\u00f3 seg\u00fcent:<\/p>\n<ul>\n<li>la <strong><a href=\"http:\/\/educacio.gencat.cat\/documents\/FormularisModels\/InnovacioPedagogica\/A606.pdf\">sol\u00b7licitud<\/a><\/strong> de participaci\u00f3, signada pel director o directora del centre,<\/li>\n<li>la <strong><a href=\"http:\/\/educacio.gencat.cat\/documents\/FormularisModels\/InnovacioPedagogica\/A608.pdf\">descripci\u00f3 del projecte<\/a><\/strong><\/li>\n<li>i el <strong><a href=\"http:\/\/educacio.gencat.cat\/documents\/FormularisModels\/InnovacioPedagogica\/A605.pdf\">comprom\u00eds del centre<\/a><\/strong> amb l\u2019aprovaci\u00f3 del claustre i del consell escolar<\/li>\n<\/ul>\n<p>Si en el termini de presentaci\u00f3 de la sol\u00b7licitud de la convocat\u00f2ria corresponent no s\u2019han pogut dur a terme les sessions de claustre i del consell escolar de centre en qu\u00e8 s\u2019aprova la participaci\u00f3 en el programa, s\u2019adjuntar\u00e0 igualment el model de declaraci\u00f3, tot fent constar les dates previstes de reuni\u00f3 d\u2019aquests \u00f2rgans i la posterior tramesa del comprom\u00eds corresponent un cop aprovat.<\/p>\n<ul>\n<li>Termini de presentaci\u00f3: del 8 de juny al 15 d&#8217;octubre de 2019<\/li>\n<\/ul>\n<p>La selecci\u00f3 de centres educatius es far\u00e0 d\u2019acord amb els criteris establerts a l&#8217;annex 11, apartat 3, de la <a href=\"https:\/\/dogc.gencat.cat\/ca\/pdogc_canals_interns\/pdogc_resultats_fitxa\/?action=fitxa&amp;documentId=851258&amp;language=ca_ES\">Resoluci\u00f3 EDU\/1528\/2019<\/a>.<\/p>\n<h5><strong>Modalitats d&#8217;Apadrinament<\/strong><\/h5>\n<p><iframe loading=\"lazy\" src=\"https:\/\/drive.google.com\/file\/d\/1YZ89ba3S7zJ3f0Lu-pCbsQGAaUYSq3X3\/preview\" width=\"100%\" height=\"480\"><\/iframe><\/p>\n<h5><strong>M\u00e9s informaci\u00f3<\/strong><\/h5>\n<p>En el seg\u00fcent aquest <a href=\"http:\/\/educacio.gencat.cat\/portal\/page\/portal\/Educacio\/PCentrePrivat\/PCPInici\/PCPInnovacioPedagogica\/ApadrinemPatrimoni\" target=\"_blank\" rel=\"noopener noreferrer\"><strong>enlla\u00e7<\/strong><\/a>.<\/p>\n","protected":false},"excerpt":{"rendered":"<p>El programa <a href=\"http:\/\/xtec.gencat.cat\/ca\/projectes\/apadrinemnostrepatrimoni\/\">Apadrinem el nostre patrimoni <\/a> \u00e9s una de les opcions que es troba a l\u2019abast des dels centres educatius.<br \/>\nEls centres interessats en participar en el programa Apadrinem el nostre patrimoni han d\u2019adre\u00e7ar-se al Centre de Recursos Pedag\u00f2gics de la seva zona, on podran ampliar la informaci\u00f3 i si ho desitgen formalitzar-ne la inscripci\u00f3.<\/p>\n","protected":false},"author":6,"featured_media":8395,"comment_status":"open","ping_status":"closed","sticky":true,"template":"","format":"standard","meta":{"site-sidebar-layout":"default","site-content-layout":"","ast-site-content-layout":"","site-content-style":"default","site-sidebar-style":"default","ast-global-header-display":"","ast-banner-title-visibility":"","ast-main-header-display":"","ast-hfb-above-header-display":"","ast-hfb-below-header-display":"","ast-hfb-mobile-header-display":"","site-post-title":"","ast-breadcrumbs-content":"","ast-featured-img":"","footer-sml-layout":"","theme-transparent-header-meta":"","adv-header-id-meta":"","stick-header-meta":"","header-above-stick-meta":"","header-main-stick-meta":"","header-below-stick-meta":"","astra-migrate-meta-layouts":"default","ast-page-background-enabled":"default","ast-page-background-meta":{"desktop":{"background-color":"var(--ast-global-color-4)","background-image":"","background-repeat":"repeat","background-position":"center center","background-size":"auto","background-attachment":"scroll","background-type":"","background-media":"","overlay-type":"","overlay-color":"","overlay-opacity":"","overlay-gradient":""},"tablet":{"background-color":"","background-image":"","background-repeat":"repeat","background-position":"center center","background-size":"auto","background-attachment":"scroll","background-type":"","background-media":"","overlay-type":"","overlay-color":"","overlay-opacity":"","overlay-gradient":""},"mobile":{"background-color":"","background-image":"","background-repeat":"repeat","background-position":"center center","background-size":"auto","background-attachment":"scroll","background-type":"","background-media":"","overlay-type":"","overlay-color":"","overlay-opacity":"","overlay-gradient":""}},"ast-content-background-meta":{"desktop":{"background-color":"var(--ast-global-color-5)","background-image":"","background-repeat":"repeat","background-position":"center center","background-size":"auto","background-attachment":"scroll","background-type":"","background-media":"","overlay-type":"","overlay-color":"","overlay-opacity":"","overlay-gradient":""},"tablet":{"background-color":"var(--ast-global-color-5)","background-image":"","background-repeat":"repeat","background-position":"center center","background-size":"auto","background-attachment":"scroll","background-type":"","background-media":"","overlay-type":"","overlay-color":"","overlay-opacity":"","overlay-gradient":""},"mobile":{"background-color":"var(--ast-global-color-5)","background-image":"","background-repeat":"repeat","background-position":"center center","background-size":"auto","background-attachment":"scroll","background-type":"","background-media":"","overlay-type":"","overlay-color":"","overlay-opacity":"","overlay-gradient":""}},"footnotes":""},"categories":[79],"tags":[],"class_list":["post-8394","post","type-post","status-publish","format-standard","has-post-thumbnail","hentry","category-apadrinem-el-nostre-patrimoni"],"post_mailing_queue_ids":[],"_links":{"self":[{"href":"https:\/\/serveiseducatius.xtec.cat\/altpenedes\/wp-json\/wp\/v2\/posts\/8394","targetHints":{"allow":["GET"]}}],"collection":[{"href":"https:\/\/serveiseducatius.xtec.cat\/altpenedes\/wp-json\/wp\/v2\/posts"}],"about":[{"href":"https:\/\/serveiseducatius.xtec.cat\/altpenedes\/wp-json\/wp\/v2\/types\/post"}],"author":[{"embeddable":true,"href":"https:\/\/serveiseducatius.xtec.cat\/altpenedes\/wp-json\/wp\/v2\/users\/6"}],"replies":[{"embeddable":true,"href":"https:\/\/serveiseducatius.xtec.cat\/altpenedes\/wp-json\/wp\/v2\/comments?post=8394"}],"version-history":[{"count":4,"href":"https:\/\/serveiseducatius.xtec.cat\/altpenedes\/wp-json\/wp\/v2\/posts\/8394\/revisions"}],"predecessor-version":[{"id":8402,"href":"https:\/\/serveiseducatius.xtec.cat\/altpenedes\/wp-json\/wp\/v2\/posts\/8394\/revisions\/8402"}],"wp:featuredmedia":[{"embeddable":true,"href":"https:\/\/serveiseducatius.xtec.cat\/altpenedes\/wp-json\/wp\/v2\/media\/8395"}],"wp:attachment":[{"href":"https:\/\/serveiseducatius.xtec.cat\/altpenedes\/wp-json\/wp\/v2\/media?parent=8394"}],"wp:term":[{"taxonomy":"category","embeddable":true,"href":"https:\/\/serveiseducatius.xtec.cat\/altpenedes\/wp-json\/wp\/v2\/categories?post=8394"},{"taxonomy":"post_tag","embeddable":true,"href":"https:\/\/serveiseducatius.xtec.cat\/altpenedes\/wp-json\/wp\/v2\/tags?post=8394"}],"curies":[{"name":"wp","href":"https:\/\/api.w.org\/{rel}","templated":true}]}}