{"id":8386,"date":"2019-06-20T13:23:43","date_gmt":"2019-06-20T11:23:43","guid":{"rendered":"http:\/\/serveiseducatius.xtec.cat\/altpenedes\/?p=8386"},"modified":"2019-06-20T13:26:46","modified_gmt":"2019-06-20T11:26:46","slug":"formacio-de-formadors-prevencio-i-intervencio-davant-la-violencia-masclista-entre-lalumnat","status":"publish","type":"post","link":"https:\/\/serveiseducatius.xtec.cat\/altpenedes\/general\/formacio-de-formadors-prevencio-i-intervencio-davant-la-violencia-masclista-entre-lalumnat\/","title":{"rendered":"Formaci\u00f3 de formadors &#8216;Prevenci\u00f3 i intervenci\u00f3 davant la viol\u00e8ncia masclista entre l&#8217;alumnat&#8217;"},"content":{"rendered":"<p><img loading=\"lazy\" decoding=\"async\" class=\"size-medium wp-image-8389 alignright\" src=\"https:\/\/serveiseducatius.xtec.cat\/altpenedes\/wp-content\/uploads\/usu763\/2019\/06\/Violenciamasclista-300x179.jpg\" alt=\"\" width=\"300\" height=\"179\" srcset=\"https:\/\/serveiseducatius.xtec.cat\/altpenedes\/wp-content\/uploads\/usu763\/2019\/06\/Violenciamasclista-300x179.jpg 300w, https:\/\/serveiseducatius.xtec.cat\/altpenedes\/wp-content\/uploads\/usu763\/2019\/06\/Violenciamasclista-150x90.jpg 150w, https:\/\/serveiseducatius.xtec.cat\/altpenedes\/wp-content\/uploads\/usu763\/2019\/06\/Violenciamasclista.jpg 609w\" sizes=\"auto, (max-width: 300px) 100vw, 300px\" \/>Des del Servei d&#8217;Escola i Fam\u00edlia s&#8217;organitza, pels dies <strong>2 i 11 de juliol<\/strong>, una <strong>formaci\u00f3 de formadors<\/strong> amb la finalitat de donar a con\u00e8ixer el <em>\u201cProtocol de prevenci\u00f3, detecci\u00f3 i intervenci\u00f3 davant la viol\u00e8ncia masclista entre l\u2019alumnat\u201d<\/em> i presentar els tallers de prevenci\u00f3 de la viol\u00e8ncia masclista a l\u2019alumnat i les fam\u00edlies, aix\u00ed com la formaci\u00f3 de la prevenci\u00f3 de la viol\u00e8ncia masclista adre\u00e7ada a docents.<\/p>\n<p><strong>Abans del 26 de juny<\/strong> s&#8217;ha de fer la inscripci\u00f3 en el seg\u00fcent enlla\u00e7:<strong> <a href=\"https:\/\/aplicacions.gestioeducativa.gencat.cat\/pls\/soloas\/pk_for_mod_ins.p_for_detall_activitat?p_codi=9001040540&amp;p_curs=2018-2019&amp;p_es_inscr=S\" target=\"_blank\" rel=\"noopener noreferrer\">INSCRIPCI\u00d3<\/a><\/strong>. M\u00e9s informaci\u00f3 al <a href=\"https:\/\/aplicacions.gestioeducativa.gencat.cat\/pls\/soloas\/pk_for_mod_ins.p_for_exhaustiu_activitat?p_header=Detall%20d%27activitat^pk_for_mod_ins.p_for_detall_activitat?p_codi=9001040540%26p_curs=2018-2019%26p_es_inscr=S&amp;p_codi=9001040540&amp;p_curs=2018-2019&amp;p_es_inscr=S\" target=\"_blank\" rel=\"noopener noreferrer\">detall de l&#8217;activitat<\/a>.<\/p>\n<p><strong>L\u2019objectiu<\/strong> d\u2019aquesta formaci\u00f3 \u00e9s crear una borsa de personal formador en viol\u00e8ncia masclista que doni resposta a la demanda de formaci\u00f3 dels diferents centres del territori en la implementaci\u00f3 del protocol de viol\u00e8ncia masclista.<\/p>\n<p>Aquesta formaci\u00f3 tindr\u00e0 lloc al Departament d\u2019Educaci\u00f3, via Augusta, 202.<\/p>\n<p>&nbsp;<\/p>\n<p>&nbsp;<\/p>\n","protected":false},"excerpt":{"rendered":"<p>Des del Servei d&#8217;Escola i Fam\u00edlia s&#8217;organitza, pels dies <strong>2 i 11 de juliol<\/strong>, una <strong>formaci\u00f3 de formadors<\/strong> amb la finalitat de donar a con\u00e8ixer el <em>\u201cProtocol de prevenci\u00f3, detecci\u00f3 i intervenci\u00f3 davant la viol\u00e8ncia masclista entre l\u2019alumnat\u201d<\/em>.<br \/>\n<strong>Abans del 26 de juny<\/strong> s&#8217;ha de fer la inscripci\u00f3 en el seg\u00fcent enlla\u00e7:<strong> <a href=\"https:\/\/aplicacions.ensenyament.gencat.cat\/pls\/soloas\/pk_for_mod_ins.p_for_detall_activitat?p_codi=9001040540&amp;p_curs=2018-2019&amp;p_es_inscr=S\" target=\"_blank\" rel=\"noopener noreferrer\">INSCRIPCI\u00d3<\/a><\/strong>.<\/p>\n","protected":false},"author":6,"featured_media":8389,"comment_status":"open","ping_status":"closed","sticky":false,"template":"","format":"standard","meta":{"site-sidebar-layout":"default","site-content-layout":"","ast-site-content-layout":"","site-content-style":"default","site-sidebar-style":"default","ast-global-header-display":"","ast-banner-title-visibility":"","ast-main-header-display":"","ast-hfb-above-header-display":"","ast-hfb-below-header-display":"","ast-hfb-mobile-header-display":"","site-post-title":"","ast-breadcrumbs-content":"","ast-featured-img":"","footer-sml-layout":"","theme-transparent-header-meta":"","adv-header-id-meta":"","stick-header-meta":"","header-above-stick-meta":"","header-main-stick-meta":"","header-below-stick-meta":"","astra-migrate-meta-layouts":"default","ast-page-background-enabled":"default","ast-page-background-meta":{"desktop":{"background-color":"var(--ast-global-color-4)","background-image":"","background-repeat":"repeat","background-position":"center center","background-size":"auto","background-attachment":"scroll","background-type":"","background-media":"","overlay-type":"","overlay-color":"","overlay-opacity":"","overlay-gradient":""},"tablet":{"background-color":"","background-image":"","background-repeat":"repeat","background-position":"center center","background-size":"auto","background-attachment":"scroll","background-type":"","background-media":"","overlay-type":"","overlay-color":"","overlay-opacity":"","overlay-gradient":""},"mobile":{"background-color":"","background-image":"","background-repeat":"repeat","background-position":"center center","background-size":"auto","background-attachment":"scroll","background-type":"","background-media":"","overlay-type":"","overlay-color":"","overlay-opacity":"","overlay-gradient":""}},"ast-content-background-meta":{"desktop":{"background-color":"var(--ast-global-color-5)","background-image":"","background-repeat":"repeat","background-position":"center center","background-size":"auto","background-attachment":"scroll","background-type":"","background-media":"","overlay-type":"","overlay-color":"","overlay-opacity":"","overlay-gradient":""},"tablet":{"background-color":"var(--ast-global-color-5)","background-image":"","background-repeat":"repeat","background-position":"center center","background-size":"auto","background-attachment":"scroll","background-type":"","background-media":"","overlay-type":"","overlay-color":"","overlay-opacity":"","overlay-gradient":""},"mobile":{"background-color":"var(--ast-global-color-5)","background-image":"","background-repeat":"repeat","background-position":"center center","background-size":"auto","background-attachment":"scroll","background-type":"","background-media":"","overlay-type":"","overlay-color":"","overlay-opacity":"","overlay-gradient":""}},"footnotes":""},"categories":[65,222,1,29],"tags":[],"class_list":["post-8386","post","type-post","status-publish","format-standard","has-post-thumbnail","hentry","category-crp","category-sstt","category-general","category-portada"],"post_mailing_queue_ids":[],"_links":{"self":[{"href":"https:\/\/serveiseducatius.xtec.cat\/altpenedes\/wp-json\/wp\/v2\/posts\/8386","targetHints":{"allow":["GET"]}}],"collection":[{"href":"https:\/\/serveiseducatius.xtec.cat\/altpenedes\/wp-json\/wp\/v2\/posts"}],"about":[{"href":"https:\/\/serveiseducatius.xtec.cat\/altpenedes\/wp-json\/wp\/v2\/types\/post"}],"author":[{"embeddable":true,"href":"https:\/\/serveiseducatius.xtec.cat\/altpenedes\/wp-json\/wp\/v2\/users\/6"}],"replies":[{"embeddable":true,"href":"https:\/\/serveiseducatius.xtec.cat\/altpenedes\/wp-json\/wp\/v2\/comments?post=8386"}],"version-history":[{"count":3,"href":"https:\/\/serveiseducatius.xtec.cat\/altpenedes\/wp-json\/wp\/v2\/posts\/8386\/revisions"}],"predecessor-version":[{"id":8391,"href":"https:\/\/serveiseducatius.xtec.cat\/altpenedes\/wp-json\/wp\/v2\/posts\/8386\/revisions\/8391"}],"wp:featuredmedia":[{"embeddable":true,"href":"https:\/\/serveiseducatius.xtec.cat\/altpenedes\/wp-json\/wp\/v2\/media\/8389"}],"wp:attachment":[{"href":"https:\/\/serveiseducatius.xtec.cat\/altpenedes\/wp-json\/wp\/v2\/media?parent=8386"}],"wp:term":[{"taxonomy":"category","embeddable":true,"href":"https:\/\/serveiseducatius.xtec.cat\/altpenedes\/wp-json\/wp\/v2\/categories?post=8386"},{"taxonomy":"post_tag","embeddable":true,"href":"https:\/\/serveiseducatius.xtec.cat\/altpenedes\/wp-json\/wp\/v2\/tags?post=8386"}],"curies":[{"name":"wp","href":"https:\/\/api.w.org\/{rel}","templated":true}]}}