{"id":8105,"date":"2019-03-19T11:19:54","date_gmt":"2019-03-19T10:19:54","guid":{"rendered":"http:\/\/serveiseducatius.xtec.cat\/altpenedes\/?p=8105"},"modified":"2019-04-11T12:29:36","modified_gmt":"2019-04-11T10:29:36","slug":"35e-salo-del-llibre-infantil-i-juvenil-de-catalunya-inscripcio","status":"publish","type":"post","link":"https:\/\/serveiseducatius.xtec.cat\/altpenedes\/dinamitzacio\/biblioteques-escolars-alt-penedes\/35e-salo-del-llibre-infantil-i-juvenil-de-catalunya-inscripcio\/","title":{"rendered":"35\u00e8 Sal\u00f3 del Llibre Infantil i Juvenil de Catalunya| Inscripci\u00f3"},"content":{"rendered":"<p><img loading=\"lazy\" decoding=\"async\" class=\"aligncenter size-medium wp-image-8106\" src=\"https:\/\/serveiseducatius.xtec.cat\/altpenedes\/wp-content\/uploads\/usu763\/2019\/03\/Captura-1-212x300.jpg\" alt=\"\" width=\"212\" height=\"300\" srcset=\"https:\/\/serveiseducatius.xtec.cat\/altpenedes\/wp-content\/uploads\/usu763\/2019\/03\/Captura-1-212x300.jpg 212w, https:\/\/serveiseducatius.xtec.cat\/altpenedes\/wp-content\/uploads\/usu763\/2019\/03\/Captura-1-106x150.jpg 106w, https:\/\/serveiseducatius.xtec.cat\/altpenedes\/wp-content\/uploads\/usu763\/2019\/03\/Captura-1.jpg 483w\" sizes=\"auto, (max-width: 212px) 100vw, 212px\" \/><\/p>\n<p><span style=\"font-weight: 400;\">Un any m\u00e9s, en el marc del Sal\u00f3 del Llibre Infantil i Juvenil de Catalunya (Mollerussa) s&#8217;organitza una <\/span><b>jornada dedicada a<\/b><span style=\"font-weight: 400;\"> la lectura i, aquesta en particular, a <\/span><b>la poesia<\/b><span style=\"font-weight: 400;\">. Sota el t\u00edtol La poesia envers l&#8217;escola: <\/span>mirades i experi\u00e8ncies es pret\u00e9n apropar la poesia a l\u2019alumnat des dels centres educatius.<\/p>\n<p><span style=\"font-weight: 400;\">En aquesta edici\u00f3 s\u2019ha intentat lligar el contingut de la jornada amb la import\u00e0ncia de la poesia a les aules i dins la biblioteca escolar. <\/span><\/p>\n<p><span style=\"font-weight: 400;\">Es donaran a con\u00e8ixer diferents propostes de llibres de poesia adre\u00e7ats a alumnat d\u2019infantil, prim\u00e0ria i secund\u00e0ria i es parlar\u00e0 d\u2019alguns criteris de selecci\u00f3 que podem tenir en compte. Es comptar\u00e0 amb la participaci\u00f3 de diverses escoles del Pla d\u2019Urgell que explicaran una acci\u00f3 conjunta i l\u2019Institut La Garrotxa mostrar\u00e0 un projecte de v\u00eddeo poesia.<\/span><\/p>\n<p><span style=\"font-weight: 400;\">La jornada acabar\u00e0 amb un espectacle po\u00e8tic a c\u00e0rrec de Meritxell Gen\u00e9. <\/span><\/p>\n<p><span style=\"font-weight: 400;\">Us adjuntem l&#8217;<\/span><span style=\"font-weight: 400;\">enlla\u00e7 al <a href=\"https:\/\/drive.google.com\/a\/xtec.cat\/file\/d\/1Z8VVUl5uXWfI2nqz4UuxHQFiJFWYtuc0\/view?usp=sharing\" target=\"_blank\" rel=\"noopener\">programa<\/a><\/span><span style=\"font-weight: 400;\"> (on trobareu l&#8217;enlla\u00e7 a la inscripci\u00f3).<\/span><\/p>\n","protected":false},"excerpt":{"rendered":"<p>Un any m\u00e9s, en el marc del Sal\u00f3 del Llibre Infantil i Juvenil de Catalunya (Mollerussa) s&#8217;organitza una jornada dedicada a la lectura i, aquesta en particular, a la poesia.<\/p>\n<p>Inscripcions obertes fins el 4 d&#8217;abril.\u00a0Podeu consultar el <a href=\"https:\/\/drive.google.com\/open?id=1Z8VVUl5uXWfI2nqz4UuxHQFiJFWYtuc0\" target=\"_blank\" rel=\"noopener\">programa<\/a> (on trobareu l\u2019enlla\u00e7 a la inscripci\u00f3).<\/p>\n<p>&nbsp;<\/p>\n","protected":false},"author":6,"featured_media":8106,"comment_status":"open","ping_status":"closed","sticky":false,"template":"","format":"standard","meta":{"site-sidebar-layout":"default","site-content-layout":"","ast-site-content-layout":"","site-content-style":"default","site-sidebar-style":"default","ast-global-header-display":"","ast-banner-title-visibility":"","ast-main-header-display":"","ast-hfb-above-header-display":"","ast-hfb-below-header-display":"","ast-hfb-mobile-header-display":"","site-post-title":"","ast-breadcrumbs-content":"","ast-featured-img":"","footer-sml-layout":"","theme-transparent-header-meta":"","adv-header-id-meta":"","stick-header-meta":"","header-above-stick-meta":"","header-main-stick-meta":"","header-below-stick-meta":"","astra-migrate-meta-layouts":"default","ast-page-background-enabled":"default","ast-page-background-meta":{"desktop":{"background-color":"var(--ast-global-color-4)","background-image":"","background-repeat":"repeat","background-position":"center center","background-size":"auto","background-attachment":"scroll","background-type":"","background-media":"","overlay-type":"","overlay-color":"","overlay-opacity":"","overlay-gradient":""},"tablet":{"background-color":"","background-image":"","background-repeat":"repeat","background-position":"center center","background-size":"auto","background-attachment":"scroll","background-type":"","background-media":"","overlay-type":"","overlay-color":"","overlay-opacity":"","overlay-gradient":""},"mobile":{"background-color":"","background-image":"","background-repeat":"repeat","background-position":"center center","background-size":"auto","background-attachment":"scroll","background-type":"","background-media":"","overlay-type":"","overlay-color":"","overlay-opacity":"","overlay-gradient":""}},"ast-content-background-meta":{"desktop":{"background-color":"var(--ast-global-color-5)","background-image":"","background-repeat":"repeat","background-position":"center center","background-size":"auto","background-attachment":"scroll","background-type":"","background-media":"","overlay-type":"","overlay-color":"","overlay-opacity":"","overlay-gradient":""},"tablet":{"background-color":"var(--ast-global-color-5)","background-image":"","background-repeat":"repeat","background-position":"center center","background-size":"auto","background-attachment":"scroll","background-type":"","background-media":"","overlay-type":"","overlay-color":"","overlay-opacity":"","overlay-gradient":""},"mobile":{"background-color":"var(--ast-global-color-5)","background-image":"","background-repeat":"repeat","background-position":"center center","background-size":"auto","background-attachment":"scroll","background-type":"","background-media":"","overlay-type":"","overlay-color":"","overlay-opacity":"","overlay-gradient":""}},"footnotes":""},"categories":[81,596],"tags":[586],"class_list":["post-8105","post","type-post","status-publish","format-standard","has-post-thumbnail","hentry","category-biblioteques-escolars-alt-penedes","category-be-materials-coordinacio-1819","tag-curs-2018-2019"],"post_mailing_queue_ids":[],"_links":{"self":[{"href":"https:\/\/serveiseducatius.xtec.cat\/altpenedes\/wp-json\/wp\/v2\/posts\/8105","targetHints":{"allow":["GET"]}}],"collection":[{"href":"https:\/\/serveiseducatius.xtec.cat\/altpenedes\/wp-json\/wp\/v2\/posts"}],"about":[{"href":"https:\/\/serveiseducatius.xtec.cat\/altpenedes\/wp-json\/wp\/v2\/types\/post"}],"author":[{"embeddable":true,"href":"https:\/\/serveiseducatius.xtec.cat\/altpenedes\/wp-json\/wp\/v2\/users\/6"}],"replies":[{"embeddable":true,"href":"https:\/\/serveiseducatius.xtec.cat\/altpenedes\/wp-json\/wp\/v2\/comments?post=8105"}],"version-history":[{"count":4,"href":"https:\/\/serveiseducatius.xtec.cat\/altpenedes\/wp-json\/wp\/v2\/posts\/8105\/revisions"}],"predecessor-version":[{"id":8176,"href":"https:\/\/serveiseducatius.xtec.cat\/altpenedes\/wp-json\/wp\/v2\/posts\/8105\/revisions\/8176"}],"wp:featuredmedia":[{"embeddable":true,"href":"https:\/\/serveiseducatius.xtec.cat\/altpenedes\/wp-json\/wp\/v2\/media\/8106"}],"wp:attachment":[{"href":"https:\/\/serveiseducatius.xtec.cat\/altpenedes\/wp-json\/wp\/v2\/media?parent=8105"}],"wp:term":[{"taxonomy":"category","embeddable":true,"href":"https:\/\/serveiseducatius.xtec.cat\/altpenedes\/wp-json\/wp\/v2\/categories?post=8105"},{"taxonomy":"post_tag","embeddable":true,"href":"https:\/\/serveiseducatius.xtec.cat\/altpenedes\/wp-json\/wp\/v2\/tags?post=8105"}],"curies":[{"name":"wp","href":"https:\/\/api.w.org\/{rel}","templated":true}]}}