{"id":7846,"date":"2019-01-28T11:18:17","date_gmt":"2019-01-28T10:18:17","guid":{"rendered":"http:\/\/serveiseducatius.xtec.cat\/altpenedes\/?p=7846"},"modified":"2019-02-04T18:44:56","modified_gmt":"2019-02-04T17:44:56","slug":"xvi-jornades-internacionals-de-recerca-en-didactica-de-les-ciencies-socials","status":"publish","type":"post","link":"https:\/\/serveiseducatius.xtec.cat\/altpenedes\/sstt\/xvi-jornades-internacionals-de-recerca-en-didactica-de-les-ciencies-socials\/","title":{"rendered":"XVI Jornades Internacionals de Recerca en Did\u00e0ctica de les Ci\u00e8ncies Socials"},"content":{"rendered":"<p>Els dies <strong>7, 8 i 9 de febrer de 2019<\/strong> es celebren les <a href=\"http:\/\/jornades.uab.cat\/dcs\/\" target=\"_blank\" rel=\"noopener\"><strong>XVI Jornades Internacionals de Recerca en Did\u00e0ctica de les Ci\u00e8ncies Socials<\/strong><\/a>, a la Facultat de Ci\u00e8ncies de l&#8217;Educaci\u00f3 de la Universitat Aut\u00f2noma de Barcelona. \u00c9s una molt bona oportunitat per compartir experi\u00e8ncies i posar en relaci\u00f3 la pr\u00e0ctica i la teoria, la universitat i les aules. Activitat reconeguda pel Departament d\u2019Ensenyament de la Generalitat de Catalunya, com a formaci\u00f3 del professorat, amb 20 hores.<\/p>\n<p>El per\u00edode d&#8217;<strong>inscripci\u00f3 finalitza el 31 de gener de 2019<\/strong> (places limitades). \u00c9s molt important seguir de manera adequada el proc\u00e9s.d&#8217;inscripci\u00f3:\u00a0<a href=\"http:\/\/jornades.uab.cat\/dcs\/content\/inscripcions\" target=\"_blank\" rel=\"noopener\">http:\/\/jornades.uab.cat\/dcs\/content\/<strong>inscripcions<\/strong><\/a><\/p>\n<p style=\"text-align: center;\"><strong><a href=\"https:\/\/docs.google.com\/forms\/d\/e\/1FAIpQLSdpaIwpka03bxK-TygtEUfypHLSYFbJ9hoJ32AbfY6E2oiT3g\/viewform?c=0&amp;w=1\" target=\"_blank\" rel=\"noopener\">FORMULARI D&#8217;INSCRIPCI\u00d3<\/a><\/strong><\/p>\n<p style=\"text-align: center;\">La inscripci\u00f3 quedar\u00e0 formalitzada amb el pagament corresponent. Recorda enviar un comprovant al correu\u00a0<a href=\"mailto:16jornades.rdcs.uab@gmail.com\">16jornades.rdcs.uab@gmail.com<\/a><\/p>\n<p>ES48 0182 6035 4202 0161 0323 (entitat: BBVA)<br \/>\nQuota: 50 \u20ac (25\u20ac per estudiants o aturats)<br \/>\nConcepte: XVI JORNADES &#8211; COGNOM, NOM<\/p>\n<p style=\"text-align: center;\">M\u00e9s informaci\u00f3 a: <a href=\"http:\/\/jornades.uab.cat\/dcs\/\" target=\"_blank\" rel=\"noopener\">http:\/\/jornades.uab.cat\/dcs\/<\/a><\/p>\n<p><img loading=\"lazy\" decoding=\"async\" class=\" wp-image-7847 alignright\" src=\"https:\/\/serveiseducatius.xtec.cat\/altpenedes\/wp-content\/uploads\/usu763\/2019\/01\/jornades-158x300.jpg\" alt=\"\" width=\"344\" height=\"653\" srcset=\"https:\/\/serveiseducatius.xtec.cat\/altpenedes\/wp-content\/uploads\/usu763\/2019\/01\/jornades-158x300.jpg 158w, https:\/\/serveiseducatius.xtec.cat\/altpenedes\/wp-content\/uploads\/usu763\/2019\/01\/jornades-79x150.jpg 79w\" sizes=\"auto, (max-width: 344px) 100vw, 344px\" \/>PROGRAMA<\/p>\n<p><strong>Dijous 7 (16:00 \u2013 20:00)<\/strong><\/p>\n<ul>\n<li>15:30-16:00 Entrega dels materials<\/li>\n<li>16:00-16:30 Inauguraci\u00f3<\/li>\n<li>16:30-18:00 Confer\u00e8ncia inaugural a c\u00e0rrec de Catherine Duquette<\/li>\n<li>18:00-18:30 Pausa-Caf\u00e8<\/li>\n<li>18:30-20:00 Comunicacions. Experi\u00e8ncies i recerques en E.I, E.P i ESO<\/li>\n<\/ul>\n<p><strong>Divendres 8 (9:00 \u2013 19.30)<\/strong><\/p>\n<ul>\n<li>9:00-10:30 Comunicacions. Recerques i experi\u00e8ncies en Formaci\u00f3 del Professorat<\/li>\n<li>10:30-11:00 Pausa-Caf\u00e8<\/li>\n<li>11:00-12:30 Confer\u00e8ncia a c\u00e0rrec de Jordi Nomen<\/li>\n<li>12:30:14:00 Comunicacions. Recerques i experi\u00e8ncies en Professorat en Actiu<\/li>\n<li>16:00-17:30 Confer\u00e8ncia a c\u00e0rrec de Sonia Miranda<\/li>\n<li>17:30-18:00 Pausa-Caf\u00e8<\/li>\n<li>18:00-19:30 Comunicacions. Experi\u00e8ncies i recerques en EI, EP i ESO<\/li>\n<\/ul>\n<p><strong>Dissabte 19 (9.30 \u2013 14.00)<\/strong><\/p>\n<ul>\n<li>9:30-11:00 \u201cLes investigacions de GREDICS\u201d<\/li>\n<li>11:00-11:30 Pausa-Caf\u00e8<\/li>\n<li>11:30-13:00 Taula Rodona sobre les aportacions de Josep Fontana al camp de l&#8217;educaci\u00f3 i la did\u00e0ctica de les ci\u00e8ncies socials<\/li>\n<li>13:30-14:00 Presentaci\u00f3 de les conclusions i clausura de les jornades<\/li>\n<\/ul>\n<p><em>* Entrega de certificats<\/em><\/p>\n<p>RESUM:<\/p>\n<h4 style=\"text-align: center;\"><strong>7, 8 i 9 de febrer de 2019<\/strong><br \/>\n<strong> El futur comen\u00e7a ara mateix.<\/strong><br \/>\n<strong>L\u2019ensenyament de les ci\u00e8ncies socials per interpretar el m\u00f3n i actuar socialment<\/strong><\/h4>\n<hr \/>\n<p>En les passades jornades ens plantej\u00e0vem quin futur vol\u00edem construir, quina ciutadania educar i quin professorat formar. Des de la Did\u00e0ctica de les Ci\u00e8ncies Socials entenem que el futur ha de tenir un paper predominant en el dia a dia de les aules; per\u00f2 quan comen\u00e7a aquest futur?<br \/>\nNi lluny ni remot, el futur comen\u00e7a ara, en cada acci\u00f3 i cada decisi\u00f3 individual i col\u00b7lectiva que prenem. L\u2019ensenyament i l\u2019aprenentatge de les ci\u00e8ncies socials \u00e9s fonamental per a la formaci\u00f3 d\u2019una ciutadania cr\u00edtica, responsable i activa, capa\u00e7 d\u2019entendre els problemes i reptes del m\u00f3n en el que vivim per tal de posicionar-s\u2019hi i actuar-hi socialment.<br \/>\nEn un m\u00f3n de canvis r\u00e0pids, de desigualtats creixents, de gran impacte de les xarxes, les imatges i els relats dels mitjans, de desafiaments socials i ambientals urgents, alumnat i professorat de les diferents etapes educatives hem d\u2019enfrontar junts els reptes per a la construcci\u00f3 d\u2019un futur on tothom hi tingui cabuda. Per\u00f2 quines eines tenim per a fer-ho? Quin paper hi podem jugar, des de les aules? Perqu\u00e8 no sigui nom\u00e9s un discurs ut\u00f2pic i allunyat de les realitats educatives m\u00e9s palpables, les jornades d\u2019enguany es plantegen sobre quatre eixos b\u00e0sics:<br \/>\n1. Llegir el m\u00f3n: qu\u00e8 veig, qu\u00e8 penso, qu\u00e8 em pregunto? Enfront de la post- veritat i les mentides, el pensament cr\u00edtic i la literacitat cr\u00edtica.<br \/>\n2. Quins projectes? Quins problemes? Quines q\u00fcestions socialment vives? El treball amb problemes com a metodologia o com a continguts de les ci\u00e8ncies socials: entre l\u2019estudi de cas i el treball de problemes socials rellevants.<br \/>\n3. L&#8217;estudi de la societat des de les emocions. Territori, identitat i conviv\u00e8ncia; relats i contra relats de l&#8217;odi; emoci\u00f3 i racionalitat en el poder, el feixisme i la utopia.<br \/>\n4. La hist\u00f2ria, la geografia i les ci\u00e8ncies socials com a projecte social. Consci\u00e8ncia hist\u00f2rica, consci\u00e8ncia geogr\u00e0fica, consci\u00e8ncia ciutadana cr\u00edtica i ciutadania global per a una societat m\u00e9s democr\u00e0tica i m\u00e9s solid\u00e0ria. Volem retre un petit homenatge a Josep Fontana, que defensava la hist\u00f2ria com a projecte social i entenia la consci\u00e8ncia hist\u00f2rica com a imprescindible en el desenvolupament del pensament cr\u00edtic i la capacitat de transformaci\u00f3 de la realitat.<br \/>\nUsant les seves paraules, \u201csi podem ajudar els nostres alumnes a suscitar consci\u00e8ncia cr\u00edtica, a estimular els ciutadans per tal que pensin pel seu compte i es malfi\u00efn de tots aquells que pretenguin mobilitzar-los sobre la base de sentiments, creences i prejudicis, i no sobre les de la ra\u00f3, caldria admetre que aquest ofici nostre val realment la pena\u201d.<\/p>\n<p><strong>Comit\u00e8 Organitzador de les XVI Jornades de Recerca en Did\u00e0ctica de les Ci\u00e8ncies Socials<\/strong><\/p>\n<p>Unitat Departamental de Did\u00e0ctica de les Ci\u00e8ncies Socials \u2013 GREDICS.<br \/>\nFacultat de Ci\u00e8ncies de l\u2019Educaci\u00f3. UAB.<br \/>\nEdifici G-5. 08193, Bellaterra-Cerdanyola del Vall\u00e8s (Barcelona).<\/p>\n","protected":false},"excerpt":{"rendered":"<p>Els dies <strong>7, 8 i 9 de febrer de 2019<\/strong> es celebren les <a href=\"http:\/\/jornades.uab.cat\/dcs\/\" target=\"_blank\" rel=\"noopener\"><strong>XVI Jornades Internacionals de Recerca en Did\u00e0ctica de les Ci\u00e8ncies Socials<\/strong><\/a>, a la Facultat de Ci\u00e8ncies de l&#8217;Educaci\u00f3 de la Universitat Aut\u00f2noma de Barcelona.<br \/>\nEl per\u00edode d&#8217;<strong>inscripci\u00f3 finalitza el 31 de gener de 2019<\/strong> (places limitades). <a href=\"https:\/\/docs.google.com\/forms\/d\/e\/1FAIpQLSdpaIwpka03bxK-TygtEUfypHLSYFbJ9hoJ32AbfY6E2oiT3g\/viewform?c=0&amp;w=1\" target=\"_blank\" rel=\"noopener\">FORMULARI D&#8217;INSCRIPCI\u00d3<\/a><\/strong><\/p>\n","protected":false},"author":6,"featured_media":7847,"comment_status":"open","ping_status":"closed","sticky":false,"template":"","format":"standard","meta":{"site-sidebar-layout":"default","site-content-layout":"","ast-site-content-layout":"","site-content-style":"default","site-sidebar-style":"default","ast-global-header-display":"","ast-banner-title-visibility":"","ast-main-header-display":"","ast-hfb-above-header-display":"","ast-hfb-below-header-display":"","ast-hfb-mobile-header-display":"","site-post-title":"","ast-breadcrumbs-content":"","ast-featured-img":"","footer-sml-layout":"","theme-transparent-header-meta":"","adv-header-id-meta":"","stick-header-meta":"","header-above-stick-meta":"","header-main-stick-meta":"","header-below-stick-meta":"","astra-migrate-meta-layouts":"default","ast-page-background-enabled":"default","ast-page-background-meta":{"desktop":{"background-color":"var(--ast-global-color-4)","background-image":"","background-repeat":"repeat","background-position":"center center","background-size":"auto","background-attachment":"scroll","background-type":"","background-media":"","overlay-type":"","overlay-color":"","overlay-opacity":"","overlay-gradient":""},"tablet":{"background-color":"","background-image":"","background-repeat":"repeat","background-position":"center center","background-size":"auto","background-attachment":"scroll","background-type":"","background-media":"","overlay-type":"","overlay-color":"","overlay-opacity":"","overlay-gradient":""},"mobile":{"background-color":"","background-image":"","background-repeat":"repeat","background-position":"center center","background-size":"auto","background-attachment":"scroll","background-type":"","background-media":"","overlay-type":"","overlay-color":"","overlay-opacity":"","overlay-gradient":""}},"ast-content-background-meta":{"desktop":{"background-color":"var(--ast-global-color-5)","background-image":"","background-repeat":"repeat","background-position":"center center","background-size":"auto","background-attachment":"scroll","background-type":"","background-media":"","overlay-type":"","overlay-color":"","overlay-opacity":"","overlay-gradient":""},"tablet":{"background-color":"var(--ast-global-color-5)","background-image":"","background-repeat":"repeat","background-position":"center center","background-size":"auto","background-attachment":"scroll","background-type":"","background-media":"","overlay-type":"","overlay-color":"","overlay-opacity":"","overlay-gradient":""},"mobile":{"background-color":"var(--ast-global-color-5)","background-image":"","background-repeat":"repeat","background-position":"center center","background-size":"auto","background-attachment":"scroll","background-type":"","background-media":"","overlay-type":"","overlay-color":"","overlay-opacity":"","overlay-gradient":""}},"footnotes":""},"categories":[222],"tags":[586],"class_list":["post-7846","post","type-post","status-publish","format-standard","has-post-thumbnail","hentry","category-sstt","tag-curs-2018-2019"],"post_mailing_queue_ids":[],"_links":{"self":[{"href":"https:\/\/serveiseducatius.xtec.cat\/altpenedes\/wp-json\/wp\/v2\/posts\/7846","targetHints":{"allow":["GET"]}}],"collection":[{"href":"https:\/\/serveiseducatius.xtec.cat\/altpenedes\/wp-json\/wp\/v2\/posts"}],"about":[{"href":"https:\/\/serveiseducatius.xtec.cat\/altpenedes\/wp-json\/wp\/v2\/types\/post"}],"author":[{"embeddable":true,"href":"https:\/\/serveiseducatius.xtec.cat\/altpenedes\/wp-json\/wp\/v2\/users\/6"}],"replies":[{"embeddable":true,"href":"https:\/\/serveiseducatius.xtec.cat\/altpenedes\/wp-json\/wp\/v2\/comments?post=7846"}],"version-history":[{"count":3,"href":"https:\/\/serveiseducatius.xtec.cat\/altpenedes\/wp-json\/wp\/v2\/posts\/7846\/revisions"}],"predecessor-version":[{"id":7850,"href":"https:\/\/serveiseducatius.xtec.cat\/altpenedes\/wp-json\/wp\/v2\/posts\/7846\/revisions\/7850"}],"wp:featuredmedia":[{"embeddable":true,"href":"https:\/\/serveiseducatius.xtec.cat\/altpenedes\/wp-json\/wp\/v2\/media\/7847"}],"wp:attachment":[{"href":"https:\/\/serveiseducatius.xtec.cat\/altpenedes\/wp-json\/wp\/v2\/media?parent=7846"}],"wp:term":[{"taxonomy":"category","embeddable":true,"href":"https:\/\/serveiseducatius.xtec.cat\/altpenedes\/wp-json\/wp\/v2\/categories?post=7846"},{"taxonomy":"post_tag","embeddable":true,"href":"https:\/\/serveiseducatius.xtec.cat\/altpenedes\/wp-json\/wp\/v2\/tags?post=7846"}],"curies":[{"name":"wp","href":"https:\/\/api.w.org\/{rel}","templated":true}]}}