{"id":7251,"date":"2018-06-12T18:07:45","date_gmt":"2018-06-12T16:07:45","guid":{"rendered":"http:\/\/serveiseducatius.xtec.cat\/altpenedes\/?p=7251"},"modified":"2018-10-17T21:15:36","modified_gmt":"2018-10-17T19:15:36","slug":"vii-jornada-amb-motiu-del-dia-internacional-de-leducacio-no-sexista","status":"publish","type":"post","link":"https:\/\/serveiseducatius.xtec.cat\/altpenedes\/general\/vii-jornada-amb-motiu-del-dia-internacional-de-leducacio-no-sexista\/","title":{"rendered":"VII Jornada amb motiu del dia Internacional de l\u2019educaci\u00f3 no sexista"},"content":{"rendered":"<p><img loading=\"lazy\" decoding=\"async\" class=\"size-medium wp-image-7252 alignright\" src=\"http:\/\/serveiseducatius.xtec.cat\/altpenedes\/wp-content\/uploads\/usu763\/2018\/06\/JornadaVG-300x164.jpg\" alt=\"\" width=\"300\" height=\"164\" srcset=\"https:\/\/serveiseducatius.xtec.cat\/altpenedes\/wp-content\/uploads\/usu763\/2018\/06\/JornadaVG-300x164.jpg 300w, https:\/\/serveiseducatius.xtec.cat\/altpenedes\/wp-content\/uploads\/usu763\/2018\/06\/JornadaVG-150x82.jpg 150w, https:\/\/serveiseducatius.xtec.cat\/altpenedes\/wp-content\/uploads\/usu763\/2018\/06\/JornadaVG.jpg 343w\" sizes=\"auto, (max-width: 300px) 100vw, 300px\" \/>El <strong>26 de juny de 2018<\/strong> de 9 a 14,30h a la sala d&#8217;actes de la Casa del Mar (Carrer d&#8217;Albareda, 1-13 Barcelona) tindr\u00e0 lloc la<strong> VII Jornada amb motiu del Dia internacional de l&#8217;educaci\u00f3 no sexista. Eduquem en les relacions afectives lliures de viol\u00e8ncia.<\/strong><\/p>\n<p>La <strong><a href=\"https:\/\/aplicacions.gestioeducativa.gencat.cat\/pls\/soloas\/pk_for_mod_ins.p_for_cons_activitats?p_any=2017-2018&amp;p_codi=9000090541\" target=\"_blank\" rel=\"noopener noreferrer\">INSCRIPCI\u00d3<\/a><\/strong>\u00a0s&#8217;ha de fer de l&#8217;11 al 22 de juny. L&#8217;adjudicaci\u00f3 es pot consultar el 25 de juny.<\/p>\n<hr \/>\n<p style=\"text-align: center;\"><strong>Programa provisional de la VII Jornada amb motiu del Dia internacional de l&#8217;educaci\u00f3 no sexista Eduquem en les relacions afectives lliures de viol\u00e8ncia<\/strong><\/p>\n<h6>Descripci\u00f3<\/h6>\n<p>El Departament d\u2019Ensenyament i l\u2019Institut Catal\u00e0 de les Dones organitzen la jornada dedicada a analitzar la feina feta i la feina que queda per fer en l\u2019\u00e0mbit educatiu, seguint el mandat de la <em>Llei 5\/2008, de 24 d\u2019abril, del dret de les dones a erradicar la viol\u00e8ncia masclista<\/em>, incorporant la coeducaci\u00f3 com a element fonamental en la prevenci\u00f3 de la viol\u00e8ncia masclista. Altrament, la jornada vol ser un intercanvi d\u2019experi\u00e8ncies coeducatives que es duen a terme tant en l\u2019\u00e0mbit de l\u2019aula com del centre i de la comunitat educativa.<\/p>\n<p>Est\u00e0 adre\u00e7ada a tots i a totes les docents de les diferents etapes educatives i ensenyaments, per\u00f2 tamb\u00e9 est\u00e0 oberta a altres professionals que hi tinguin inter\u00e8s.<\/p>\n<h6>Objectius<\/h6>\n<p>\u25cf Commemorar el Dia internacional de l\u2019educaci\u00f3 no sexista i el 10\u00e8 aniversari de la <em>Llei 5\/2008 dels drets de les dones per erradicar la viol\u00e8ncia masclista<\/em><br \/>\n\u25cf Reflexionar sobre com educar en les relacions afectives lliures de viol\u00e8ncia<br \/>\n\u25cf Intercanviar experi\u00e8ncies igualit\u00e0ries i coeducatives dutes a terme en centres educatius<\/p>\n<h6>Programa<\/h6>\n<p><strong>9 h<\/strong> Registre i lliurament de la documentaci\u00f3<\/p>\n<p><strong>9.30 h<\/strong> Benvinguda i inauguraci\u00f3 de la Jornada<\/p>\n<p>Presentaci\u00f3 institucional a c\u00e0rrec de representants del Departament d\u2019Ensenyament i de l\u2019Institut Catal\u00e0 de les Dones<\/p>\n<p><strong>10 h<\/strong> Confer\u00e8ncia: <strong>La viol\u00e8ncia masclista persistent: el paper de l\u2019educaci\u00f3<\/strong><\/p>\n<p style=\"padding-left: 30px;\">Ponent: T\u00e0nia Verge Mestre<br \/>\nProfessora de Ci\u00e8ncia Pol\u00edtica i Directora de la Unitat d&#8217;Igualtat a la Universitat Pompeu Fabra<\/p>\n<p style=\"padding-left: 30px;\">Torn obert de preguntes<\/p>\n<p><strong>11.15 h-11.45 h<\/strong> Pausa<\/p>\n<p><strong>11.45 h<\/strong> Taula rodona:<\/p>\n<p>Persones expertes en viol\u00e8ncia masclista explicaran les actuacions que des del seu \u00e0mbit duen a terme en la prevenci\u00f3, sensibilitzaci\u00f3, detecci\u00f3 i atenci\u00f3 de la viol\u00e8ncia masclista en nens i nenes i noies i nois.<\/p>\n<p style=\"padding-left: 30px;\">Modera: N\u00faria Ramon P\u00e9rez, directora de l\u2019Institut Catal\u00e0 de les Dones<\/p>\n<p style=\"padding-left: 30px;\">\u25cf Mossos d\u2019esquadra (tallers sobre viol\u00e8ncia masclista a escoles i instituts)<br \/>\n\u25cf Institut de Ci\u00e8ncies de l\u2019Educaci\u00f3- UAB (recerca i intervenci\u00f3 en coeducaci\u00f3)<br \/>\n\u25cf Tamaia Viure Sense Viol\u00e8ncia (atenci\u00f3 a les dones, superaci\u00f3 del patriarcat)<\/p>\n<p style=\"padding-left: 30px;\">Torn obert de preguntes<\/p>\n<p><strong>12:45 h<\/strong> Experi\u00e8ncies als centres<\/p>\n<p style=\"padding-left: 30px;\">Presentaci\u00f3 d\u2019experi\u00e8ncies coeducatives d\u2019\u00e8xit, per visualitzar les intervencions en els diferents ensenyaments.<\/p>\n<p style=\"padding-left: 30px;\">Modera: Persona representant del Departament d\u2019Ensenyament<\/p>\n<p><strong>13.45 h<\/strong> Cloenda<\/p>\n<p><strong>14.00 h<\/strong> Dinamitzaci\u00f3 basada en tem\u00e0tica de g\u00e8nere per part de l\u2019alumnat de cicles formatius de la fam\u00edlia professional de Serveis Socioculturals i a la Comunitat<\/p>\n<p><strong>14.30 h<\/strong> Fi de la jornada<\/p>\n<h6>Requisits de certificaci\u00f3<\/h6>\n<p>Assist\u00e8ncia a un m\u00ednim del 80% de les hores presencials de formaci\u00f3<\/p>\n<h6>Persones destinat\u00e0ries<\/h6>\n<p>Personal docent de les diferents etapes educatives i ensenyaments<br \/>\nPersonal de suport educatiu<br \/>\nInspecci\u00f3 educativa<br \/>\nPersones de les administracions p\u00fabliques vinculades amb temes de g\u00e8nere<\/p>\n<h6>Inscripci\u00f3<\/h6>\n<p>Des de l\u201911\/06\/18 fins el 22\/06\/2018<\/p>\n<hr \/>\n<p>Edici\u00f3 anterior:\u00a0<a href=\"http:\/\/xtec.gencat.cat\/ca\/curriculum\/coeducacio\/jornada-educacio-no-sexista-\/index.html\" target=\"_blank\" rel=\"noopener noreferrer\">http:\/\/xtec.gencat.cat\/ca\/curriculum\/coeducacio\/jornada-educacio-no-sexista-\/index.html<\/a><\/p>\n","protected":false},"excerpt":{"rendered":"<p>Obertes les <strong><a href=\"https:\/\/aplicacions.ensenyament.gencat.cat\/pls\/soloas\/pk_for_mod_ins.p_for_cons_activitats?p_any=2017-2018&amp;p_codi=9000090541\" target=\"_blank\" rel=\"noopener noreferrer\">inscripcions<\/a><\/strong> fins el 22 de juny a la Jornada de coeducaci\u00f3 que el Departament d\u2019Ensenyament i l\u2019Institut Catal\u00e0 de les Dones organitzen pel dia 26 de juny de 2018<\/strong> de 9 a 14,30h a la sala d&#8217;actes de la Casa del Mar, Barcelona. <\/p>\n","protected":false},"author":6,"featured_media":7252,"comment_status":"open","ping_status":"closed","sticky":false,"template":"","format":"standard","meta":{"site-sidebar-layout":"default","site-content-layout":"","ast-site-content-layout":"","site-content-style":"default","site-sidebar-style":"default","ast-global-header-display":"","ast-banner-title-visibility":"","ast-main-header-display":"","ast-hfb-above-header-display":"","ast-hfb-below-header-display":"","ast-hfb-mobile-header-display":"","site-post-title":"","ast-breadcrumbs-content":"","ast-featured-img":"","footer-sml-layout":"","theme-transparent-header-meta":"","adv-header-id-meta":"","stick-header-meta":"","header-above-stick-meta":"","header-main-stick-meta":"","header-below-stick-meta":"","astra-migrate-meta-layouts":"default","ast-page-background-enabled":"default","ast-page-background-meta":{"desktop":{"background-color":"var(--ast-global-color-4)","background-image":"","background-repeat":"repeat","background-position":"center center","background-size":"auto","background-attachment":"scroll","background-type":"","background-media":"","overlay-type":"","overlay-color":"","overlay-opacity":"","overlay-gradient":""},"tablet":{"background-color":"","background-image":"","background-repeat":"repeat","background-position":"center center","background-size":"auto","background-attachment":"scroll","background-type":"","background-media":"","overlay-type":"","overlay-color":"","overlay-opacity":"","overlay-gradient":""},"mobile":{"background-color":"","background-image":"","background-repeat":"repeat","background-position":"center center","background-size":"auto","background-attachment":"scroll","background-type":"","background-media":"","overlay-type":"","overlay-color":"","overlay-opacity":"","overlay-gradient":""}},"ast-content-background-meta":{"desktop":{"background-color":"var(--ast-global-color-5)","background-image":"","background-repeat":"repeat","background-position":"center center","background-size":"auto","background-attachment":"scroll","background-type":"","background-media":"","overlay-type":"","overlay-color":"","overlay-opacity":"","overlay-gradient":""},"tablet":{"background-color":"var(--ast-global-color-5)","background-image":"","background-repeat":"repeat","background-position":"center center","background-size":"auto","background-attachment":"scroll","background-type":"","background-media":"","overlay-type":"","overlay-color":"","overlay-opacity":"","overlay-gradient":""},"mobile":{"background-color":"var(--ast-global-color-5)","background-image":"","background-repeat":"repeat","background-position":"center center","background-size":"auto","background-attachment":"scroll","background-type":"","background-media":"","overlay-type":"","overlay-color":"","overlay-opacity":"","overlay-gradient":""}},"footnotes":""},"categories":[222,1],"tags":[566,518],"class_list":["post-7251","post","type-post","status-publish","format-standard","has-post-thumbnail","hentry","category-sstt","category-general","tag-coeducacio","tag-curs-2017-2018"],"post_mailing_queue_ids":[],"_links":{"self":[{"href":"https:\/\/serveiseducatius.xtec.cat\/altpenedes\/wp-json\/wp\/v2\/posts\/7251","targetHints":{"allow":["GET"]}}],"collection":[{"href":"https:\/\/serveiseducatius.xtec.cat\/altpenedes\/wp-json\/wp\/v2\/posts"}],"about":[{"href":"https:\/\/serveiseducatius.xtec.cat\/altpenedes\/wp-json\/wp\/v2\/types\/post"}],"author":[{"embeddable":true,"href":"https:\/\/serveiseducatius.xtec.cat\/altpenedes\/wp-json\/wp\/v2\/users\/6"}],"replies":[{"embeddable":true,"href":"https:\/\/serveiseducatius.xtec.cat\/altpenedes\/wp-json\/wp\/v2\/comments?post=7251"}],"version-history":[{"count":3,"href":"https:\/\/serveiseducatius.xtec.cat\/altpenedes\/wp-json\/wp\/v2\/posts\/7251\/revisions"}],"predecessor-version":[{"id":7268,"href":"https:\/\/serveiseducatius.xtec.cat\/altpenedes\/wp-json\/wp\/v2\/posts\/7251\/revisions\/7268"}],"wp:featuredmedia":[{"embeddable":true,"href":"https:\/\/serveiseducatius.xtec.cat\/altpenedes\/wp-json\/wp\/v2\/media\/7252"}],"wp:attachment":[{"href":"https:\/\/serveiseducatius.xtec.cat\/altpenedes\/wp-json\/wp\/v2\/media?parent=7251"}],"wp:term":[{"taxonomy":"category","embeddable":true,"href":"https:\/\/serveiseducatius.xtec.cat\/altpenedes\/wp-json\/wp\/v2\/categories?post=7251"},{"taxonomy":"post_tag","embeddable":true,"href":"https:\/\/serveiseducatius.xtec.cat\/altpenedes\/wp-json\/wp\/v2\/tags?post=7251"}],"curies":[{"name":"wp","href":"https:\/\/api.w.org\/{rel}","templated":true}]}}