{"id":7003,"date":"2018-04-06T13:59:57","date_gmt":"2018-04-06T11:59:57","guid":{"rendered":"http:\/\/serveiseducatius.xtec.cat\/altpenedes\/?p=7003"},"modified":"2018-05-09T09:25:13","modified_gmt":"2018-05-09T07:25:13","slug":"vilapensa-concurs-de-fotografia-filosofica-photopensa18","status":"publish","type":"post","link":"https:\/\/serveiseducatius.xtec.cat\/altpenedes\/vilafranca\/vilapensa-concurs-de-fotografia-filosofica-photopensa18\/","title":{"rendered":"VILAPENSA | Concurs de fotografia filos\u00f2fica #PhotoPensa18"},"content":{"rendered":"<h4><sub><strong><img loading=\"lazy\" decoding=\"async\" class=\"alignright wp-image-7004 size-medium\" src=\"http:\/\/serveiseducatius.xtec.cat\/altpenedes\/wp-content\/uploads\/usu763\/2018\/04\/vilapensa-300x272.jpg\" alt=\"\" width=\"300\" height=\"272\" srcset=\"https:\/\/serveiseducatius.xtec.cat\/altpenedes\/wp-content\/uploads\/usu763\/2018\/04\/vilapensa-300x272.jpg 300w, https:\/\/serveiseducatius.xtec.cat\/altpenedes\/wp-content\/uploads\/usu763\/2018\/04\/vilapensa-150x136.jpg 150w, https:\/\/serveiseducatius.xtec.cat\/altpenedes\/wp-content\/uploads\/usu763\/2018\/04\/vilapensa.jpg 552w\" sizes=\"auto, (max-width: 300px) 100vw, 300px\" \/>VILAPENSA | Festival del pensament del Pened\u00e8s, del 18 al 22 d&#8217;abril<\/strong><\/sub><\/h4>\n<p>Durant aquest dies\u00a0trobareu una\u00a0gran diversitat d&#8217;actes programats i una oferta cultural de gran nivell just al costat de casa. No us deixeu passar l&#8217;oportunitat de gaudir d&#8217;aquells que us cridin mes l&#8217;atenci\u00f3 o us semblin prou interessants. <a href=\"https:\/\/drive.google.com\/open?id=1IdJGwWLArcRxZurWuh4LMJz5rm4dwhEk\" target=\"_blank\" rel=\"noopener noreferrer\">Programa Vila?ensa<\/a><\/p>\n<p>Animeu-vos tamb\u00e9\u00a0a participar en el concurs de fotografia filos\u00f2fica\u00a0a trav\u00e9s d&#8217;Instagram <strong>#PhotoPensa18<\/strong>, ja que nom\u00e9s cal una c\u00e0mera fotogr\u00e0fica o un m\u00f2bil, i deixar anar una mica la imaginaci\u00f3: de qualsevol imatge en podem extreure un contingut diferent del convencional! Vegeu les\u00a0<a href=\"https:\/\/drive.google.com\/open?id=1Klv20B_xNbsZOv6UL596uHHrHfvrPA_5\" target=\"_blank\" rel=\"noopener noreferrer\">Bases del concurs de fotografia filos\u00f2fica<\/a>.<\/p>\n<p>En el propi hashtag d&#8217;Instagram podeu veure les fotos fins ara penjades, que us poden orientar a l&#8217;hora de presentar les vostres pr\u00f2pies creacions. \u00c0nims i mostreu la vostra inspiraci\u00f3!<\/p>\n<p>&nbsp;<\/p>\n","protected":false},"excerpt":{"rendered":"<p>No us deixeu passar l&#8217;oportunitat de gaudir d&#8217;aquells actes que us cridin mes l&#8217;atenci\u00f3 o us semblin prou interessants. <a href=\"https:\/\/drive.google.com\/open?id=1IdJGwWLArcRxZurWuh4LMJz5rm4dwhEk\" target=\"_blank\" rel=\"noopener noreferrer\">Programa Vila?ensa<\/a><br \/>\nAnimeu-vos tamb\u00e9 a participar en el concurs de fotografia filos\u00f2fica\u00a0a trav\u00e9s d&#8217;Instagram #PhotoPensa18<\/p>\n","protected":false},"author":6,"featured_media":7004,"comment_status":"open","ping_status":"closed","sticky":false,"template":"","format":"standard","meta":{"site-sidebar-layout":"default","site-content-layout":"","ast-site-content-layout":"","site-content-style":"default","site-sidebar-style":"default","ast-global-header-display":"","ast-banner-title-visibility":"","ast-main-header-display":"","ast-hfb-above-header-display":"","ast-hfb-below-header-display":"","ast-hfb-mobile-header-display":"","site-post-title":"","ast-breadcrumbs-content":"","ast-featured-img":"","footer-sml-layout":"","theme-transparent-header-meta":"","adv-header-id-meta":"","stick-header-meta":"","header-above-stick-meta":"","header-main-stick-meta":"","header-below-stick-meta":"","astra-migrate-meta-layouts":"default","ast-page-background-enabled":"default","ast-page-background-meta":{"desktop":{"background-color":"var(--ast-global-color-4)","background-image":"","background-repeat":"repeat","background-position":"center center","background-size":"auto","background-attachment":"scroll","background-type":"","background-media":"","overlay-type":"","overlay-color":"","overlay-opacity":"","overlay-gradient":""},"tablet":{"background-color":"","background-image":"","background-repeat":"repeat","background-position":"center center","background-size":"auto","background-attachment":"scroll","background-type":"","background-media":"","overlay-type":"","overlay-color":"","overlay-opacity":"","overlay-gradient":""},"mobile":{"background-color":"","background-image":"","background-repeat":"repeat","background-position":"center center","background-size":"auto","background-attachment":"scroll","background-type":"","background-media":"","overlay-type":"","overlay-color":"","overlay-opacity":"","overlay-gradient":""}},"ast-content-background-meta":{"desktop":{"background-color":"var(--ast-global-color-5)","background-image":"","background-repeat":"repeat","background-position":"center center","background-size":"auto","background-attachment":"scroll","background-type":"","background-media":"","overlay-type":"","overlay-color":"","overlay-opacity":"","overlay-gradient":""},"tablet":{"background-color":"var(--ast-global-color-5)","background-image":"","background-repeat":"repeat","background-position":"center center","background-size":"auto","background-attachment":"scroll","background-type":"","background-media":"","overlay-type":"","overlay-color":"","overlay-opacity":"","overlay-gradient":""},"mobile":{"background-color":"var(--ast-global-color-5)","background-image":"","background-repeat":"repeat","background-position":"center center","background-size":"auto","background-attachment":"scroll","background-type":"","background-media":"","overlay-type":"","overlay-color":"","overlay-opacity":"","overlay-gradient":""}},"footnotes":""},"categories":[449,219],"tags":[518],"class_list":["post-7003","post","type-post","status-publish","format-standard","has-post-thumbnail","hentry","category-media","category-vilafranca","tag-curs-2017-2018"],"post_mailing_queue_ids":[],"_links":{"self":[{"href":"https:\/\/serveiseducatius.xtec.cat\/altpenedes\/wp-json\/wp\/v2\/posts\/7003","targetHints":{"allow":["GET"]}}],"collection":[{"href":"https:\/\/serveiseducatius.xtec.cat\/altpenedes\/wp-json\/wp\/v2\/posts"}],"about":[{"href":"https:\/\/serveiseducatius.xtec.cat\/altpenedes\/wp-json\/wp\/v2\/types\/post"}],"author":[{"embeddable":true,"href":"https:\/\/serveiseducatius.xtec.cat\/altpenedes\/wp-json\/wp\/v2\/users\/6"}],"replies":[{"embeddable":true,"href":"https:\/\/serveiseducatius.xtec.cat\/altpenedes\/wp-json\/wp\/v2\/comments?post=7003"}],"version-history":[{"count":3,"href":"https:\/\/serveiseducatius.xtec.cat\/altpenedes\/wp-json\/wp\/v2\/posts\/7003\/revisions"}],"predecessor-version":[{"id":7007,"href":"https:\/\/serveiseducatius.xtec.cat\/altpenedes\/wp-json\/wp\/v2\/posts\/7003\/revisions\/7007"}],"wp:featuredmedia":[{"embeddable":true,"href":"https:\/\/serveiseducatius.xtec.cat\/altpenedes\/wp-json\/wp\/v2\/media\/7004"}],"wp:attachment":[{"href":"https:\/\/serveiseducatius.xtec.cat\/altpenedes\/wp-json\/wp\/v2\/media?parent=7003"}],"wp:term":[{"taxonomy":"category","embeddable":true,"href":"https:\/\/serveiseducatius.xtec.cat\/altpenedes\/wp-json\/wp\/v2\/categories?post=7003"},{"taxonomy":"post_tag","embeddable":true,"href":"https:\/\/serveiseducatius.xtec.cat\/altpenedes\/wp-json\/wp\/v2\/tags?post=7003"}],"curies":[{"name":"wp","href":"https:\/\/api.w.org\/{rel}","templated":true}]}}