{"id":6965,"date":"2018-03-22T18:16:33","date_gmt":"2018-03-22T17:16:33","guid":{"rendered":"http:\/\/serveiseducatius.xtec.cat\/altpenedes\/?p=6965"},"modified":"2018-04-06T09:32:58","modified_gmt":"2018-04-06T07:32:58","slug":"semifinalistes-i-retransmissio-del-xive-certamen-de-lectura-en-veu-alta-alt-penedes","status":"publish","type":"post","link":"https:\/\/serveiseducatius.xtec.cat\/altpenedes\/portada\/semifinalistes-i-retransmissio-del-xive-certamen-de-lectura-en-veu-alta-alt-penedes\/","title":{"rendered":"Semifinalistes i retransmissi\u00f3 del XIV\u00e8 Certamen de Lectura en Veu Alta | Alt Pened\u00e8s"},"content":{"rendered":"<p>A l\u2019Auditori de Vilafranca s\u2019ha celebrat l&#8217;acte dels <strong>Quarts de final del Certamen de Lectura en Veu Alta 2018 de l\u2019Alt Pened\u00e8s<\/strong>. Hi han participat 56 lectors i lectores de les categories Grumets vermells, Grumets verds, Corsaris i Tropa de Corsaris, alumnes de 25 centres educatius de la comarca. Podeu veure <a href=\"https:\/\/www.rtvvilafranca.cat\/programa\/lectura-veu-alta\/f\/182854-20180321\" target=\"_blank\" rel=\"noopener noreferrer\">tot l&#8217;acte a Pened\u00e8s TV<\/a> i el seguiment a les xarxes a <a href=\"https:\/\/twitter.com\/search?q=%23clvaaltpenedes18&amp;src=typd\" target=\"_blank\" rel=\"noopener noreferrer\">#clvaaltpenedes18.<\/a><\/p>\n<p>El jurat, despr\u00e9s de valorar-ne la dicci\u00f3, la interpretaci\u00f3 i el ritme, ha seleccionat els seg\u00fcents <strong>lectors i lectores que han passat a la semifinal<\/strong> que es celebrar\u00e0 a Barcelona (vegeu <a href=\"http:\/\/www.lecturaenveualta.cat\/esdeveniments\/\" target=\"_blank\" rel=\"noopener noreferrer\">agenda del certamen<\/a>):<\/p>\n<table style=\"width: 96.2706%;\">\n<tbody>\n<tr style=\"height: 102px;\">\n<td style=\"width: 11%; height: 102px;\"><img loading=\"lazy\" decoding=\"async\" class=\"wp-image-6966 aligncenter\" src=\"http:\/\/serveiseducatius.xtec.cat\/altpenedes\/wp-content\/uploads\/usu763\/2018\/03\/g-vermells.jpg\" alt=\"\" width=\"61\" height=\"86\" \/><\/td>\n<td style=\"width: 97.8354%; height: 102px;\">GRUMETS VERMELLS | cicle mitj\u00e0 de prim\u00e0ria | individual<\/p>\n<ul style=\"list-style-type: circle;\">\n<li>Sara Briones &#8211; Vedruna Sant Elies (Vilafranca)<\/li>\n<li>Oussama Boujaada &#8211; Esc. Jacint Verdaguer (La Granada)<\/li>\n<\/ul>\n<\/td>\n<\/tr>\n<tr style=\"height: 107px;\">\n<td style=\"width: 11%; height: 107px;\"><img loading=\"lazy\" decoding=\"async\" class=\"wp-image-6967 aligncenter\" src=\"http:\/\/serveiseducatius.xtec.cat\/altpenedes\/wp-content\/uploads\/usu763\/2018\/03\/g-verds.jpg\" alt=\"\" width=\"62\" height=\"88\" \/><\/td>\n<td style=\"width: 97.8354%; height: 107px;\">GRUMETS VERDS | cicle superior de prim\u00e0ria | individual<\/p>\n<ul style=\"list-style-type: circle;\">\n<li>Jana Picas Via &#8211; Esc. La Cabana (Les Cabanyes)<\/li>\n<li>Iv\u00e1n Fern\u00e1ndez Due\u00f1as &#8211; Esc. J. Balt\u00e0 Elias (Vilafranca)<\/li>\n<\/ul>\n<\/td>\n<\/tr>\n<tr style=\"height: 95px;\">\n<td style=\"width: 11%; height: 95px;\"><img loading=\"lazy\" decoding=\"async\" class=\"wp-image-6968 aligncenter\" src=\"http:\/\/serveiseducatius.xtec.cat\/altpenedes\/wp-content\/uploads\/usu763\/2018\/03\/corsaris.jpg\" alt=\"\" width=\"55\" height=\"75\" \/><\/td>\n<td style=\"width: 97.8354%; height: 95px;\">CORSARIS | primer cicle d&#8217;ESO | individual<\/p>\n<ul style=\"list-style-type: circle;\">\n<li>Anna Mart\u00ednez Gal\u00e1n &#8211; Institut Alt Pened\u00e8s (Vilafranca)<\/li>\n<\/ul>\n<\/td>\n<\/tr>\n<tr style=\"height: 110px;\">\n<td style=\"width: 11%; height: 110px;\"><img loading=\"lazy\" decoding=\"async\" class=\"wp-image-6969 aligncenter\" src=\"http:\/\/serveiseducatius.xtec.cat\/altpenedes\/wp-content\/uploads\/usu763\/2018\/03\/tropa-c.jpg\" alt=\"\" width=\"71\" height=\"91\" \/><\/td>\n<td style=\"width: 97.8354%; height: 110px;\">TROPA DE CORSARIS | segon cicle d&#8217;ESO | grup de tres<\/p>\n<ul style=\"list-style-type: circle;\">\n<li>Valeria Caro, Emma Sala i Maria Fern\u00e1ndez &#8211; Vedruna Sant Elies (Vilafranca)<\/li>\n<\/ul>\n<\/td>\n<\/tr>\n<\/tbody>\n<\/table>\n<p style=\"text-align: left;\">Donem l&#8217;enhorabona a les escoles i als instituts participants per l&#8217;alta qualitat del nivell lectors de l&#8217;alumnat i la implicaci\u00f3 del professorat. Tots els centres rebran un diploma acreditatiu de participaci\u00f3:<\/p>\n<p style=\"text-align: left;\">ESCOLA SANT JOSEP Vilafranca del Pened\u00e8s<br \/>\nESCOLA EL CASTELLOT Castellv\u00ed de la Marca<br \/>\nESCOLA SUBIRATS Subirats<br \/>\nESCOLA JACINT VERDAGUER La Granada<br \/>\nESCOLA DR. SAMARANCH I FINA Santa Margarida i els Monjos<br \/>\nESCOLA SANT DOM\u00c8NEC Santa Margarida i els Monjos<br \/>\nESCOLA J. BALT\u00c0 I ELIES Vilafranca del Pened\u00e8s<br \/>\nESCOLA ROSSEND MONTAN\u00c9 Sant Pere Molanta (Ol\u00e8rdola)<br \/>\nESCOLA ANTONI GRAU MINGUELL Sant Quint\u00ed de Mediona<br \/>\nESCOLA LA CABANA Les Cabanyes<br \/>\nESCOLA PAU BOADA Vilafranca del Pened\u00e8s<br \/>\nCOL\u00b7LEGI VEDRUNA SANT ELIES Vilafranca del Pened\u00e8s<br \/>\nESCOLA MONTAGUT Vilafranca del Pened\u00e8s<br \/>\nESCOLA ESTALELLA I GRAELLS Vilafranca del Pened\u00e8s<br \/>\nESCOLA ARRELS Santa Margarida i els Monjos<br \/>\nESCOLA MONTANYANS Castellv\u00ed i la Gornal<br \/>\nESCOLA MAS I PERERA Vilafranca del Pened\u00e8s<br \/>\nESCOLA RENAIXEN\u00c7A Sant Pere Sacarrera<br \/>\nESCOLA EL DRAC Pacs del Pened\u00e8s<br \/>\nESCOLA SANTS ABD\u00d3 I SEN\u00c9N Pla del Pened\u00e8s<br \/>\nCOL\u00b7LEGI VEDRUNA EL CARME Sant Sadurn\u00ed d\u2019Anoia<br \/>\nINSTITUT ALT PENED\u00c8S Vilafranca del Pened\u00e8s<br \/>\nINSTITUT NOU DE VILAFRANCA Vilafranca del Pened\u00e8s<br \/>\nINSTITUT EL FOIX Santa Margarida i els Monjos<br \/>\nINSTITUT-ESCOLA JACINT VERDAGUER Sant Sadurn\u00ed d\u2019Anoia<\/p>\n<p style=\"text-align: left;\">Agra\u00efm a Pened\u00e8s TV la retransmissi\u00f3 de l&#8217;acte dels Quarts de final del Certamen de Lectura en Veu Alta a l&#8217;Alt Pened\u00e8s:<\/p>\n<p style=\"text-align: center;\"><iframe loading=\"lazy\" src=\"https:\/\/www.rtvvilafranca.cat\/programa\/lectura-veu-alta\/f\/182854-20180321\/embed\" width=\"560\" height=\"315\">frameborder=&#8221;0&#8243; allowfullscreen=&#8221;allowfullscreen&#8221;&gt;<\/iframe><\/p>\n","protected":false},"excerpt":{"rendered":"<p>A l\u2019Auditori de Vilafranca s\u2019ha celebrat l&#8217;acte dels <strong>Quarts de final del Certamen de Lectura en Veu Alta 2018 de l\u2019Alt Pened\u00e8s<\/strong>. Hi han participat 56 lectors i lectores de les categories Grumets vermells, Grumets verds, Corsaris i Tropa de Corsaris, alumnes de 25 centres educatius de la comarca. Podeu veure <a href=\"https:\/\/www.rtvvilafranca.cat\/programa\/lectura-veu-alta\/f\/182854-20180321\" target=\"_blank\" rel=\"noopener noreferrer\">tot l&#8217;acte a Pened\u00e8s TV<\/a> i el seguiment a les xarxes a <a href=\"https:\/\/twitter.com\/search?q=%23clvaaltpenedes18&amp;src=typd\" target=\"_blank\" rel=\"noopener noreferrer\">#clvaaltpenedes18.<\/a><br \/>\nEl jurat, despr\u00e9s de valorar-ne la dicci\u00f3, la interpretaci\u00f3 i el ritme, ha seleccionat els seg\u00fcents <strong>lectors i lectores que han passat a la semifinal<\/strong> que es celebrar\u00e0 a Barcelona:<\/p>\n","protected":false},"author":6,"featured_media":6974,"comment_status":"open","ping_status":"closed","sticky":false,"template":"","format":"standard","meta":{"site-sidebar-layout":"default","site-content-layout":"","ast-site-content-layout":"","site-content-style":"default","site-sidebar-style":"default","ast-global-header-display":"","ast-banner-title-visibility":"","ast-main-header-display":"","ast-hfb-above-header-display":"","ast-hfb-below-header-display":"","ast-hfb-mobile-header-display":"","site-post-title":"","ast-breadcrumbs-content":"","ast-featured-img":"","footer-sml-layout":"","theme-transparent-header-meta":"","adv-header-id-meta":"","stick-header-meta":"","header-above-stick-meta":"","header-main-stick-meta":"","header-below-stick-meta":"","astra-migrate-meta-layouts":"default","ast-page-background-enabled":"default","ast-page-background-meta":{"desktop":{"background-color":"var(--ast-global-color-4)","background-image":"","background-repeat":"repeat","background-position":"center center","background-size":"auto","background-attachment":"scroll","background-type":"","background-media":"","overlay-type":"","overlay-color":"","overlay-opacity":"","overlay-gradient":""},"tablet":{"background-color":"","background-image":"","background-repeat":"repeat","background-position":"center center","background-size":"auto","background-attachment":"scroll","background-type":"","background-media":"","overlay-type":"","overlay-color":"","overlay-opacity":"","overlay-gradient":""},"mobile":{"background-color":"","background-image":"","background-repeat":"repeat","background-position":"center center","background-size":"auto","background-attachment":"scroll","background-type":"","background-media":"","overlay-type":"","overlay-color":"","overlay-opacity":"","overlay-gradient":""}},"ast-content-background-meta":{"desktop":{"background-color":"var(--ast-global-color-5)","background-image":"","background-repeat":"repeat","background-position":"center center","background-size":"auto","background-attachment":"scroll","background-type":"","background-media":"","overlay-type":"","overlay-color":"","overlay-opacity":"","overlay-gradient":""},"tablet":{"background-color":"var(--ast-global-color-5)","background-image":"","background-repeat":"repeat","background-position":"center center","background-size":"auto","background-attachment":"scroll","background-type":"","background-media":"","overlay-type":"","overlay-color":"","overlay-opacity":"","overlay-gradient":""},"mobile":{"background-color":"var(--ast-global-color-5)","background-image":"","background-repeat":"repeat","background-position":"center center","background-size":"auto","background-attachment":"scroll","background-type":"","background-media":"","overlay-type":"","overlay-color":"","overlay-opacity":"","overlay-gradient":""}},"footnotes":""},"categories":[29],"tags":[349,567,518,100,484],"class_list":["post-6965","post","type-post","status-publish","format-standard","has-post-thumbnail","hentry","category-portada","tag-clva","tag-clvaaltpenedes18","tag-curs-2017-2018","tag-lectura","tag-lectura-en-veu-alta"],"post_mailing_queue_ids":[],"_links":{"self":[{"href":"https:\/\/serveiseducatius.xtec.cat\/altpenedes\/wp-json\/wp\/v2\/posts\/6965","targetHints":{"allow":["GET"]}}],"collection":[{"href":"https:\/\/serveiseducatius.xtec.cat\/altpenedes\/wp-json\/wp\/v2\/posts"}],"about":[{"href":"https:\/\/serveiseducatius.xtec.cat\/altpenedes\/wp-json\/wp\/v2\/types\/post"}],"author":[{"embeddable":true,"href":"https:\/\/serveiseducatius.xtec.cat\/altpenedes\/wp-json\/wp\/v2\/users\/6"}],"replies":[{"embeddable":true,"href":"https:\/\/serveiseducatius.xtec.cat\/altpenedes\/wp-json\/wp\/v2\/comments?post=6965"}],"version-history":[{"count":4,"href":"https:\/\/serveiseducatius.xtec.cat\/altpenedes\/wp-json\/wp\/v2\/posts\/6965\/revisions"}],"predecessor-version":[{"id":7002,"href":"https:\/\/serveiseducatius.xtec.cat\/altpenedes\/wp-json\/wp\/v2\/posts\/6965\/revisions\/7002"}],"wp:featuredmedia":[{"embeddable":true,"href":"https:\/\/serveiseducatius.xtec.cat\/altpenedes\/wp-json\/wp\/v2\/media\/6974"}],"wp:attachment":[{"href":"https:\/\/serveiseducatius.xtec.cat\/altpenedes\/wp-json\/wp\/v2\/media?parent=6965"}],"wp:term":[{"taxonomy":"category","embeddable":true,"href":"https:\/\/serveiseducatius.xtec.cat\/altpenedes\/wp-json\/wp\/v2\/categories?post=6965"},{"taxonomy":"post_tag","embeddable":true,"href":"https:\/\/serveiseducatius.xtec.cat\/altpenedes\/wp-json\/wp\/v2\/tags?post=6965"}],"curies":[{"name":"wp","href":"https:\/\/api.w.org\/{rel}","templated":true}]}}