{"id":6270,"date":"2017-10-30T10:10:19","date_gmt":"2017-10-30T09:10:19","guid":{"rendered":"http:\/\/serveiseducatius.xtec.cat\/altpenedes\/?p=6270"},"modified":"2017-10-30T10:15:36","modified_gmt":"2017-10-30T09:15:36","slug":"album-de-fotos-de-la-s1-del-seminari-les-biblioteques-escolars-de-lalt-penedes-2017-2018","status":"publish","type":"post","link":"https:\/\/serveiseducatius.xtec.cat\/altpenedes\/be-materials-coordinacio-1718\/album-de-fotos-de-la-s1-del-seminari-les-biblioteques-escolars-de-lalt-penedes-2017-2018\/","title":{"rendered":"\u00c0lbum de fotos de la S1 del Seminari Les BE de l\u2019Alt Pened\u00e8s 2017-2018"},"content":{"rendered":"<p><img loading=\"lazy\" decoding=\"async\" class=\"wp-image-6271 alignleft\" src=\"http:\/\/serveiseducatius.xtec.cat\/altpenedes\/wp-content\/uploads\/usu763\/2017\/10\/IMG-20171026-WA0001-1024x584.jpg\" alt=\"\" width=\"234\" height=\"133\" srcset=\"https:\/\/serveiseducatius.xtec.cat\/altpenedes\/wp-content\/uploads\/usu763\/2017\/10\/IMG-20171026-WA0001-1024x584.jpg 1024w, https:\/\/serveiseducatius.xtec.cat\/altpenedes\/wp-content\/uploads\/usu763\/2017\/10\/IMG-20171026-WA0001-150x86.jpg 150w, https:\/\/serveiseducatius.xtec.cat\/altpenedes\/wp-content\/uploads\/usu763\/2017\/10\/IMG-20171026-WA0001-300x171.jpg 300w, https:\/\/serveiseducatius.xtec.cat\/altpenedes\/wp-content\/uploads\/usu763\/2017\/10\/IMG-20171026-WA0001-768x438.jpg 768w, https:\/\/serveiseducatius.xtec.cat\/altpenedes\/wp-content\/uploads\/usu763\/2017\/10\/IMG-20171026-WA0001.jpg 1600w\" sizes=\"auto, (max-width: 234px) 100vw, 234px\" \/>Ja teniu disponible l\u2019\u00e0lbum de fotografies de la sessi\u00f3 1 del Seminari de Les biblioteques escolars de l\u2019Alt Pened\u00e8s del curs 2017-2018. Tema: Selecci\u00f3 del fons de llibres i presentaci\u00f3 de novetats. A c\u00e0rrec de N\u00faria Villellas de The Fabula. <a href=\"https:\/\/photos.app.goo.gl\/pflTKoL95iz175JS2\" target=\"_blank\" rel=\"noopener noreferrer\">Enlla\u00e7 a l\u2019\u00e0lbum compartit<\/a><\/p>\n","protected":false},"excerpt":{"rendered":"<p>Ja teniu disponible l\u2019\u00e0lbum de fotografies de la sessi\u00f3 1 del Seminari de Les biblioteques escolars de l\u2019Alt Pened\u00e8s del [&hellip;]<\/p>\n","protected":false},"author":6,"featured_media":6274,"comment_status":"open","ping_status":"closed","sticky":false,"template":"","format":"standard","meta":{"site-sidebar-layout":"default","site-content-layout":"","ast-site-content-layout":"","site-content-style":"default","site-sidebar-style":"default","ast-global-header-display":"","ast-banner-title-visibility":"","ast-main-header-display":"","ast-hfb-above-header-display":"","ast-hfb-below-header-display":"","ast-hfb-mobile-header-display":"","site-post-title":"","ast-breadcrumbs-content":"","ast-featured-img":"","footer-sml-layout":"","theme-transparent-header-meta":"","adv-header-id-meta":"","stick-header-meta":"","header-above-stick-meta":"","header-main-stick-meta":"","header-below-stick-meta":"","astra-migrate-meta-layouts":"default","ast-page-background-enabled":"default","ast-page-background-meta":{"desktop":{"background-color":"var(--ast-global-color-4)","background-image":"","background-repeat":"repeat","background-position":"center center","background-size":"auto","background-attachment":"scroll","background-type":"","background-media":"","overlay-type":"","overlay-color":"","overlay-opacity":"","overlay-gradient":""},"tablet":{"background-color":"","background-image":"","background-repeat":"repeat","background-position":"center center","background-size":"auto","background-attachment":"scroll","background-type":"","background-media":"","overlay-type":"","overlay-color":"","overlay-opacity":"","overlay-gradient":""},"mobile":{"background-color":"","background-image":"","background-repeat":"repeat","background-position":"center center","background-size":"auto","background-attachment":"scroll","background-type":"","background-media":"","overlay-type":"","overlay-color":"","overlay-opacity":"","overlay-gradient":""}},"ast-content-background-meta":{"desktop":{"background-color":"var(--ast-global-color-5)","background-image":"","background-repeat":"repeat","background-position":"center center","background-size":"auto","background-attachment":"scroll","background-type":"","background-media":"","overlay-type":"","overlay-color":"","overlay-opacity":"","overlay-gradient":""},"tablet":{"background-color":"var(--ast-global-color-5)","background-image":"","background-repeat":"repeat","background-position":"center center","background-size":"auto","background-attachment":"scroll","background-type":"","background-media":"","overlay-type":"","overlay-color":"","overlay-opacity":"","overlay-gradient":""},"mobile":{"background-color":"var(--ast-global-color-5)","background-image":"","background-repeat":"repeat","background-position":"center center","background-size":"auto","background-attachment":"scroll","background-type":"","background-media":"","overlay-type":"","overlay-color":"","overlay-opacity":"","overlay-gradient":""}},"footnotes":""},"categories":[523],"tags":[468,518],"class_list":["post-6270","post","type-post","status-publish","format-standard","has-post-thumbnail","hentry","category-be-materials-coordinacio-1718","tag-biblioteques-escolars","tag-curs-2017-2018"],"post_mailing_queue_ids":[],"_links":{"self":[{"href":"https:\/\/serveiseducatius.xtec.cat\/altpenedes\/wp-json\/wp\/v2\/posts\/6270","targetHints":{"allow":["GET"]}}],"collection":[{"href":"https:\/\/serveiseducatius.xtec.cat\/altpenedes\/wp-json\/wp\/v2\/posts"}],"about":[{"href":"https:\/\/serveiseducatius.xtec.cat\/altpenedes\/wp-json\/wp\/v2\/types\/post"}],"author":[{"embeddable":true,"href":"https:\/\/serveiseducatius.xtec.cat\/altpenedes\/wp-json\/wp\/v2\/users\/6"}],"replies":[{"embeddable":true,"href":"https:\/\/serveiseducatius.xtec.cat\/altpenedes\/wp-json\/wp\/v2\/comments?post=6270"}],"version-history":[{"count":2,"href":"https:\/\/serveiseducatius.xtec.cat\/altpenedes\/wp-json\/wp\/v2\/posts\/6270\/revisions"}],"predecessor-version":[{"id":6273,"href":"https:\/\/serveiseducatius.xtec.cat\/altpenedes\/wp-json\/wp\/v2\/posts\/6270\/revisions\/6273"}],"wp:featuredmedia":[{"embeddable":true,"href":"https:\/\/serveiseducatius.xtec.cat\/altpenedes\/wp-json\/wp\/v2\/media\/6274"}],"wp:attachment":[{"href":"https:\/\/serveiseducatius.xtec.cat\/altpenedes\/wp-json\/wp\/v2\/media?parent=6270"}],"wp:term":[{"taxonomy":"category","embeddable":true,"href":"https:\/\/serveiseducatius.xtec.cat\/altpenedes\/wp-json\/wp\/v2\/categories?post=6270"},{"taxonomy":"post_tag","embeddable":true,"href":"https:\/\/serveiseducatius.xtec.cat\/altpenedes\/wp-json\/wp\/v2\/tags?post=6270"}],"curies":[{"name":"wp","href":"https:\/\/api.w.org\/{rel}","templated":true}]}}