{"id":4313,"date":"2017-04-20T17:31:51","date_gmt":"2017-04-20T15:31:51","guid":{"rendered":"http:\/\/serveiseducatius.xtec.cat\/altpenedes\/?p=4313"},"modified":"2017-10-20T13:25:40","modified_gmt":"2017-10-20T11:25:40","slug":"rius-rius-fa-donacio-del-llibre-les-hores-de-la-vinya-del-cep-al-celler-als-centres-educatius-de-lalt-penedes","status":"publish","type":"post","link":"https:\/\/serveiseducatius.xtec.cat\/altpenedes\/portada\/rius-rius-fa-donacio-del-llibre-les-hores-de-la-vinya-del-cep-al-celler-als-centres-educatius-de-lalt-penedes\/","title":{"rendered":"Rius &#038; Rius fa donaci\u00f3 del llibre &#8220;Les hores de la vinya. Del cep al celler&#8221; als centres educatius de l&#8217;Alt Pened\u00e8s"},"content":{"rendered":"<p><a href=\"http:\/\/serveiseducatius.xtec.cat\/altpenedes\/wp-content\/uploads\/usu763\/2017\/04\/riusirius-1.jpg\"><img loading=\"lazy\" decoding=\"async\" class=\"size-full wp-image-4315 alignleft\" src=\"http:\/\/serveiseducatius.xtec.cat\/altpenedes\/wp-content\/uploads\/usu763\/2017\/04\/riusirius-1.jpg\" alt=\"riusirius\" width=\"581\" height=\"220\" srcset=\"https:\/\/serveiseducatius.xtec.cat\/altpenedes\/wp-content\/uploads\/usu763\/2017\/04\/riusirius-1.jpg 581w, https:\/\/serveiseducatius.xtec.cat\/altpenedes\/wp-content\/uploads\/usu763\/2017\/04\/riusirius-1-300x114.jpg 300w\" sizes=\"auto, (max-width: 581px) 100vw, 581px\" \/><\/a>Aquest\u00a0dijous 11 de maig de 2017 a les 17:15 hores, a la sala d&#8217;actes del Servei Educatiu de l&#8217;Alt Pened\u00e8s (Av. Europa, 28), tindr\u00e0 lloc l&#8217;acte de lliurament del llibre infantil il\u00b7lustrat &#8220;Les hores de la vinya. Del cep al celler&#8221;, per part de Rius i Rius Assessors.<\/p>\n<p>L&#8217;autoria de l&#8217;obra correspon a Quima Ricart i Ant\u00f2nia Bonell i l&#8217;edici\u00f3 a &#8220;Edicions i Propostes Culturals Andana&#8221;. Ha estat possible merc\u00e8s al mecenatge del Departament d&#8217;Agricultura de la Generalitat de Catalunya, de l&#8217;Institut Catal\u00e0 de la Vinya i el Vi, i de Rius i Rius Assessors.<\/p>\n<p>L&#8217;entrega es far\u00e0 dins el marc del Seminari de Biblioteques Escolars de l&#8217;Alt Pened\u00e8s i hi estan convidats tots els centres p\u00fablics i concertats d&#8217;educaci\u00f3 prim\u00e0ria i secund\u00e0ria de l&#8217;Alt Pened\u00e8s.<\/p>\n<p>&nbsp;<\/p>\n<p>&nbsp;<\/p>\n","protected":false},"excerpt":{"rendered":"<p><a href=\"http:\/\/serveiseducatius.xtec.cat\/altpenedes\/wp-content\/uploads\/usu763\/2017\/04\/riusirius-1.jpg\"><img loading=\"lazy\" decoding=\"async\" class=\"size-full wp-image-4315 alignleft\" src=\"http:\/\/serveiseducatius.xtec.cat\/altpenedes\/wp-content\/uploads\/usu763\/2017\/04\/riusirius-1.jpg\" alt=\"riusirius\" width=\"581\" height=\"220\" srcset=\"https:\/\/serveiseducatius.xtec.cat\/altpenedes\/wp-content\/uploads\/usu763\/2017\/04\/riusirius-1.jpg 581w, https:\/\/serveiseducatius.xtec.cat\/altpenedes\/wp-content\/uploads\/usu763\/2017\/04\/riusirius-1-300x114.jpg 300w\" sizes=\"auto, (max-width: 581px) 100vw, 581px\" \/><\/a>Aquest dijous 11 de maig de 2017 a les 17:15 hores, a la sala d&#8217;actes del Servei Educatiu de l&#8217;Alt Pened\u00e8s (Av. Europa, 28), tindr\u00e0 lloc l&#8217;acte de lliurament del llibre infantil il\u00b7lustrat &#8220;Les hores de la vinya. Del cep al celler&#8221;, per part de Rius i Rius Assessors.<\/p>\n<p>L&#8217;entrega es far\u00e0 dins el marc del Seminari de Biblioteques Escolars de l&#8217;Alt Pened\u00e8s i hi estan convidats tots els centres p\u00fablics i concertats d&#8217;educaci\u00f3 prim\u00e0ria i secund\u00e0ria de l&#8217;Alt Pened\u00e8s.<\/p>\n","protected":false},"author":6,"featured_media":0,"comment_status":"open","ping_status":"open","sticky":false,"template":"","format":"standard","meta":{"site-sidebar-layout":"default","site-content-layout":"","ast-site-content-layout":"","site-content-style":"default","site-sidebar-style":"default","ast-global-header-display":"","ast-banner-title-visibility":"","ast-main-header-display":"","ast-hfb-above-header-display":"","ast-hfb-below-header-display":"","ast-hfb-mobile-header-display":"","site-post-title":"","ast-breadcrumbs-content":"","ast-featured-img":"","footer-sml-layout":"","theme-transparent-header-meta":"","adv-header-id-meta":"","stick-header-meta":"","header-above-stick-meta":"","header-main-stick-meta":"","header-below-stick-meta":"","astra-migrate-meta-layouts":"default","ast-page-background-enabled":"default","ast-page-background-meta":{"desktop":{"background-color":"var(--ast-global-color-4)","background-image":"","background-repeat":"repeat","background-position":"center center","background-size":"auto","background-attachment":"scroll","background-type":"","background-media":"","overlay-type":"","overlay-color":"","overlay-opacity":"","overlay-gradient":""},"tablet":{"background-color":"","background-image":"","background-repeat":"repeat","background-position":"center center","background-size":"auto","background-attachment":"scroll","background-type":"","background-media":"","overlay-type":"","overlay-color":"","overlay-opacity":"","overlay-gradient":""},"mobile":{"background-color":"","background-image":"","background-repeat":"repeat","background-position":"center center","background-size":"auto","background-attachment":"scroll","background-type":"","background-media":"","overlay-type":"","overlay-color":"","overlay-opacity":"","overlay-gradient":""}},"ast-content-background-meta":{"desktop":{"background-color":"var(--ast-global-color-5)","background-image":"","background-repeat":"repeat","background-position":"center center","background-size":"auto","background-attachment":"scroll","background-type":"","background-media":"","overlay-type":"","overlay-color":"","overlay-opacity":"","overlay-gradient":""},"tablet":{"background-color":"var(--ast-global-color-5)","background-image":"","background-repeat":"repeat","background-position":"center center","background-size":"auto","background-attachment":"scroll","background-type":"","background-media":"","overlay-type":"","overlay-color":"","overlay-opacity":"","overlay-gradient":""},"mobile":{"background-color":"var(--ast-global-color-5)","background-image":"","background-repeat":"repeat","background-position":"center center","background-size":"auto","background-attachment":"scroll","background-type":"","background-media":"","overlay-type":"","overlay-color":"","overlay-opacity":"","overlay-gradient":""}},"footnotes":""},"categories":[65,217,329,29,219],"tags":[311],"class_list":["post-4313","post","type-post","status-publish","format-standard","hentry","category-crp","category-entitats","category-be-materials-coordinacio-1617","category-portada","category-vilafranca","tag-curs-2016-2017"],"post_mailing_queue_ids":[],"_links":{"self":[{"href":"https:\/\/serveiseducatius.xtec.cat\/altpenedes\/wp-json\/wp\/v2\/posts\/4313","targetHints":{"allow":["GET"]}}],"collection":[{"href":"https:\/\/serveiseducatius.xtec.cat\/altpenedes\/wp-json\/wp\/v2\/posts"}],"about":[{"href":"https:\/\/serveiseducatius.xtec.cat\/altpenedes\/wp-json\/wp\/v2\/types\/post"}],"author":[{"embeddable":true,"href":"https:\/\/serveiseducatius.xtec.cat\/altpenedes\/wp-json\/wp\/v2\/users\/6"}],"replies":[{"embeddable":true,"href":"https:\/\/serveiseducatius.xtec.cat\/altpenedes\/wp-json\/wp\/v2\/comments?post=4313"}],"version-history":[{"count":3,"href":"https:\/\/serveiseducatius.xtec.cat\/altpenedes\/wp-json\/wp\/v2\/posts\/4313\/revisions"}],"predecessor-version":[{"id":4619,"href":"https:\/\/serveiseducatius.xtec.cat\/altpenedes\/wp-json\/wp\/v2\/posts\/4313\/revisions\/4619"}],"wp:attachment":[{"href":"https:\/\/serveiseducatius.xtec.cat\/altpenedes\/wp-json\/wp\/v2\/media?parent=4313"}],"wp:term":[{"taxonomy":"category","embeddable":true,"href":"https:\/\/serveiseducatius.xtec.cat\/altpenedes\/wp-json\/wp\/v2\/categories?post=4313"},{"taxonomy":"post_tag","embeddable":true,"href":"https:\/\/serveiseducatius.xtec.cat\/altpenedes\/wp-json\/wp\/v2\/tags?post=4313"}],"curies":[{"name":"wp","href":"https:\/\/api.w.org\/{rel}","templated":true}]}}