{"id":3849,"date":"2017-03-22T17:33:36","date_gmt":"2017-03-22T16:33:36","guid":{"rendered":"http:\/\/serveiseducatius.xtec.cat\/altpenedes\/?p=3849"},"modified":"2025-12-10T11:00:19","modified_gmt":"2025-12-10T10:00:19","slug":"med-04-llegir-de-cine","status":"publish","type":"post","link":"https:\/\/serveiseducatius.xtec.cat\/altpenedes\/maletes-pedagogiques\/med-04-llegir-de-cine\/","title":{"rendered":"Llegir de cine | Maletins amb llibre+DVD [MED-04]"},"content":{"rendered":"<p><a href=\"https:\/\/docs.google.com\/spreadsheets\/d\/1K0QiM3m2q3oVOMkvf5sq0h6o5okIKt5b3WaxyUPsg7c\/edit?usp=sharing\" target=\"_blank\" rel=\"noopener noreferrer\"><img loading=\"lazy\" decoding=\"async\" class=\"size-full wp-image-3852 alignleft\" src=\"http:\/\/serveiseducatius.xtec.cat\/altpenedes\/wp-content\/uploads\/usu763\/2017\/03\/llegirdecine1-e1491491273916.jpg\" alt=\"\" width=\"100\" height=\"100\" \/>Guia de contingut Maletins Llegir de cine<\/a><\/p>\n<p><a href=\"https:\/\/forms.gle\/yNbb5LY6bod4iuG98\" target=\"_blank\" rel=\"noopener\"><strong> Formulari de valoraci\u00f3<\/strong><\/a><\/p>\n<p>Cadascun dels sis Maletins Llegir de cine cont\u00e9 un llibre de literatura infantil i juvenil i la seva versi\u00f3 cinematogr\u00e0fica en pel\u00b7l\u00edcula DVD. Van acompanyats de dossiers did\u00e0ctics complementaris.<\/p>\n<p><a href=\"http:\/\/serveiseducatius.xtec.cat\/altpenedes\/wp-content\/uploads\/usu763\/2017\/03\/collage_llegirdecine.jpg\"><img loading=\"lazy\" decoding=\"async\" class=\"alignnone wp-image-4090 size-full\" src=\"http:\/\/serveiseducatius.xtec.cat\/altpenedes\/wp-content\/uploads\/usu763\/2017\/03\/collage_llegirdecine.jpg\" alt=\"collage_llegirdecine\" width=\"1996\" height=\"1196\" srcset=\"https:\/\/serveiseducatius.xtec.cat\/altpenedes\/wp-content\/uploads\/usu763\/2017\/03\/collage_llegirdecine.jpg 1996w, https:\/\/serveiseducatius.xtec.cat\/altpenedes\/wp-content\/uploads\/usu763\/2017\/03\/collage_llegirdecine-300x180.jpg 300w, https:\/\/serveiseducatius.xtec.cat\/altpenedes\/wp-content\/uploads\/usu763\/2017\/03\/collage_llegirdecine-768x460.jpg 768w, https:\/\/serveiseducatius.xtec.cat\/altpenedes\/wp-content\/uploads\/usu763\/2017\/03\/collage_llegirdecine-1024x614.jpg 1024w\" sizes=\"auto, (max-width: 1996px) 100vw, 1996px\" \/><\/a><\/p>\n<h4 class=\"widgettitle\" style=\"text-align: center;\">*\u00a0\u00a0 *\u00a0\u00a0 *<\/h4>\n<h4 class=\"widgettitle\">Material complementari i enlla\u00e7os relacionats:<\/h4>\n<ul>\n<li><a href=\"https:\/\/issuu.com\/biblioteca_xavierbenguerel\/docs\/guia_de_lectura_-_literatura_vs_cin\" target=\"_blank\" rel=\"noopener noreferrer\">Guia de lectura Literatura versus Cinema<\/a>; Servei de Documentaci\u00f3 de Literatura Infantil i Juvenil de la Biblioteca Xavier Benguerel, 2016<\/li>\n<li><a href=\"https:\/\/serveiseducatius.xtec.cat\/altpenedes\/portada\/el-museu-del-cinema-posa-a-labast-del-professorat-un-cercador-de-pellicules-amb-propostes-educatives\/\">Cercador de pel\u00b7l\u00edcules amb propostes educatives elaborat pel Museu del Cinema<\/a>.<\/li>\n<\/ul>\n<p><iframe title=\"Guia de lectura Literatura vs Cinema - 2016\" src=\"https:\/\/e.issuu.com\/embed.html?u=biblioteca_xavierbenguerel&#038;d=guia_de_lectura_-_literatura_vs_cin\" style=\"border:none; width: 500px; height: 383px;\" allow=\"clipboard-write,allow-top-navigation,allow-top-navigation-by-user-activation,allow-downloads,allow-scripts,allow-same-origin,allow-popups,allow-modals,allow-popups-to-escape-sandbox,allow-forms\"  allowfullscreen=\"true\"><\/iframe><\/p>\n<p><span style=\"border-radius: 2px; text-indent: 20px; width: auto; padding: 0px 4px 0px 0px; text-align: center; font: bold 11px\/20px 'Helvetica Neue',Helvetica,sans-serif; color: #ffffff; background: #bd081c no-repeat scroll 3px 50% \/ 14px 14px; position: absolute; opacity: 1; z-index: 8675309; display: none; cursor: pointer;\">Save<\/span><\/p>\n<p><span style=\"border-radius: 2px; text-indent: 20px; width: auto; padding: 0px 4px 0px 0px; text-align: center; font: bold 11px\/20px 'Helvetica Neue',Helvetica,sans-serif; color: #ffffff; background: #bd081c no-repeat scroll 3px 50% \/ 14px 14px; position: absolute; opacity: 1; z-index: 8675309; display: none; cursor: pointer;\">Save<\/span><\/p>\n<p><span style=\"border-radius: 2px; text-indent: 20px; width: auto; padding: 0px 4px 0px 0px; text-align: center; font: bold 11px\/20px 'Helvetica Neue',Helvetica,sans-serif; color: #ffffff; background: #bd081c no-repeat scroll 3px 50% \/ 14px 14px; position: absolute; opacity: 1; z-index: 8675309; display: none; cursor: pointer;\">Save<\/span><\/p>\n<p><span style=\"border-radius: 2px; text-indent: 20px; width: auto; padding: 0px 4px 0px 0px; text-align: center; font: bold 11px\/20px 'Helvetica Neue',Helvetica,sans-serif; color: #ffffff; background: #bd081c no-repeat scroll 3px 50% \/ 14px 14px; position: absolute; opacity: 1; z-index: 8675309; display: none; cursor: pointer;\">Save<\/span><\/p>\n<p><span style=\"border-radius: 2px; text-indent: 20px; width: auto; padding: 0px 4px 0px 0px; text-align: center; font: bold 11px\/20px 'Helvetica Neue',Helvetica,sans-serif; color: #ffffff; background: #bd081c no-repeat scroll 3px 50% \/ 14px 14px; position: absolute; opacity: 1; z-index: 8675309; display: none; cursor: pointer;\">Save<\/span><\/p>\n<p><span style=\"border-radius: 2px; text-indent: 20px; width: auto; padding: 0px 4px 0px 0px; text-align: center; font: bold 11px\/20px 'Helvetica Neue',Helvetica,sans-serif; color: #ffffff; background: #bd081c no-repeat scroll 3px 50% \/ 14px 14px; position: absolute; opacity: 1; z-index: 8675309; display: none; cursor: pointer;\">Save<\/span><\/p>\n","protected":false},"excerpt":{"rendered":"<p><a href=\"https:\/\/docs.google.com\/spreadsheets\/d\/1K0QiM3m2q3oVOMkvf5sq0h6o5okIKt5b3WaxyUPsg7c\/edit?usp=sharing\" target=\"_blank\" rel=\"noopener noreferrer\">Guia de contingut Maletins Llegir de cine<\/a><br \/>\nCadascun dels sis Maletins Llegir de cine cont\u00e9 un llibre de literatura infantil i juvenil i la seva versi\u00f3 cinematogr\u00e0fica en pel\u00b7l\u00edcula DVD. Van acompanyats de dossiers did\u00e0ctics complementaris.<\/p>\n","protected":false},"author":6,"featured_media":4090,"comment_status":"open","ping_status":"closed","sticky":false,"template":"","format":"standard","meta":{"site-sidebar-layout":"default","site-content-layout":"","ast-site-content-layout":"default","site-content-style":"default","site-sidebar-style":"default","ast-global-header-display":"","ast-banner-title-visibility":"","ast-main-header-display":"","ast-hfb-above-header-display":"","ast-hfb-below-header-display":"","ast-hfb-mobile-header-display":"","site-post-title":"","ast-breadcrumbs-content":"","ast-featured-img":"","footer-sml-layout":"","theme-transparent-header-meta":"","adv-header-id-meta":"","stick-header-meta":"","header-above-stick-meta":"","header-main-stick-meta":"","header-below-stick-meta":"","astra-migrate-meta-layouts":"set","ast-page-background-enabled":"default","ast-page-background-meta":{"desktop":{"background-color":"var(--ast-global-color-4)","background-image":"","background-repeat":"repeat","background-position":"center center","background-size":"auto","background-attachment":"scroll","background-type":"","background-media":"","overlay-type":"","overlay-color":"","overlay-opacity":"","overlay-gradient":""},"tablet":{"background-color":"","background-image":"","background-repeat":"repeat","background-position":"center center","background-size":"auto","background-attachment":"scroll","background-type":"","background-media":"","overlay-type":"","overlay-color":"","overlay-opacity":"","overlay-gradient":""},"mobile":{"background-color":"","background-image":"","background-repeat":"repeat","background-position":"center center","background-size":"auto","background-attachment":"scroll","background-type":"","background-media":"","overlay-type":"","overlay-color":"","overlay-opacity":"","overlay-gradient":""}},"ast-content-background-meta":{"desktop":{"background-color":"var(--ast-global-color-5)","background-image":"","background-repeat":"repeat","background-position":"center center","background-size":"auto","background-attachment":"scroll","background-type":"","background-media":"","overlay-type":"","overlay-color":"","overlay-opacity":"","overlay-gradient":""},"tablet":{"background-color":"var(--ast-global-color-5)","background-image":"","background-repeat":"repeat","background-position":"center center","background-size":"auto","background-attachment":"scroll","background-type":"","background-media":"","overlay-type":"","overlay-color":"","overlay-opacity":"","overlay-gradient":""},"mobile":{"background-color":"var(--ast-global-color-5)","background-image":"","background-repeat":"repeat","background-position":"center center","background-size":"auto","background-attachment":"scroll","background-type":"","background-media":"","overlay-type":"","overlay-color":"","overlay-opacity":"","overlay-gradient":""}},"footnotes":""},"categories":[82],"tags":[457,445],"class_list":["post-3849","post","type-post","status-publish","format-standard","has-post-thumbnail","hentry","category-maletes-pedagogiques","tag-llegir-de-cine","tag-mediateca"],"post_mailing_queue_ids":[],"_links":{"self":[{"href":"https:\/\/serveiseducatius.xtec.cat\/altpenedes\/wp-json\/wp\/v2\/posts\/3849","targetHints":{"allow":["GET"]}}],"collection":[{"href":"https:\/\/serveiseducatius.xtec.cat\/altpenedes\/wp-json\/wp\/v2\/posts"}],"about":[{"href":"https:\/\/serveiseducatius.xtec.cat\/altpenedes\/wp-json\/wp\/v2\/types\/post"}],"author":[{"embeddable":true,"href":"https:\/\/serveiseducatius.xtec.cat\/altpenedes\/wp-json\/wp\/v2\/users\/6"}],"replies":[{"embeddable":true,"href":"https:\/\/serveiseducatius.xtec.cat\/altpenedes\/wp-json\/wp\/v2\/comments?post=3849"}],"version-history":[{"count":5,"href":"https:\/\/serveiseducatius.xtec.cat\/altpenedes\/wp-json\/wp\/v2\/posts\/3849\/revisions"}],"predecessor-version":[{"id":15731,"href":"https:\/\/serveiseducatius.xtec.cat\/altpenedes\/wp-json\/wp\/v2\/posts\/3849\/revisions\/15731"}],"wp:featuredmedia":[{"embeddable":true,"href":"https:\/\/serveiseducatius.xtec.cat\/altpenedes\/wp-json\/wp\/v2\/media\/4090"}],"wp:attachment":[{"href":"https:\/\/serveiseducatius.xtec.cat\/altpenedes\/wp-json\/wp\/v2\/media?parent=3849"}],"wp:term":[{"taxonomy":"category","embeddable":true,"href":"https:\/\/serveiseducatius.xtec.cat\/altpenedes\/wp-json\/wp\/v2\/categories?post=3849"},{"taxonomy":"post_tag","embeddable":true,"href":"https:\/\/serveiseducatius.xtec.cat\/altpenedes\/wp-json\/wp\/v2\/tags?post=3849"}],"curies":[{"name":"wp","href":"https:\/\/api.w.org\/{rel}","templated":true}]}}