{"id":3061,"date":"2017-01-20T12:15:11","date_gmt":"2017-01-20T11:15:11","guid":{"rendered":"http:\/\/serveiseducatius.xtec.cat\/altpenedes\/?p=3061"},"modified":"2017-01-20T12:20:46","modified_gmt":"2017-01-20T11:20:46","slug":"programa-de-salut-integral","status":"publish","type":"post","link":"https:\/\/serveiseducatius.xtec.cat\/altpenedes\/portada\/programa-de-salut-integral\/","title":{"rendered":"Programa de Salut Integral"},"content":{"rendered":"<h6><a href=\"http:\/\/www.programasi.org\/ca\/\" target=\"_blank\"><img loading=\"lazy\" decoding=\"async\" class=\"alignleft wp-image-3062\" src=\"http:\/\/serveiseducatius.xtec.cat\/altpenedes\/wp-content\/uploads\/usu763\/2017\/01\/programaSI.jpg\" alt=\"programasi\" width=\"200\" height=\"169\" \/><\/a>Programa SI!<\/h6>\n<p>Programa dirigit als centres de prim\u00e0ria, per educaci\u00f3 infantil i cicle inicial.<br \/>\nA la p\u00e0gina web del <strong>Programa SI<\/strong> (<a href=\"http:\/\/www.programasi.org\/ca\/\" target=\"_blank\">www.programasi.org<\/a>) hi trobareu tota la informaci\u00f3.<\/p>\n<p>Per accedir a la intranet i con\u00e8ixer els recursos i les guies del Programa:<br \/>\nUsuari: ensenyament<br \/>\nContrasenya: Ensenyament<\/p>\n<p>Per m\u00e9s informaci\u00f3 sobre el Programa SI a la p\u00e0gina de la <a href=\"http:\/\/xtec.gencat.cat\/ca\/comunitat\/salutescola\/programa-salut-integral\/\" target=\"_blank\">XTEC<\/a>:<\/p>\n<p><a href=\"http:\/\/xtec.gencat.cat\/ca\/comunitat\/salutescola\/programa-salut-integral\/\" target=\"_blank\">http:\/\/xtec.gencat.cat\/ca\/comunitat\/salutescola\/programa-salut-integral\/<\/a><\/p>\n<h6>Antecedents<\/h6>\n<p>El Departament d&#8217;Ensenyament ha recolzat el desenvolupament i l&#8217;avaluaci\u00f3 del programa des dels seus inicis amb la voluntat ferma d&#8217;expandir-ho arreu de Catalunya si els resultats ho avalaven. En un primer per\u00edode, 2011-2014, va finalitzar l&#8217;avaluaci\u00f3 del Programa SI! en la Etapa d&#8217;Infantil amb resultat positius.<br \/>\nEl 30 de novembre de 2015 es va signar un primer conveni entre el Departament d&#8217;Ensenyament i la Fundaci\u00f3 SHE a ra\u00f3 del qual el Programa va arribar a 39 noves escoles de la Catalunya Central, que es sumaven a les 45 escoles pilot. El 22 de juliol de 2016 es va renovar el Conveni amb el prop\u00f2sit d&#8217;arribar fins a 300 escoles els dos propers cursos.<\/p>\n<h6><\/h6>\n<h6>Dades del Programa SI a Catalunya (curs 2016\/2017):<\/h6>\n<p>Total d&#8217;escoles:84<br \/>\nTerritoris amb pres\u00e8ncia del Programa SI:<\/p>\n<ul>\n<li>Catalunya Central: 53 escoles (Bages, Solson\u00e8s, Bergued\u00e0, Ososna i Anoia)<\/li>\n<li>Lleida: 2 escoles (Cervera)<\/li>\n<li>Tarragona: 16 escoles (Salou, Vilaseca, Cambrils, Tarragona)<\/li>\n<li>Maresme-Vall\u00e8s Occidental: 6 escoles<\/li>\n<li>Barcelona Comarques: 1 escola (Badalona)<\/li>\n<\/ul>\n<p>El disseny i el desenvolupament del Programa SI estan avalats per la ISO 9001<\/p>\n","protected":false},"excerpt":{"rendered":"<p>Programa dirigit als centres de prim\u00e0ria, per educaci\u00f3 infantil i cicle inicial.<br \/>\nA la p\u00e0gina web del <strong>Programa SI<\/strong> (<a href=\"http:\/\/www.programasi.org\/ca\/\" target=\"_blank\">www.programasi.org<\/a>) hi trobareu tota la informaci\u00f3.<br \/>\nTamb\u00e9 a la p\u00e0gina de la la <a href=\"http:\/\/xtec.gencat.cat\/ca\/comunitat\/salutescola\/programa-salut-integral\/\" target=\"_blank\">XTEC<\/a><\/p>\n","protected":false},"author":6,"featured_media":3062,"comment_status":"open","ping_status":"open","sticky":false,"template":"","format":"standard","meta":{"site-sidebar-layout":"default","site-content-layout":"","ast-site-content-layout":"","site-content-style":"default","site-sidebar-style":"default","ast-global-header-display":"","ast-banner-title-visibility":"","ast-main-header-display":"","ast-hfb-above-header-display":"","ast-hfb-below-header-display":"","ast-hfb-mobile-header-display":"","site-post-title":"","ast-breadcrumbs-content":"","ast-featured-img":"","footer-sml-layout":"","theme-transparent-header-meta":"","adv-header-id-meta":"","stick-header-meta":"","header-above-stick-meta":"","header-main-stick-meta":"","header-below-stick-meta":"","astra-migrate-meta-layouts":"default","ast-page-background-enabled":"default","ast-page-background-meta":{"desktop":{"background-color":"var(--ast-global-color-4)","background-image":"","background-repeat":"repeat","background-position":"center center","background-size":"auto","background-attachment":"scroll","background-type":"","background-media":"","overlay-type":"","overlay-color":"","overlay-opacity":"","overlay-gradient":""},"tablet":{"background-color":"","background-image":"","background-repeat":"repeat","background-position":"center center","background-size":"auto","background-attachment":"scroll","background-type":"","background-media":"","overlay-type":"","overlay-color":"","overlay-opacity":"","overlay-gradient":""},"mobile":{"background-color":"","background-image":"","background-repeat":"repeat","background-position":"center center","background-size":"auto","background-attachment":"scroll","background-type":"","background-media":"","overlay-type":"","overlay-color":"","overlay-opacity":"","overlay-gradient":""}},"ast-content-background-meta":{"desktop":{"background-color":"var(--ast-global-color-5)","background-image":"","background-repeat":"repeat","background-position":"center center","background-size":"auto","background-attachment":"scroll","background-type":"","background-media":"","overlay-type":"","overlay-color":"","overlay-opacity":"","overlay-gradient":""},"tablet":{"background-color":"var(--ast-global-color-5)","background-image":"","background-repeat":"repeat","background-position":"center center","background-size":"auto","background-attachment":"scroll","background-type":"","background-media":"","overlay-type":"","overlay-color":"","overlay-opacity":"","overlay-gradient":""},"mobile":{"background-color":"var(--ast-global-color-5)","background-image":"","background-repeat":"repeat","background-position":"center center","background-size":"auto","background-attachment":"scroll","background-type":"","background-media":"","overlay-type":"","overlay-color":"","overlay-opacity":"","overlay-gradient":""}},"footnotes":""},"categories":[221,65,222,216,29],"tags":[311,400,45],"class_list":["post-3061","post","type-post","status-publish","format-standard","has-post-thumbnail","hentry","category-centres","category-crp","category-sstt","category-links","category-portada","tag-curs-2016-2017","tag-programa","tag-salut"],"post_mailing_queue_ids":[],"_links":{"self":[{"href":"https:\/\/serveiseducatius.xtec.cat\/altpenedes\/wp-json\/wp\/v2\/posts\/3061","targetHints":{"allow":["GET"]}}],"collection":[{"href":"https:\/\/serveiseducatius.xtec.cat\/altpenedes\/wp-json\/wp\/v2\/posts"}],"about":[{"href":"https:\/\/serveiseducatius.xtec.cat\/altpenedes\/wp-json\/wp\/v2\/types\/post"}],"author":[{"embeddable":true,"href":"https:\/\/serveiseducatius.xtec.cat\/altpenedes\/wp-json\/wp\/v2\/users\/6"}],"replies":[{"embeddable":true,"href":"https:\/\/serveiseducatius.xtec.cat\/altpenedes\/wp-json\/wp\/v2\/comments?post=3061"}],"version-history":[{"count":3,"href":"https:\/\/serveiseducatius.xtec.cat\/altpenedes\/wp-json\/wp\/v2\/posts\/3061\/revisions"}],"predecessor-version":[{"id":3070,"href":"https:\/\/serveiseducatius.xtec.cat\/altpenedes\/wp-json\/wp\/v2\/posts\/3061\/revisions\/3070"}],"wp:featuredmedia":[{"embeddable":true,"href":"https:\/\/serveiseducatius.xtec.cat\/altpenedes\/wp-json\/wp\/v2\/media\/3062"}],"wp:attachment":[{"href":"https:\/\/serveiseducatius.xtec.cat\/altpenedes\/wp-json\/wp\/v2\/media?parent=3061"}],"wp:term":[{"taxonomy":"category","embeddable":true,"href":"https:\/\/serveiseducatius.xtec.cat\/altpenedes\/wp-json\/wp\/v2\/categories?post=3061"},{"taxonomy":"post_tag","embeddable":true,"href":"https:\/\/serveiseducatius.xtec.cat\/altpenedes\/wp-json\/wp\/v2\/tags?post=3061"}],"curies":[{"name":"wp","href":"https:\/\/api.w.org\/{rel}","templated":true}]}}