{"id":3000,"date":"2017-01-18T12:38:16","date_gmt":"2017-01-18T11:38:16","guid":{"rendered":"http:\/\/serveiseducatius.xtec.cat\/altpenedes\/?p=3000"},"modified":"2017-09-15T15:19:05","modified_gmt":"2017-09-15T13:19:05","slug":"serveis","status":"publish","type":"post","link":"https:\/\/serveiseducatius.xtec.cat\/altpenedes\/general\/serveis\/","title":{"rendered":"Serveis"},"content":{"rendered":"<p><strong>OFICINES DE TURISME \u00a0 \u00a0\u00a0<strong>BIBLIOTEQUES \u00a0 \u00a0\u00a0<strong>TEATRES I CINEMES \u00a0 \u00a0\u00a0<\/strong><\/strong><\/strong><\/p>\n<p><strong>MITJANS DE COMUNICACI\u00d3 \u00a0 \u00a0\u00a0<\/strong><strong>SANITAT \u00a0 \u00a0 ARXIU COMARCAL \u00a0 \u00a0<\/strong><\/p>\n<p><strong>JUTJATS \u00a0 \u00a0\u00a0<\/strong><strong>AGENTS RURALS \u00a0 \u00a0\u00a0<strong>PLANTA DEPURADORA \u00a0 \u00a0\u00a0<\/strong><\/strong><\/p>\n<p><strong>CENTRES DE CULTE \u00a0 \u00a0\u00a0<\/strong><strong>ALTRES<\/strong><\/p>\n<p>&nbsp;<\/p>\n<p>Ensenyament\u00a0 Ajuntament de Vilafranca del Pened\u00e8s <a href=\"http:\/\/ensenyament.vilafranca.cat\/\" target=\"_blank\" rel=\"noopener noreferrer\">http:\/\/ensenyament.vilafranca.cat\/<\/a><\/p>\n<p>Centres educatius de l\u2019Alt Pened\u00e8s\u00a0 <a href=\"http:\/\/serveiseducatius.xtec.cat\/altpenedes\/comunitat\/centres-educatius\/\" target=\"_blank\" rel=\"noopener noreferrer\">http:\/\/serveiseducatius.xtec.cat\/altpenedes\/comunitat\/centres-educatius\/<\/a><\/p>\n<p><strong>OFICINES DE TURISME<\/strong><\/p>\n<p><a href=\"http:\/\/www.enoturismepenedes.cat\/Qu%C3%A9visitar\/Rutasencoche\/Postalesdevi%C3%B1a\/tabid\/232\/language\/ca-ES\/Default.aspx\" target=\"_blank\" rel=\"noopener noreferrer\">Consorci de promoci\u00f3 Tur\u00edstica de l\u2019Alt Pened\u00e8s<\/a><\/p>\n<p><a href=\"http:\/\/www.turismesubirats.cat\/informacio-general\" target=\"_blank\" rel=\"noopener noreferrer\">Patronat\u00a0 de Turisme de Subirats<\/a><\/p>\n<p><a href=\"http:\/\/www.turismesantsadurni.com\/arxius\/PRESENT_CIC_CAT.pdf\" target=\"_blank\" rel=\"noopener noreferrer\">Oficina de Turisme de Sant Sadurn\u00ed d\u2019Anoia<\/a><\/p>\n<p><a href=\"http:\/\/turisme.vilafranca.org\/html\/informacions\/ot.html\" target=\"_blank\" rel=\"noopener noreferrer\">Oficina de Turisme de Vilafranca del Pened\u00e8s<\/a><\/p>\n<p><a href=\"http:\/\/www.aacg.info\/?page_id=56\" target=\"_blank\" rel=\"noopener noreferrer\">Centre d\u2019Interpretaci\u00f3 Castell de Gelida<\/a><\/p>\n<p><a href=\"http:\/\/www.altpenedes.net\/linketes.htm\" target=\"_blank\" rel=\"noopener noreferrer\">Enlla\u00e7os de turisme<\/a>\u00a0(pel Pened\u00e8s, a prop del Pened\u00e8s, altres)<\/p>\n<p><a href=\"http:\/\/www20.gencat.cat\/portal\/site\/catalunya-act\" target=\"_blank\" rel=\"noopener noreferrer\">Turisme de Catalunya<\/a>\u00a0Generalitat de Catalunya<\/p>\n<p><a href=\"http:\/\/www.diba.cat\/dturisme\/opt\" target=\"_blank\" rel=\"noopener noreferrer\">Diputaci\u00f3 de Barcelona. Oficina de Promoci\u00f3 Tur\u00edstica<\/a><\/p>\n<p><a href=\"http:\/\/www.garraftour.com\/mant\/php\/mdl-gcwww-linkpagina.php?pagina=00000349&amp;e=00000004\" target=\"_blank\" rel=\"noopener noreferrer\">Consorci de Turisme del Garraf<\/a><\/p>\n<p><a href=\"http:\/\/www.ccbp.cat\/index.php\/la-comarca\/turisme\" target=\"_blank\" rel=\"noopener noreferrer\">Turisme Baix Pened\u00e8s<\/a><\/p>\n<p><strong>BIBLIOTEQUES<\/strong><\/p>\n<p>Biblioteca Vilafranca del Pened\u00e8s\u00a0<a href=\"http:\/\/bibliotecatib.blogspot.com.es\/\" target=\"_blank\" rel=\"noopener noreferrer\">Biblioteca Torras i Bages\u00a0<\/a> Biblioteques p\u00fabliques de l&#8217;Alt Pened\u00e8s. <a href=\"https:\/\/docs.google.com\/a\/xtec.cat\/file\/d\/0B3dg_OmhLE8MdVktQjcwTEktQ2s\/edit\" target=\"_blank\" rel=\"noopener noreferrer\">Serveis educatius que ofereixen<\/a>.<\/p>\n<p><strong>TEATRES I CINEMES<\/strong><\/p>\n<p><strong>MITJANS DE COMUNICACI\u00d3<\/strong><\/p>\n<p><strong>SANITAT<\/strong><\/p>\n<p><a href=\"http:\/\/www.csap.cat\/\" target=\"_blank\" rel=\"noopener noreferrer\">Hospital Comarcal<\/a>\u00a0de l&#8217;Alt Pened\u00e8s<\/p>\n<p><strong>BOMBERS<\/strong><\/p>\n<p>Parc de bombers Vilafranca del Pened\u00e8s\u00a0<a href=\"http:\/\/www10.gencat.net\/sac\/AppJava\/organisme_fitxa.jsp?codi=968\" target=\"_blank\" rel=\"noopener noreferrer\">Parc de bombers<\/a><\/p>\n<p><strong>ARXIU COMARCAL<\/strong><\/p>\n<p><a href=\"http:\/\/www20.gencat.cat\/portal\/site\/msi-cultura\/menuitem.0a92779e390371ba411cb318b0c0e1a0\/?vgnextoid=9422eb1308c85210VgnVCM1000008d0c1e0aRCRD&amp;vgnextchannel=9422eb1308c85210VgnVCM1000008d0c1e0aRCRD&amp;vgnextfmt=default\" target=\"_blank\" rel=\"noopener noreferrer\">Arxiu Comarcal<\/a>\u00a0de l&#8217;Alt Pened\u00e8s<\/p>\n<p><strong>JUTJATS<\/strong><\/p>\n<p><strong>AGENTS RURALS<\/strong><\/p>\n<p>Agents Rurals de l&#8217;Alt Pened\u00e8s. Oficina \u00a0Comarcal de l&#8217;Alt Pened\u00e8s. C\/ Comer\u00e7, 41 Tel.938199873<\/p>\n<p>&#8220;Xerrades de sensibilitzaci\u00f3 i educaci\u00f3 ambiental per al coneixement i la protecci\u00f3 del medi&#8221;.<\/p>\n<p>Persona de refer\u00e8ncia: Antoni Arcas \u00a0aarcas@gencat.cat \u00a0<a href=\"https:\/\/docs.google.com\/a\/xtec.cat\/file\/d\/0B3dg_OmhLE8MTWdvSExCQUstUmc\/edit\" target=\"_blank\" rel=\"noopener noreferrer\">Xerrades sobre sensibilitzaci\u00f3 ambiental<\/a>.\u00a0<a href=\"https:\/\/docs.google.com\/a\/xtec.cat\/file\/d\/0B3dg_OmhLE8MSTIxMURJQ2JGcGc\/edit\">Fitxa sol\u00b7licitud xerrades.<\/a><\/p>\n<p><strong>PLANTA DEPURADORA<\/strong><\/p>\n<p>Sta. Margarida i els Monjos\u00a0Depuradora d&#8217;aig\u00fces residuals \u00a0<a href=\"http:\/\/www.mancomunitat.cat\/index.asp?tx=7\" target=\"_blank\" rel=\"noopener noreferrer\">http:\/\/www.mancomunitat.cat\/index.asp?tx=7<\/a><\/p>\n<p><strong>CENTRES DE CULTE<\/strong><\/p>\n<p><strong>ALTRES<\/strong><\/p>\n","protected":false},"excerpt":{"rendered":"<p>Serveis de tot tipus de l&#8217;Alt Pened\u00e8s<\/p>\n","protected":false},"author":1,"featured_media":3576,"comment_status":"open","ping_status":"closed","sticky":false,"template":"","format":"standard","meta":{"site-sidebar-layout":"default","site-content-layout":"","ast-site-content-layout":"","site-content-style":"default","site-sidebar-style":"default","ast-global-header-display":"","ast-banner-title-visibility":"","ast-main-header-display":"","ast-hfb-above-header-display":"","ast-hfb-below-header-display":"","ast-hfb-mobile-header-display":"","site-post-title":"","ast-breadcrumbs-content":"","ast-featured-img":"","footer-sml-layout":"","theme-transparent-header-meta":"","adv-header-id-meta":"","stick-header-meta":"","header-above-stick-meta":"","header-main-stick-meta":"","header-below-stick-meta":"","astra-migrate-meta-layouts":"default","ast-page-background-enabled":"default","ast-page-background-meta":{"desktop":{"background-color":"var(--ast-global-color-4)","background-image":"","background-repeat":"repeat","background-position":"center center","background-size":"auto","background-attachment":"scroll","background-type":"","background-media":"","overlay-type":"","overlay-color":"","overlay-opacity":"","overlay-gradient":""},"tablet":{"background-color":"","background-image":"","background-repeat":"repeat","background-position":"center center","background-size":"auto","background-attachment":"scroll","background-type":"","background-media":"","overlay-type":"","overlay-color":"","overlay-opacity":"","overlay-gradient":""},"mobile":{"background-color":"","background-image":"","background-repeat":"repeat","background-position":"center center","background-size":"auto","background-attachment":"scroll","background-type":"","background-media":"","overlay-type":"","overlay-color":"","overlay-opacity":"","overlay-gradient":""}},"ast-content-background-meta":{"desktop":{"background-color":"var(--ast-global-color-5)","background-image":"","background-repeat":"repeat","background-position":"center center","background-size":"auto","background-attachment":"scroll","background-type":"","background-media":"","overlay-type":"","overlay-color":"","overlay-opacity":"","overlay-gradient":""},"tablet":{"background-color":"var(--ast-global-color-5)","background-image":"","background-repeat":"repeat","background-position":"center center","background-size":"auto","background-attachment":"scroll","background-type":"","background-media":"","overlay-type":"","overlay-color":"","overlay-opacity":"","overlay-gradient":""},"mobile":{"background-color":"var(--ast-global-color-5)","background-image":"","background-repeat":"repeat","background-position":"center center","background-size":"auto","background-attachment":"scroll","background-type":"","background-media":"","overlay-type":"","overlay-color":"","overlay-opacity":"","overlay-gradient":""}},"footnotes":""},"categories":[1],"tags":[402],"class_list":["post-3000","post","type-post","status-publish","format-standard","has-post-thumbnail","hentry","category-general","tag-el-penedes"],"post_mailing_queue_ids":[],"_links":{"self":[{"href":"https:\/\/serveiseducatius.xtec.cat\/altpenedes\/wp-json\/wp\/v2\/posts\/3000","targetHints":{"allow":["GET"]}}],"collection":[{"href":"https:\/\/serveiseducatius.xtec.cat\/altpenedes\/wp-json\/wp\/v2\/posts"}],"about":[{"href":"https:\/\/serveiseducatius.xtec.cat\/altpenedes\/wp-json\/wp\/v2\/types\/post"}],"author":[{"embeddable":true,"href":"https:\/\/serveiseducatius.xtec.cat\/altpenedes\/wp-json\/wp\/v2\/users\/1"}],"replies":[{"embeddable":true,"href":"https:\/\/serveiseducatius.xtec.cat\/altpenedes\/wp-json\/wp\/v2\/comments?post=3000"}],"version-history":[{"count":4,"href":"https:\/\/serveiseducatius.xtec.cat\/altpenedes\/wp-json\/wp\/v2\/posts\/3000\/revisions"}],"predecessor-version":[{"id":5780,"href":"https:\/\/serveiseducatius.xtec.cat\/altpenedes\/wp-json\/wp\/v2\/posts\/3000\/revisions\/5780"}],"wp:featuredmedia":[{"embeddable":true,"href":"https:\/\/serveiseducatius.xtec.cat\/altpenedes\/wp-json\/wp\/v2\/media\/3576"}],"wp:attachment":[{"href":"https:\/\/serveiseducatius.xtec.cat\/altpenedes\/wp-json\/wp\/v2\/media?parent=3000"}],"wp:term":[{"taxonomy":"category","embeddable":true,"href":"https:\/\/serveiseducatius.xtec.cat\/altpenedes\/wp-json\/wp\/v2\/categories?post=3000"},{"taxonomy":"post_tag","embeddable":true,"href":"https:\/\/serveiseducatius.xtec.cat\/altpenedes\/wp-json\/wp\/v2\/tags?post=3000"}],"curies":[{"name":"wp","href":"https:\/\/api.w.org\/{rel}","templated":true}]}}