{"id":2793,"date":"2016-12-15T10:20:28","date_gmt":"2016-12-15T09:20:28","guid":{"rendered":"http:\/\/serveiseducatius.xtec.cat\/altpenedes\/?p=2793"},"modified":"2018-02-28T17:30:20","modified_gmt":"2018-02-28T16:30:20","slug":"serveispublics","status":"publish","type":"post","link":"https:\/\/serveiseducatius.xtec.cat\/altpenedes\/altpenedes-coneguemlacomarca\/serveispublics\/","title":{"rendered":"SERVEIS P\u00daBLICS"},"content":{"rendered":"<p>&nbsp;<\/p>\n<table style=\"width: 100%;\">\n<tbody>\n<tr>\n<td style=\"width: 100%;\">\n<h3><strong>L&#8217;ENSENYAMENT<\/strong><\/h3>\n<\/td>\n<\/tr>\n<tr>\n<td style=\"width: 100%;\">Actualment les comarques penedesenques disposen d\u2019una \u00e0mplia xarxa d\u2019escoles i centres educatius, que van des de les primeres edats fins a escoles d\u2019adults i centres d\u2019inserci\u00f3 laboral.<\/p>\n<p>Tots els municipis de les tres comarques disposen d\u2019escola de prim\u00e0ria. Fa uns anys alguns municipis van veure com l\u2019escola del poble desapareixia per manca d\u2019alumnat, havent d\u2019anar els nens i nenes a escola a un poble proper, com per exemple el municipi de Pontons a l\u2019Alt Pened\u00e8s que anava a escola a Torrelles de Foix. Per\u00f2 l\u2019augment de poblaci\u00f3 i la voluntat dels seus habitants de tornar a tenir escola ha fet possible recuperar-les.<\/p>\n<p><strong>Escoles\u00a0 d \u2018infantil i prim\u00e0ria\u00a0\u00a0\u00a0\u00a0\u00a0\u00a0 Any 2015<\/strong><\/p>\n<table style=\"width: 100%;\">\n<tbody>\n<tr>\n<td>&nbsp;<\/p>\n<p><strong>Escoles\u00a0 d \u2018infantil i prim\u00e0ria\u00a0\u00a0\u00a0\u00a0\u00a0\u00a0 Any 2015<\/strong><\/p>\n<table style=\"width: 318px;\">\n<tbody>\n<tr>\n<td style=\"width: 111px;\"><\/td>\n<td style=\"width: 72px;\">P\u00fabliques<\/td>\n<td style=\"width: 66px;\">Privades<\/td>\n<td style=\"width: 57px;\">Total<\/td>\n<\/tr>\n<tr>\n<td style=\"width: 111px;\">Alt Pened\u00e8s<\/td>\n<td style=\"width: 72px;\">\u00a0\u00a0\u00a0 77<\/td>\n<td style=\"width: 66px;\">\u00a0\u00a0\u00a0\u00a0 15<\/td>\n<td style=\"width: 57px;\">\u00a0\u00a0\u00a0 92<\/td>\n<\/tr>\n<tr>\n<td style=\"width: 111px;\">Baix Pened\u00e8s<\/td>\n<td style=\"width: 72px;\">\u00a0\u00a0\u00a0 46<\/td>\n<td style=\"width: 66px;\">\u00a0\u00a0\u00a0\u00a0\u00a0\u00a0 5<\/td>\n<td style=\"width: 57px;\">\u00a0\u00a0\u00a0 51<\/td>\n<\/tr>\n<tr>\n<td style=\"width: 111px;\">Garraf<\/td>\n<td style=\"width: 72px;\">\u00a0\u00a0\u00a0 41<\/td>\n<td style=\"width: 66px;\">\u00a0\u00a0\u00a0\u00a0 16<\/td>\n<td style=\"width: 57px;\">\u00a0\u00a0\u00a0 57<\/td>\n<\/tr>\n<\/tbody>\n<\/table>\n<p>&nbsp;<\/td>\n<td>\u00a0<a href=\"http:\/\/serveiseducatius.xtec.cat\/altpenedes\/wp-content\/uploads\/usu763\/2016\/12\/mapa-penedes-educaci\u00f3.jpg\"><img loading=\"lazy\" decoding=\"async\" class=\"alignnone size-full wp-image-4714\" src=\"http:\/\/serveiseducatius.xtec.cat\/altpenedes\/wp-content\/uploads\/usu763\/2016\/12\/mapa-penedes-educaci\u00f3.jpg\" alt=\"mapa penedes educaci\u00f3\" width=\"553\" height=\"532\" srcset=\"https:\/\/serveiseducatius.xtec.cat\/altpenedes\/wp-content\/uploads\/usu763\/2016\/12\/mapa-penedes-educaci\u00f3.jpg 553w, https:\/\/serveiseducatius.xtec.cat\/altpenedes\/wp-content\/uploads\/usu763\/2016\/12\/mapa-penedes-educaci\u00f3-300x289.jpg 300w\" sizes=\"auto, (max-width: 553px) 100vw, 553px\" \/><\/a><\/p>\n<p><span style=\"color: #cc99ff;\"><em>Font: &#8220;Estudi de millora del transport p\u00fablic a l&#8217;Alt Pened\u00e8s&#8221;. Generalitat \u00a0de Catalunya 2014<\/em><\/span><\/td>\n<\/tr>\n<\/tbody>\n<\/table>\n<p>La majoria de municipis disposen de llars d\u2019infants per acollir els infants de 0 a 3 anys. La majoria s\u00f3n municipals, per\u00f2 en les poblacions m\u00e9s grans tamb\u00e9 hi ha centres privats.<br \/>\nHi ha diferents municipis que disposen d\u2019escola p\u00fablica en cada un dels seus pobles, com Subirats que t\u00e9 escola p\u00fablica a l\u2019Ordal, a Lavern i a Sant Pau d\u2019Ordal, agrupades les tres a la ZER \u2013zona escolar rural- de Subirats.<br \/>\nTotes les escoles disposen del segon cicle d\u2019educaci\u00f3 infantil i de Prim\u00e0ria. En els municipis grans quasi b\u00e9 totes les escoles tenen dues aules per nivell, amb 6 aules d\u2019Educaci\u00f3 Infantil i 12 de Prim\u00e0ria.<br \/>\nLes escoles privades concertades i privades s\u00f3n en municipis grans; en els municipis de menys poblaci\u00f3 unicament hi ha escoles p\u00fabliques.<\/p>\n<p><strong>Educaci\u00f3 Infantil\u00a0\u00a0\u00a0\u00a0\u00a0\u00a0\u00a0\u00a0\u00a0\u00a0\u00a0\u00a0\u00a0\u00a0\u00a0\u00a0\u00a0\u00a0\u00a0\u00a0\u00a0\u00a0\u00a0\u00a0\u00a0\u00a0\u00a0\u00a0\u00a0\u00a0\u00a0 Any 2015<\/strong><\/p>\n<table style=\"width: 651px;\">\n<tbody>\n<tr style=\"height: 102px;\">\n<td style=\"width: 73px; height: 102px;\"><\/td>\n<td style=\"width: 108px; height: 102px;\"><strong>Aules\u00a0<\/strong><strong>Centres p\u00fablics<\/strong><\/td>\n<td style=\"width: 104px; height: 102px;\"><strong>Aules\u00a0<\/strong><strong>Centres privats<\/strong><\/td>\n<td style=\"width: 70px; height: 102px;\"><strong>Total \u00a0<\/strong><strong>Aules<\/strong><\/td>\n<td style=\"width: 33px; height: 266px;\" rowspan=\"4\"><strong>\u00a0<\/strong><\/td>\n<td style=\"width: 93px; height: 102px;\"><em><strong>Alumnes<\/strong><\/em><\/p>\n<p><em><strong>C. p\u00fablics<\/strong><\/em><\/td>\n<td style=\"width: 98px; height: 102px;\"><em><strong>Alumnes<\/strong><\/em><\/p>\n<p><em><strong>C. privats<\/strong><\/em><\/td>\n<td style=\"width: 112px; height: 102px;\"><em><strong>Total alumnes<\/strong><\/em><\/p>\n<p><em><strong>Ed. Infantil<\/strong><\/em><\/td>\n<\/tr>\n<tr style=\"height: 67px;\">\n<td style=\"width: 73px; height: 67px;\"><strong>Alt Pened\u00e8s<\/strong><\/td>\n<td style=\"width: 108px; height: 67px;\">\u00a0\u00a0 258<\/td>\n<td style=\"width: 104px; height: 67px;\">\u00a0\u00a0 57<\/td>\n<td style=\"width: 70px; height: 67px;\">\u00a0 315<\/td>\n<td style=\"width: 93px; height: 67px;\"><em><strong>\u00a0 4.265<\/strong><\/em><\/td>\n<td style=\"width: 98px; height: 67px;\"><em><strong>\u00a0 1.050<\/strong><\/em><\/td>\n<td style=\"width: 112px; height: 67px;\"><em><strong>\u00a0\u00a0\u00a0\u00a0 5.315<\/strong><\/em><\/td>\n<\/tr>\n<tr style=\"height: 67px;\">\n<td style=\"width: 73px; height: 67px;\"><strong>Baix Pened\u00e8s<\/strong><\/td>\n<td style=\"width: 108px; height: 67px;\">\u00a0\u00a0 193<\/td>\n<td style=\"width: 104px; height: 67px;\">\u00a0\u00a0 25<\/td>\n<td style=\"width: 70px; height: 67px;\">\u00a0 218<\/td>\n<td style=\"width: 93px; height: 67px;\"><em><strong>\u00a0 3.651<\/strong><\/em><\/td>\n<td style=\"width: 98px; height: 67px;\"><em><strong>\u00a0\u00a0\u00a0\u00a0\u00a0 591<\/strong><\/em><\/td>\n<td style=\"width: 112px; height: 67px;\"><em><strong>\u00a0\u00a0\u00a0\u00a0 4.242<\/strong><\/em><\/td>\n<\/tr>\n<tr style=\"height: 30px;\">\n<td style=\"width: 73px; height: 30px;\"><strong>Garraf<\/strong><\/p>\n<p><strong>\u00a0<\/strong><\/td>\n<td style=\"width: 108px; height: 30px;\">\u00a0\u00a0 215<\/td>\n<td style=\"width: 104px; height: 30px;\">\u00a0\u00a0 57<\/td>\n<td style=\"width: 70px; height: 30px;\">\u00a0 272<\/td>\n<td style=\"width: 93px; height: 30px;\"><em><strong>\u00a0 4.414<\/strong><\/em><\/td>\n<td style=\"width: 98px; height: 30px;\"><em><strong>\u00a0\u00a0 1.072<\/strong><\/em><\/td>\n<td style=\"width: 112px; height: 30px;\"><em><strong>\u00a0\u00a0\u00a0\u00a0 5.476<\/strong><\/em><\/td>\n<\/tr>\n<\/tbody>\n<\/table>\n<table style=\"width: 100%;\">\n<tbody>\n<tr>\n<td>\u00a0<img loading=\"lazy\" decoding=\"async\" class=\"alignnone wp-image-6241 size-medium\" src=\"http:\/\/serveiseducatius.xtec.cat\/altpenedes\/wp-content\/uploads\/usu763\/2016\/12\/IMG_3643-300x225.jpg\" alt=\"\" width=\"300\" height=\"225\" srcset=\"https:\/\/serveiseducatius.xtec.cat\/altpenedes\/wp-content\/uploads\/usu763\/2016\/12\/IMG_3643-300x225.jpg 300w, https:\/\/serveiseducatius.xtec.cat\/altpenedes\/wp-content\/uploads\/usu763\/2016\/12\/IMG_3643-150x113.jpg 150w, https:\/\/serveiseducatius.xtec.cat\/altpenedes\/wp-content\/uploads\/usu763\/2016\/12\/IMG_3643-768x576.jpg 768w, https:\/\/serveiseducatius.xtec.cat\/altpenedes\/wp-content\/uploads\/usu763\/2016\/12\/IMG_3643-200x150.jpg 200w, https:\/\/serveiseducatius.xtec.cat\/altpenedes\/wp-content\/uploads\/usu763\/2016\/12\/IMG_3643.jpg 960w\" sizes=\"auto, (max-width: 300px) 100vw, 300px\" \/><\/td>\n<td><\/td>\n<td>\u00a0<img loading=\"lazy\" decoding=\"async\" class=\"alignnone wp-image-6242 size-medium\" src=\"http:\/\/serveiseducatius.xtec.cat\/altpenedes\/wp-content\/uploads\/usu763\/2016\/12\/IMG_3639-300x225.jpg\" alt=\"\" width=\"300\" height=\"225\" srcset=\"https:\/\/serveiseducatius.xtec.cat\/altpenedes\/wp-content\/uploads\/usu763\/2016\/12\/IMG_3639-300x225.jpg 300w, https:\/\/serveiseducatius.xtec.cat\/altpenedes\/wp-content\/uploads\/usu763\/2016\/12\/IMG_3639-150x113.jpg 150w, https:\/\/serveiseducatius.xtec.cat\/altpenedes\/wp-content\/uploads\/usu763\/2016\/12\/IMG_3639-768x576.jpg 768w, https:\/\/serveiseducatius.xtec.cat\/altpenedes\/wp-content\/uploads\/usu763\/2016\/12\/IMG_3639-200x150.jpg 200w, https:\/\/serveiseducatius.xtec.cat\/altpenedes\/wp-content\/uploads\/usu763\/2016\/12\/IMG_3639.jpg 960w\" sizes=\"auto, (max-width: 300px) 100vw, 300px\" \/><\/td>\n<\/tr>\n<tr>\n<td><span style=\"color: #800080;\"><em>Escola\u00a0 &#8220;Dolors Piera&#8221; de Vilafranca\u00a0<\/em><\/span><\/td>\n<td><span style=\"color: #800080;\"><em>Escola &#8220;El Drac&#8221; de Pacs<\/em><\/span><\/td>\n<td><span style=\"color: #800080;\"><em>Fundaci\u00f3 &#8220;L&#8217;Espiga&#8221; de Vilafranca<\/em><\/span><\/td>\n<\/tr>\n<\/tbody>\n<\/table>\n<p><strong>Educaci\u00f3\u00a0 Prim\u00e0ria\u00a0\u00a0\u00a0\u00a0\u00a0\u00a0\u00a0\u00a0\u00a0\u00a0\u00a0\u00a0\u00a0 Any 2015<\/strong><\/p>\n<table style=\"width: 693px;\">\n<tbody>\n<tr>\n<td style=\"width: 66px;\"><\/td>\n<td style=\"width: 101px;\">&nbsp;<\/p>\n<p><strong>Aules centres p\u00fablics<\/strong><\/p>\n<p>&nbsp;<\/td>\n<td style=\"width: 91px;\"><strong>Aules centres privats<\/strong><\/td>\n<td style=\"width: 69px;\"><strong>Total aules prim\u00e0ria<\/strong><\/td>\n<td style=\"width: 30px;\" rowspan=\"4\"><\/td>\n<td style=\"width: 110px;\"><em><strong>Alumnes<\/strong><\/em><em><strong>c.p\u00fablics<\/strong><\/em><\/td>\n<td style=\"width: 91px;\"><em><strong>Alumnes c.privats<\/strong><\/em><\/td>\n<td style=\"width: 115px;\"><em><strong>Total alumnes Ed. Prim\u00e0ria<\/strong><\/em><\/td>\n<\/tr>\n<tr>\n<td style=\"width: 66px;\">Alt Pened\u00e8s<\/td>\n<td style=\"width: 101px;\">\u00a0 313<\/td>\n<td style=\"width: 91px;\">\u00a0 65<\/td>\n<td style=\"width: 69px;\">\u00a0\u00a0\u00a0378<\/td>\n<td style=\"width: 110px;\"><em>\u00a06.158<\/em><\/td>\n<td style=\"width: 91px;\"><em>\u00a0 1.645<\/em><\/td>\n<td style=\"width: 115px;\"><em>\u00a0 7.803<\/em><\/td>\n<\/tr>\n<tr>\n<td style=\"width: 66px;\">Baix Pened\u00e8s<\/td>\n<td style=\"width: 101px;\">\u00a0 283<\/td>\n<td style=\"width: 91px;\">\u00a0 43<\/td>\n<td style=\"width: 69px;\">\u00a0 \u00a0326<\/td>\n<td style=\"width: 110px;\"><em>\u00a05.990<\/em><\/td>\n<td style=\"width: 91px;\"><em>\u00a0 1.082<\/em><\/td>\n<td style=\"width: 115px;\"><em>\u00a0 7.072<\/em><\/td>\n<\/tr>\n<tr>\n<td style=\"width: 66px;\">Garraf<\/td>\n<td style=\"width: 101px;\">\u00a0 312<\/td>\n<td style=\"width: 91px;\">\u00a0 72<\/td>\n<td style=\"width: 69px;\">\u00a0 \u00a0384<\/td>\n<td style=\"width: 110px;\"><em>\u00a07.277<\/em><\/p>\n<p><em>\u00a0<\/em><\/td>\n<td style=\"width: 91px;\"><em>\u00a0 1.803<\/em><\/td>\n<td style=\"width: 115px;\"><em>\u00a0 9.080<\/em><\/td>\n<\/tr>\n<\/tbody>\n<\/table>\n<p>L&#8217;atenci\u00f3 a alumnes amb discapacitats es realitza, en alguns casos des de escoles d&#8217;Educaci\u00f3 Infantil i Prim\u00e0ria i\u00a0 en altres casos des d&#8217; escoles\u00a0 com l&#8217;escola Delta-Espiga de\u00a0 la Fundaci\u00f3 L&#8217;Espiga\u00a0 o la Fundaci\u00f3 Mas Alborn\u00e0\u00a0 de Vilafranca.<\/td>\n<\/tr>\n<tr>\n<td style=\"width: 100%;\"><strong>Educaci\u00f3 Secund\u00e0ria<\/strong><\/p>\n<p>Els centres d\u2019Ensenyament Secundari fins fa uns anys es trobaven unicament en les poblacions amb m\u00e9s habitants, havent-se de despla\u00e7ar l\u2019alumnat de la majoria dels pobles a les viles m\u00e9s grans.<\/p>\n<p>Des de fa uns anys, a causa de la implantaci\u00f3 de l\u2019ensenyament secundari obligatori \u2013ESO- dels dotze als setze anys, s\u2019han creat instituts p\u00fablics a diferents municipis, el que ha evitat el despla\u00e7ament de molts nois i noies i ha apropat els instituts als pobles. Els estudis de Batxillerat, en les seves diferents modalitats es realitzen als instituts de poblacions grans.<\/p>\n<p>&nbsp;<\/p>\n<p><strong>Instituts\u00a0 p\u00fablics\u00a0 d\u2019Ensenyament Secundari \u2013IES- Curs 2016-17<\/strong><\/p>\n<table style=\"width: 458px;\">\n<tbody>\n<tr>\n<td style=\"width: 154px;\"><strong>Alt Pened\u00e8s<\/strong><\/td>\n<td style=\"width: 141px;\"><strong>\u00a0Baix Pened\u00e8s\u00a0<\/strong><\/td>\n<td style=\"width: 153px;\"><strong>Garraf<\/strong><\/td>\n<\/tr>\n<tr>\n<td style=\"width: 154px;\">Vilafranca\u00a0\u00a0\u00a0\u00a0\u00a0\u00a0\u00a0 \u00a0\u00a0\u00a0\u00a0\u00a0\u00a0\u00a0\u00a0-4-<\/p>\n<p>Sant Sadurn\u00ed\u00a0 \u00a0\u00a0\u00a0\u00a0\u00a0\u00a0\u00a0\u00a0\u00a0-2-<\/p>\n<p>Els Monjos<\/p>\n<p>Sant Mart\u00ed Sarroca<\/p>\n<p>Sant Quint\u00ed de Mediona<\/td>\n<td style=\"width: 141px;\">El Vendrell\u00a0\u00a0\u00a0\u00a0\u00a0 \u00a0\u00a0\u00a0\u00a0\u00a0\u00a0\u00a0\u00a0-3-<\/p>\n<p>La Bisbal<\/p>\n<p>L\u2019Arbo\u00e7<\/p>\n<p>Cunit<\/p>\n<p>Calafell\u00a0\u00a0 \u00a0\u00a0\u00a0\u00a0\u00a0\u00a0\u00a0\u00a0\u00a0\u00a0\u00a0\u00a0\u00a0\u00a0\u00a0\u00a0\u00a0-2-<\/td>\n<td style=\"width: 153px;\">Vilanova\u00a0\u00a0\u00a0\u00a0\u00a0\u00a0\u00a0\u00a0\u00a0\u00a0\u00a0 \u00a0\u00a0\u00a0\u00a0\u00a0\u00a0-6-<\/p>\n<p>Sitges\u00a0\u00a0\u00a0\u00a0\u00a0\u00a0\u00a0\u00a0\u00a0\u00a0\u00a0\u00a0\u00a0\u00a0 \u00a0\u00a0\u00a0\u00a0\u00a0\u00a0\u00a0-2-<\/p>\n<p>Sant Pere de Ribes -2-<\/p>\n<p>Canyelles<\/p>\n<p>Cubelles\u00a0\u00a0\u00a0\u00a0\u00a0\u00a0\u00a0\u00a0\u00a0\u00a0\u00a0\u00a0\u00a0\u00a0\u00a0\u00a0\u00a0 -2-<\/td>\n<\/tr>\n<\/tbody>\n<\/table>\n<p>A m\u00e9s a mes \u00a0dels Instituts p\u00fablics hi ha diferents escoles privades on tamb\u00e9 es pot estudiar l\u2019ESO i en algunes Batxillerat.<\/p>\n<p><strong>Centres\u00a0 de Secund\u00e0ria \u00a0 Any 2015<\/strong><\/p>\n<table style=\"height: 256px;\" width=\"201\">\n<tbody>\n<tr style=\"height: 48px;\">\n<td style=\"height: 48px; width: 66px;\"><\/td>\n<td style=\"height: 48px; width: 61px;\"><strong>P\u00fablics<\/strong><\/td>\n<td style=\"height: 48px; width: 58px;\"><strong>Privats<\/strong><\/td>\n<\/tr>\n<tr style=\"height: 67px;\">\n<td style=\"height: 67px; width: 66px;\">Alt Pened\u00e8s<\/td>\n<td style=\"height: 67px; width: 61px;\">\u00a0\u00a0 15<\/td>\n<td style=\"height: 67px; width: 58px;\">\u00a0 6<\/td>\n<\/tr>\n<tr style=\"height: 67px;\">\n<td style=\"height: 67px; width: 66px;\">Baix Pened\u00e8s<\/td>\n<td style=\"height: 67px; width: 61px;\">\u00a0\u00a0\u00a010<\/td>\n<td style=\"height: 67px; width: 58px;\">\u00a0 4<\/td>\n<\/tr>\n<tr style=\"height: 58px;\">\n<td style=\"height: 58px; width: 66px;\">Garraf<\/td>\n<td style=\"height: 58px; width: 61px;\">\u00a0\u00a0\u00a019<\/td>\n<td style=\"height: 58px; width: 58px;\">\u00a0 7<\/td>\n<\/tr>\n<\/tbody>\n<\/table>\n<p>La Formaci\u00f3 Professional es realitza quasi b\u00e9 unicament en els instituts p\u00fablics. En els diferents instituts s\u2019hi poden realizar diferents cicles formatius de grau mitj\u00e0 o superior.<\/p>\n<p><strong>Nombre alumnes \u00a0d\u2019ESO, Batxillerat, Cicle Formatius i Programes d\u2019Inserci\u00f3\u00a0\u00a0 \u00a02015<\/strong><\/p>\n<table>\n<tbody>\n<tr>\n<td width=\"85\"><\/td>\n<td colspan=\"2\" width=\"86\"><strong>ESO<\/strong><\/td>\n<td colspan=\"2\" width=\"99\"><strong>Batxillerat<\/strong><\/td>\n<td colspan=\"2\" width=\"99\"><strong>Cicle Formatiu<\/strong><\/p>\n<p><strong>Grau mitj\u00e0<\/strong><\/td>\n<td colspan=\"2\" width=\"99\"><strong>Cicle Formatiu<\/strong><\/p>\n<p><strong>Grau Superior<\/strong><\/td>\n<td colspan=\"2\" width=\"99\"><strong>Programes formaci\u00f3\u00a0 inserci\u00f3<\/strong><\/td>\n<\/tr>\n<tr>\n<td width=\"85\"><\/td>\n<td width=\"47\">P\u00fablic<\/td>\n<td width=\"39\">Privat<\/td>\n<td width=\"51\">P\u00fablic<\/td>\n<td width=\"48\">Privat<\/td>\n<td width=\"51\">P\u00fablic<\/td>\n<td width=\"48\">Privat<\/td>\n<td width=\"51\">P\u00fablic<\/td>\n<td width=\"48\">Privat<\/td>\n<td width=\"51\">P\u00fablic<\/td>\n<td width=\"48\">Privat<\/td>\n<\/tr>\n<tr>\n<td width=\"85\">Alt Pened\u00e8s<\/td>\n<td width=\"47\">3.243<\/td>\n<td width=\"39\">1.200<\/td>\n<td width=\"51\">\u00a0\u00a0 968<\/td>\n<td width=\"48\">\u00a0 213<\/td>\n<td width=\"51\">\u00a0 524<\/td>\n<td width=\"48\">\u00a0\u00a0 0<\/td>\n<td width=\"51\">\u00a0 411<\/td>\n<td width=\"48\">\u00a0\u00a0 0<\/td>\n<td width=\"51\">\u00a0 109<\/td>\n<td width=\"48\">\u00a0\u00a0 0<\/td>\n<\/tr>\n<tr>\n<td width=\"85\">Baix Pened\u00e8s<\/td>\n<td width=\"47\">3.697<\/td>\n<td width=\"39\">\u00a0\u00a0 662<\/td>\n<td width=\"51\">\u00a0\u00a0 864<\/td>\n<td width=\"48\">\u00a0\u00a0\u00a0 99<\/td>\n<td width=\"51\">\u00a0 565<\/td>\n<td width=\"48\">\u00a0\u00a0 0<\/td>\n<td width=\"51\">\u00a0 303<\/td>\n<td width=\"48\">\u00a0\u00a0 0<\/td>\n<td width=\"51\">\u00a0\u00a0\u00a0 74<\/td>\n<td width=\"48\">\u00a0 18<\/td>\n<\/tr>\n<tr>\n<td width=\"85\">Garraf<\/td>\n<td width=\"47\">4.309<\/td>\n<td width=\"39\">1.383<\/td>\n<td width=\"51\">1.549<\/td>\n<td width=\"48\">\u00a0\u00a0 204<\/td>\n<td width=\"51\">\u00a0 728<\/td>\n<td width=\"48\">\u00a076<\/td>\n<td width=\"51\">\u00a0 439<\/td>\n<td width=\"48\">\u00a0\u00a0 0<\/td>\n<td width=\"51\">\u00a0 148<\/td>\n<td width=\"48\">\u00a0\u00a0\u00a0 0<\/td>\n<\/tr>\n<\/tbody>\n<\/table>\n<p>A Vilafranca hi ha l\u2019Escola Municipal d\u2019Art Arsenal; a Vilanova l\u2019EMAID -Escola Municipal d\u2019Art i Disseny- on es poden estudiar diferents cicles formatius de cer\u00e0mica, joieria, disseny\u2026<br \/>\nA Sant Sadurn\u00ed hi ha l\u2019 Escola de Viticultura i Enologia Merc\u00e8 Rossell i Dom\u00e8nec, amb formaci\u00f3 cont\u00ednua (m\u00e0sters) i formaci\u00f3 reglada (cicles formatius de grau mitj\u00e0 i superior).<br \/>\nA Vilafranca hi ha l\u2019 Escola d&#8217;Enoturisme de Catalunya, amb cicles formatius de grau superior i formaci\u00f3 permanent.<\/p>\n<p>Les tres capitals de comarca disposen d\u2019escola oficial d\u2019idiomes \u2013EOI-.<br \/>\nEn diferents municipis es realitzen cursos d\u2019inserci\u00f3 laboral, per facilitar l\u2019acc\u00e9s al treball a persones que, per diferents motius, estan sense feina. Des de les oficines municipals de Treball i Ocupaci\u00f3 s\u2019organitzen aquests programes. L\u2019IDAP \u2013Institut d\u2019aprenentatge productiu- a Vilafranca; el Servei d\u2019Orientaci\u00f3 i Inserci\u00f3 Laboral del Vendrell; l\u2019IMET -Institut Municipal d\u2019Educaci\u00f3 i Treball \u2013 a Vilanova\u2026 en s\u00f3n exemples.<\/p>\n<table class=\" aligncenter\" style=\"width: 100%;\">\n<tbody>\n<tr>\n<td>\u00a0<img loading=\"lazy\" decoding=\"async\" class=\"alignnone size-full wp-image-6737\" src=\"http:\/\/serveiseducatius.xtec.cat\/altpenedes\/wp-content\/uploads\/usu763\/2016\/12\/institit-mediona-1.jpg\" alt=\"\" width=\"722\" height=\"155\" srcset=\"https:\/\/serveiseducatius.xtec.cat\/altpenedes\/wp-content\/uploads\/usu763\/2016\/12\/institit-mediona-1.jpg 722w, https:\/\/serveiseducatius.xtec.cat\/altpenedes\/wp-content\/uploads\/usu763\/2016\/12\/institit-mediona-1-150x32.jpg 150w, https:\/\/serveiseducatius.xtec.cat\/altpenedes\/wp-content\/uploads\/usu763\/2016\/12\/institit-mediona-1-300x64.jpg 300w\" sizes=\"auto, (max-width: 722px) 100vw, 722px\" \/><\/td>\n<td>\u00a0<img loading=\"lazy\" decoding=\"async\" class=\"alignnone wp-image-6245 size-medium\" src=\"http:\/\/serveiseducatius.xtec.cat\/altpenedes\/wp-content\/uploads\/usu763\/2016\/12\/IMG_3656-300x225.jpg\" alt=\"\" width=\"300\" height=\"225\" srcset=\"https:\/\/serveiseducatius.xtec.cat\/altpenedes\/wp-content\/uploads\/usu763\/2016\/12\/IMG_3656-300x225.jpg 300w, https:\/\/serveiseducatius.xtec.cat\/altpenedes\/wp-content\/uploads\/usu763\/2016\/12\/IMG_3656-150x113.jpg 150w, https:\/\/serveiseducatius.xtec.cat\/altpenedes\/wp-content\/uploads\/usu763\/2016\/12\/IMG_3656-768x576.jpg 768w, https:\/\/serveiseducatius.xtec.cat\/altpenedes\/wp-content\/uploads\/usu763\/2016\/12\/IMG_3656-200x150.jpg 200w, https:\/\/serveiseducatius.xtec.cat\/altpenedes\/wp-content\/uploads\/usu763\/2016\/12\/IMG_3656.jpg 960w\" sizes=\"auto, (max-width: 300px) 100vw, 300px\" \/><\/td>\n<\/tr>\n<tr>\n<td><span style=\"color: #800080;\"><em>Institut\u00a0 Mediona<\/em><\/span><\/td>\n<td><span style=\"color: #800080;\"><em>Institut &#8220;Pla del Bosc&#8221; de Canyelles<\/em><\/span><\/td>\n<\/tr>\n<\/tbody>\n<\/table>\n<\/td>\n<\/tr>\n<tr>\n<td style=\"width: 100%;\">\u00a0A les comarques penedesenques es poden realizar tamb\u00e9 alguns estudis universitaris:<\/p>\n<p>++ A Vilanova es poden realizar estudis d\u2019ingenieria inform\u00e0tica i telecomunicacions, ingenieria industrial i electr\u00f2nica, qu\u00edmica\u2026 a l\u2019 Escola Polit\u00e8cnica Superior d\u2019Ingenieria de la Universitat Polit\u00e8cnica de Catalunya \u2013UPC- .<\/p>\n<p>++ Al Vendrell \u2013Coma-ruga- es poden estudiar els graus d\u2019Infermeria i d\u2019Educaci\u00f3 Infantil de la Universitat Rovira i Virgili de Tarragona.<br \/>\nDiferents poblacions de les tres comarques tenen Escola Municipal de M\u00fasica. A l\u2019Arbo\u00e7 hi ha l\u2019 Escola Municipal de M\u00fasica Tradicional del Pened\u00e8s.<\/p>\n<p>L\u2019 Escola de M\u00fasica de l\u2019Alt Pened\u00e8s \u2013 EMAP-, dep\u00e8n del Consell Comarcal de l\u2019Alt Pened\u00e8s i d\u00f3na servei a disset municipis de la comarca que no disposen d\u2019escola municipal de m\u00fasica.<\/p>\n<table style=\"width: 100%;\">\n<tbody>\n<tr>\n<td>\u00a0<img loading=\"lazy\" decoding=\"async\" class=\"alignnone size-full wp-image-6740\" src=\"http:\/\/serveiseducatius.xtec.cat\/altpenedes\/wp-content\/uploads\/usu763\/2016\/12\/webIMG_ARSENAL.jpg\" alt=\"\" width=\"295\" height=\"209\" srcset=\"https:\/\/serveiseducatius.xtec.cat\/altpenedes\/wp-content\/uploads\/usu763\/2016\/12\/webIMG_ARSENAL.jpg 295w, https:\/\/serveiseducatius.xtec.cat\/altpenedes\/wp-content\/uploads\/usu763\/2016\/12\/webIMG_ARSENAL-150x106.jpg 150w\" sizes=\"auto, (max-width: 295px) 100vw, 295px\" \/><\/td>\n<td>\u00a0<img loading=\"lazy\" decoding=\"async\" class=\"alignnone wp-image-6246 size-medium\" src=\"http:\/\/serveiseducatius.xtec.cat\/altpenedes\/wp-content\/uploads\/usu763\/2016\/12\/IMG_3706-300x225.jpg\" alt=\"\" width=\"300\" height=\"225\" srcset=\"https:\/\/serveiseducatius.xtec.cat\/altpenedes\/wp-content\/uploads\/usu763\/2016\/12\/IMG_3706-300x225.jpg 300w, https:\/\/serveiseducatius.xtec.cat\/altpenedes\/wp-content\/uploads\/usu763\/2016\/12\/IMG_3706-150x113.jpg 150w, https:\/\/serveiseducatius.xtec.cat\/altpenedes\/wp-content\/uploads\/usu763\/2016\/12\/IMG_3706-768x576.jpg 768w, https:\/\/serveiseducatius.xtec.cat\/altpenedes\/wp-content\/uploads\/usu763\/2016\/12\/IMG_3706-200x150.jpg 200w, https:\/\/serveiseducatius.xtec.cat\/altpenedes\/wp-content\/uploads\/usu763\/2016\/12\/IMG_3706.jpg 960w\" sizes=\"auto, (max-width: 300px) 100vw, 300px\" \/><\/td>\n<td><\/td>\n<\/tr>\n<tr>\n<td><span style=\"color: #800080;\"><em>Escola municipal d&#8217;Art &#8220;L&#8217;Arsenal&#8221; de Vilafranca<\/em><\/span><\/td>\n<td><span style=\"color: #800080;\"><em>Escola Polit\u00e8cnica Superior d&#8217;Engineria de Vilanova i la Geltr\u00fa<\/em><\/span><\/td>\n<td><span style=\"color: #800080;\"><em>Escola municipal de M\u00fasica &#8220;M\u00aa Dolors Calvet&#8221; de Vilafranca<\/em><\/span><\/td>\n<\/tr>\n<\/tbody>\n<\/table>\n<\/td>\n<\/tr>\n<tr>\n<td style=\"width: 100%;\"><strong>Formaci\u00f3 d&#8217;adults<\/strong><\/p>\n<p>Les tres comarques disposen de Centres de \u00a0Formaci\u00f3 d&#8217;Adults, on persones majors de setze anys poden completar els estudis per poder assolir el Graduat en Ensenyament Secundari i ampliar la seva formaci\u00f3 amb altres estudis.<\/p>\n<p>A l&#8217;Alt Pened\u00e8s hi ha el CFA Centre de Formaci\u00f3 d&#8217;adults de Vilafranca i el de Sant Sadurn\u00ed.<\/p>\n<p>Al Baix Pened\u00e8s \u00a0els CFA de Cunit i el Vendrell.<\/p>\n<p>Al Garraf els CFA de Sant Pere de Ribes, Vilanova i Sitges.<\/td>\n<\/tr>\n<tr>\n<td style=\"width: 100%;\">\n<h3><strong>LA \u00a0SANITAT<\/strong><\/h3>\n<\/td>\n<\/tr>\n<tr>\n<td style=\"width: 100%;\">\u00a0L\u2019assist\u00e8ncia sanit\u00e0ria a les comarques penedesenques est\u00e0 estructurada al voltant de:<\/p>\n<p>++<strong> Les \u00e0rees b\u00e0siques de salut \u2013ABS-<\/strong>, des d\u2019on es facilita atenci\u00f3 m\u00e8dica b\u00e0sica amb els equips sanitaris formats per metges i infermeres.<\/p>\n<p>++ <strong>Els hospitals<\/strong> d\u2019abast comarcal situats prop de les capitals de comarca, des d\u2019on s\u2019ofereix atenci\u00f3 especialitzada i es realitzen operacions quir\u00fargiques.<\/p>\n<p>Organitzativament, les comarques de l\u2019Alt Pened\u00e8s i el Garraf pertanyen a la regi\u00f3 sanit\u00e0ria Costa de Ponent, mentre que la del Baix Pened\u00e8s pertany a la regi\u00f3 sanit\u00e0ria de Tarragona dins l\u2019organitzaci\u00f3 del Servei Catal\u00e0 de la Salut de la Generalitat de Catalunya.<\/td>\n<\/tr>\n<tr>\n<td style=\"width: 100%;\"><strong>A l&#8217;Alt Pened\u00e8s hi ha les seg\u00fcents \u00e0rees de salut:<\/strong><\/p>\n<p>++<strong>ABS<\/strong> <strong>Pened\u00e8s Rural <\/strong>\u2013 que inclou els municipis de Santa Margarida i els Monjos, Castellv\u00ed de la Marca, Pacs, Les Cabanyes, Vilob\u00ed, Santa Fe, Puigd\u00e0lber, La Granada, Sant Cugat de Sesgarrigues, Ol\u00e8rdola, Avinyonet, \u00a0Olesa de Bonesvalls, \u00a0Subirats, El Pla, Font-rub\u00ed, Mediona, Sant Mart\u00ed Sarroca, Torrelles de Foix, Pontons i Mediona.\u00a0\u00a0\u00a0\u00a0\u00a0\u00a0 A cada municipi hi ha un consultori m\u00e8dic\u00a0 amb unes hores setmanals per visites dels equips dels metges de familia i d\u2019 infermeria<\/p>\n<p><strong>++ABS Sant Sadurn\u00ed- <\/strong>que inclou els municipis de Torrelavit, Sant Pere de Riudebitlles i Sant Quint\u00ed de Mediona<strong>.<\/strong><\/p>\n<p><strong>++Vilafranca urbana\u00a0 <\/strong>dividida en dues \u00e0rees des de l\u2019any 2017<strong>: \u00a0\u00a0ABS Vilafranca1 <\/strong>al CAP \u2013centre d\u2019atenci\u00f3 prim\u00e0ria- de la pla\u00e7a Pened\u00e8s i \u00a0 \u00a0 \u00a0 \u00a0 \u00a0\u00a0<strong>ABS Vilafranca2<\/strong> al nou CAP Nord de l\u2019Avinguda de la Pelegrina.<\/p>\n<p><a href=\"http:\/\/serveiseducatius.xtec.cat\/altpenedes\/wp-content\/uploads\/usu763\/2016\/12\/mapa-sanitari-alt-penedes.jpg\"><img loading=\"lazy\" decoding=\"async\" class=\"aligncenter wp-image-4702\" src=\"http:\/\/serveiseducatius.xtec.cat\/altpenedes\/wp-content\/uploads\/usu763\/2016\/12\/mapa-sanitari-alt-penedes.jpg\" alt=\"mapa sanitari alt penedes\" width=\"600\" height=\"424\" srcset=\"https:\/\/serveiseducatius.xtec.cat\/altpenedes\/wp-content\/uploads\/usu763\/2016\/12\/mapa-sanitari-alt-penedes.jpg 704w, https:\/\/serveiseducatius.xtec.cat\/altpenedes\/wp-content\/uploads\/usu763\/2016\/12\/mapa-sanitari-alt-penedes-300x212.jpg 300w\" sizes=\"auto, (max-width: 600px) 100vw, 600px\" \/><\/a><span style=\"color: #800080;\"><em><span style=\"color: #cc99ff;\">\u00a0 \u00a0 \u00a0 \u00a0 \u00a0 \u00a0 \u00a0 \u00a0 \u00a0 \u00a0 \u00a0 \u00a0 \u00a0 \u00a0 \u00a0 \u00a0 \u00a0 \u00a0 \u00a0 \u00a0 \u00a0 \u00a0 \u00a0 \u00a0 \u00a0 \u00a0 \u00a0 \u00a0 \u00a0 \u00a0 \u00a0 \u00a0 \u00a0 \u00a0 \u00a0 \u00a0 \u00a0 \u00a0 \u00a0 \u00a0Font: Consorci Sanitari de l&#8217;Alt Pened\u00e8s<\/span><\/em><\/span><\/td>\n<\/tr>\n<tr>\n<td style=\"width: 100%;\"><strong>Al Baix Pened\u00e8s\u00a0 i al Garraf hi ha les seg\u00fcents \u00e0rees b\u00e0siques de salut:<\/strong><\/p>\n<p>++ <strong>ABS Baix Pened\u00e8s Interior<\/strong> \u2013que inclou els pobles de Banyeres, Castellet, Lloren\u00e7, Montmell i Sant Jaume dels Domenys ;<\/p>\n<p>++<strong>ABS Calafell<\/strong><\/p>\n<p>++<strong>ABS El Vendrell<\/strong> \u2013que inclou Albinyana, Bellvei, La Bisbal i Santa Oliva-.Al Garraf hi ha les seg\u00fcents \u00e0rees b\u00e0siques de salut:<\/p>\n<p>++ <strong>ABS Sitges<\/strong><\/p>\n<p>++<strong>ABS Vilanova1<\/strong>, al Centre d\u2019Atenci\u00f3 Prim\u00e0ria CAP Sant Joan i <strong>\u00a0ABS Vilanova2<\/strong>, al CAP Jaume I.<\/p>\n<p>++ <strong>ABS Cubelles-Cunit<\/strong>, amb un centre d\u2019atenci\u00f3 prim\u00e0ria a cada poblaci\u00f3.<\/p>\n<p>++<strong>ABS Garraf rural<\/strong> que inclou el CAP de Sant Pere de Ribes-Olivella, el CAP de Canyelles i el de Roquetes, pertanyent al municipi de Sant Pere de Ribes.<\/p>\n<table style=\"width: 100%;\">\n<tbody>\n<tr>\n<td><img loading=\"lazy\" decoding=\"async\" class=\"alignnone wp-image-6253 size-medium\" src=\"http:\/\/serveiseducatius.xtec.cat\/altpenedes\/wp-content\/uploads\/usu763\/2016\/12\/IMG_3634-300x291.jpg\" alt=\"\" width=\"300\" height=\"291\" srcset=\"https:\/\/serveiseducatius.xtec.cat\/altpenedes\/wp-content\/uploads\/usu763\/2016\/12\/IMG_3634-300x291.jpg 300w, https:\/\/serveiseducatius.xtec.cat\/altpenedes\/wp-content\/uploads\/usu763\/2016\/12\/IMG_3634-150x145.jpg 150w, https:\/\/serveiseducatius.xtec.cat\/altpenedes\/wp-content\/uploads\/usu763\/2016\/12\/IMG_3634.jpg 660w\" sizes=\"auto, (max-width: 300px) 100vw, 300px\" \/><\/td>\n<td><img loading=\"lazy\" decoding=\"async\" class=\"alignnone wp-image-6254 size-medium\" src=\"http:\/\/serveiseducatius.xtec.cat\/altpenedes\/wp-content\/uploads\/usu763\/2016\/12\/IMG_3636-300x178.jpg\" alt=\"\" width=\"300\" height=\"178\" srcset=\"https:\/\/serveiseducatius.xtec.cat\/altpenedes\/wp-content\/uploads\/usu763\/2016\/12\/IMG_3636-300x178.jpg 300w, https:\/\/serveiseducatius.xtec.cat\/altpenedes\/wp-content\/uploads\/usu763\/2016\/12\/IMG_3636-150x89.jpg 150w, https:\/\/serveiseducatius.xtec.cat\/altpenedes\/wp-content\/uploads\/usu763\/2016\/12\/IMG_3636-768x457.jpg 768w, https:\/\/serveiseducatius.xtec.cat\/altpenedes\/wp-content\/uploads\/usu763\/2016\/12\/IMG_3636.jpg 960w\" sizes=\"auto, (max-width: 300px) 100vw, 300px\" \/><\/td>\n<td><img loading=\"lazy\" decoding=\"async\" class=\"alignnone size-full wp-image-4129\" src=\"http:\/\/serveiseducatius.xtec.cat\/altpenedes\/wp-content\/uploads\/usu763\/2016\/12\/hospitalvilafranca.jpg\" alt=\"\" width=\"320\" height=\"240\" srcset=\"https:\/\/serveiseducatius.xtec.cat\/altpenedes\/wp-content\/uploads\/usu763\/2016\/12\/hospitalvilafranca.jpg 320w, https:\/\/serveiseducatius.xtec.cat\/altpenedes\/wp-content\/uploads\/usu763\/2016\/12\/hospitalvilafranca-300x225.jpg 300w, https:\/\/serveiseducatius.xtec.cat\/altpenedes\/wp-content\/uploads\/usu763\/2016\/12\/hospitalvilafranca-200x150.jpg 200w\" sizes=\"auto, (max-width: 320px) 100vw, 320px\" \/><\/td>\n<\/tr>\n<tr>\n<td><span style=\"color: #800080;\"><em>Centre d&#8217;Atenci\u00f3 Prim\u00e0ria Vilafranca Nord<\/em><\/span><\/td>\n<td><\/td>\n<td><span style=\"color: #800080;\"><em>Hospital Comarcal de l&#8217;Alt Pened\u00e8s<\/em><\/span><\/td>\n<\/tr>\n<\/tbody>\n<\/table>\n<\/td>\n<\/tr>\n<tr>\n<td style=\"width: 100%;\"><strong>Hospitals<\/strong><\/p>\n<p>Les visites m\u00e8diques a metges especialistes (cardi\u00f2legs, onc\u00f2legs, traumat\u00f2legs, neur\u00f2legs\u2026) es fan a les Consultes Externes dels hospitals de cada comarca, aix\u00ed com les intervencions cir\u00fargiques i el tractament de malalties que necessiten hospitalitzaci\u00f3.<\/p>\n<p><strong>Centres hospitalaris<\/strong><\/p>\n<table style=\"width: 100%;\">\n<tbody>\n<tr>\n<td>\n<table width=\"397\">\n<tbody>\n<tr style=\"height: 48px;\">\n<td style=\"height: 48px;\" width=\"95\"><\/td>\n<td style=\"height: 48px;\" width=\"246\"><strong>Centres<\/strong><\/td>\n<td style=\"height: 48px;\" width=\"57\"><strong>Llits<\/strong><\/td>\n<\/tr>\n<tr style=\"height: 78px;\">\n<td style=\"height: 78px;\" width=\"95\">Alt\u00a0\u00a0 Pened\u00e8s<\/td>\n<td style=\"height: 78px;\" width=\"246\">Hospital Comarcal de l\u2019Alt \u00a0Pened\u00e8s\u00a0<em>Vilafranca<\/em><\/td>\n<td style=\"height: 78px;\" width=\"57\">\u00a0 \u00a0 144<\/td>\n<\/tr>\n<tr style=\"height: 83px;\">\n<td style=\"height: 83px;\" width=\"95\">Baix\u00a0\u00a0 Pened\u00e8s<\/td>\n<td style=\"height: 83px;\" width=\"246\">Hospital del Vendrell \u00a0 \u00a0 \u00a0 \u00a0 \u00a0 \u00a0 \u00a0 \u00a0 \u00a0 \u00a0 \u00a0 \u00a0 \u00a0 \u00a0 \u00a0 \u00a0\u00a0<em>El Vendrell<\/em><\/td>\n<td style=\"height: 83px;\" width=\"57\">\u00a0 \u00a0 110<\/td>\n<\/tr>\n<tr style=\"height: 109px;\">\n<td style=\"height: 109px;\" width=\"95\">Garraf<\/td>\n<td style=\"height: 109px;\" width=\"246\">Fundaci\u00f3 Hospital Sant Antoni Abad. \u00a0<em>Vilanova<\/em><\/p>\n<p>Hospital Resid\u00e8ncia Sant Camil \u00a0 \u00a0 \u00a0 \u00a0\u00a0<em>Sant Pere de Ribes<\/em><\/td>\n<td style=\"height: 109px;\" width=\"57\">\n<p style=\"text-align: center;\">\u00a0 406<\/p>\n<\/td>\n<\/tr>\n<\/tbody>\n<\/table>\n<\/td>\n<td><a href=\"http:\/\/serveiseducatius.xtec.cat\/altpenedes\/wp-content\/uploads\/usu763\/2016\/12\/mapa-penedes-sanitat.jpg\"><img loading=\"lazy\" decoding=\"async\" class=\"alignnone size-full wp-image-4715\" src=\"http:\/\/serveiseducatius.xtec.cat\/altpenedes\/wp-content\/uploads\/usu763\/2016\/12\/mapa-penedes-sanitat.jpg\" alt=\"mapa penedes sanitat\" width=\"582\" height=\"523\" srcset=\"https:\/\/serveiseducatius.xtec.cat\/altpenedes\/wp-content\/uploads\/usu763\/2016\/12\/mapa-penedes-sanitat.jpg 582w, https:\/\/serveiseducatius.xtec.cat\/altpenedes\/wp-content\/uploads\/usu763\/2016\/12\/mapa-penedes-sanitat-300x270.jpg 300w\" sizes=\"auto, (max-width: 582px) 100vw, 582px\" \/><\/a><span style=\"color: #cc99ff;\"><em>Font: &#8220;Estudi de millora del transport p\u00fablic a l&#8217;Alt Pened\u00e8s&#8221;. Generalitat \u00a0de Catalunya 2014<\/em><\/span><\/td>\n<\/tr>\n<\/tbody>\n<\/table>\n<p>Quan certes malalties no poden ser tractades en els Hospitals Comarcals s\u2019envia els malalts als Hospitals de refer\u00e8ncia. A l\u2019Alt Pened\u00e8s i el Garraf s\u00f3n l&#8217;Hospital Sant Joan de D\u00e9u d\u2019Esplugues de Llobregat pels infants i la Ciutat Sanit\u00e0ria Universit\u00e0ria de Bellvitge pels adults.<br \/>\nL\u2019Hospital de refer\u00e8ncia del Baix Pened\u00e8s \u00e9s l\u2019Hospital Universitari Joan XXXIII de Tarragona.<\/td>\n<\/tr>\n<tr>\n<td style=\"width: 100%;\"><strong>Altres serveis sanitaris<\/strong><\/p>\n<p>Cada comarca disposa\u00a0 de Servei d&#8217;Atenci\u00f3 Sexual i Reproductiva\u00a0(SASIR), \u00a0d\u2019Unitat de Fisioter\u00e0pia i de Centre d\u2019Atenci\u00f3 i Seguiment de les Drogodepend\u00e8ncies.<\/p>\n<p>Igualment, a les tres comarques hi ha centres m\u00e8dics \u00a0privats no depenents del Servei Catal\u00e0 de Salut.<\/p>\n<p>El Consorci Sociosanitari de Vilafranca, gestiona el Centre Ricard Fortuny, amb llits d&#8217;atenci\u00f3 sociosanit\u00e0ria i de resid\u00e8ncia per l&#8217;atenci\u00f3 a i la depend\u00e8ncia, en col\u00b7laboraci\u00f3 amb el Departament de Benestar i fam\u00edlia. \u00a0\u00c9s un centre dedicat majorit\u00e0riament a persones grans. \u00a0 \u00a0 \u00a0 \u00a0 \u00a0 \u00a0 \u00a0 \u00a0 \u00a0 \u00a0 \u00a0 \u00a0 L&#8217;atenci\u00f3 sociosanit\u00e0ria a l&#8217;Alt Pened\u00e8s es complementa amb l&#8217;equip de PADES integrat a la unitat de pal\u00b7liatius del Ricard Fortuny.<br \/>\nA m\u00e9s dels serveis de treball social que ofereixen les entitats sanit\u00e0ries, l&#8217;Ajuntament de Vilafranca, el Consell Comarcal i els d&#8217;altres municipis de la comarca complementen i assumeixen l&#8217;atenci\u00f3 social de primer nivell.<\/td>\n<\/tr>\n<tr>\n<td style=\"width: 100%;\">\n<h3>LA PROTECCI\u00d3 CIVIL<\/h3>\n<\/td>\n<\/tr>\n<tr>\n<td style=\"width: 100%;\">\n<h5>Servei d&#8217;extinci\u00f3 d&#8217;incendis<\/h5>\n<\/td>\n<\/tr>\n<tr>\n<td style=\"width: 100%;\"><strong>Els bombers<\/strong><\/p>\n<p>A la capital de cada comarca hi ha el Parc de Bombers de la Generalitat que s\u2019encarrega de la prevenci\u00f3 i extinci\u00f3 d\u2019incendis de tot el territori. A Gelida, Sitges i Sant Jaume dels Domenys hi ha un Parc de Bombers voluntaris que col\u00b7laboren amb els bombers professionals en les tasques d\u2019extinci\u00f3 d\u2019incendis i en possibles situacions d\u2019emerg\u00e8ncia.<br \/>\nEls bombers, a trav\u00e9s del Servei de protecci\u00f3 civil es coordinen amb la policia, equips sanitaris i voluntaris davant de qualsevol emerg\u00e8ncia.<\/p>\n<table style=\"width: 914px; height: 309px;\">\n<tbody>\n<tr style=\"height: 318px;\">\n<td style=\"height: 318px; width: 398px;\"><a href=\"http:\/\/serveiseducatius.xtec.cat\/altpenedes\/wp-content\/uploads\/usu763\/2016\/12\/bomerrs.jpg\"><img loading=\"lazy\" decoding=\"async\" class=\"alignnone wp-image-5295\" src=\"http:\/\/serveiseducatius.xtec.cat\/altpenedes\/wp-content\/uploads\/usu763\/2016\/12\/bomerrs.jpg\" alt=\"bomerrs\" width=\"350\" height=\"261\" srcset=\"https:\/\/serveiseducatius.xtec.cat\/altpenedes\/wp-content\/uploads\/usu763\/2016\/12\/bomerrs.jpg 260w, https:\/\/serveiseducatius.xtec.cat\/altpenedes\/wp-content\/uploads\/usu763\/2016\/12\/bomerrs-200x150.jpg 200w\" sizes=\"auto, (max-width: 350px) 100vw, 350px\" \/><\/a><\/p>\n<p><em><span style=\"color: #cc99ff;\">(Foto: \u00a0Web Ajuntament de Vilafranca)<\/span><\/em><\/td>\n<td style=\"height: 318px; width: 508px;\"><a href=\"http:\/\/serveiseducatius.xtec.cat\/altpenedes\/wp-content\/uploads\/usu763\/2016\/12\/incendi-torrelavit.jpg\"><img loading=\"lazy\" decoding=\"async\" class=\"alignnone wp-image-5296\" src=\"http:\/\/serveiseducatius.xtec.cat\/altpenedes\/wp-content\/uploads\/usu763\/2016\/12\/incendi-torrelavit.jpg\" alt=\"\" width=\"450\" height=\"265\" srcset=\"https:\/\/serveiseducatius.xtec.cat\/altpenedes\/wp-content\/uploads\/usu763\/2016\/12\/incendi-torrelavit.jpg 552w, https:\/\/serveiseducatius.xtec.cat\/altpenedes\/wp-content\/uploads\/usu763\/2016\/12\/incendi-torrelavit-300x177.jpg 300w\" sizes=\"auto, (max-width: 450px) 100vw, 450px\" \/><\/a><\/p>\n<p><em><span style=\"color: #800080;\">Incendi forestal a Torrelavit el 29 de maig de 2016<\/span><\/em><\/td>\n<\/tr>\n<\/tbody>\n<\/table>\n<p><strong>Les Agrupacions de Defensa Forestal -ADF-<\/strong><br \/>\nLes Agrupacions de Defensa Forestal s\u00f3n grups de persones volunt\u00e0ries organitzades en la lluita contra els incendis forestals i en la seva prevenci\u00f3.<br \/>\nParticipen activament en l\u2019extinci\u00f3 d\u2019incendis forestals, en col\u00b7laboraci\u00f3 amb els Bombers i en els programes de prevenci\u00f3 i vigil\u00e0ncia d\u2019incendis forestals.<br \/>\nA les comarques penedesenques existeix la Federaci\u00f3 d\u2019ADF del Pened\u00e8s i Garraf que agrupa a 27 agrupacions de defensa forestal.<br \/>\nAl Pened\u00e8s i Garraf hi predominen aquelles agrupacions formades b\u00e0sicament per voluntaris de defensa de la natura, on el paper dels propietaris \u00e9s de gesti\u00f3. En alguns casos, els voluntaris tamb\u00e9 assumeixen aquesta tasca.<\/p>\n<table style=\"width: 100%;\">\n<tbody>\n<tr style=\"height: 369px;\">\n<td style=\"height: 369px;\"><a href=\"http:\/\/serveiseducatius.xtec.cat\/altpenedes\/wp-content\/uploads\/usu763\/2016\/12\/adf.jpg\"><img loading=\"lazy\" decoding=\"async\" class=\"alignnone size-full wp-image-5297\" src=\"http:\/\/serveiseducatius.xtec.cat\/altpenedes\/wp-content\/uploads\/usu763\/2016\/12\/adf.jpg\" alt=\"adf\" width=\"512\" height=\"386\" srcset=\"https:\/\/serveiseducatius.xtec.cat\/altpenedes\/wp-content\/uploads\/usu763\/2016\/12\/adf.jpg 512w, https:\/\/serveiseducatius.xtec.cat\/altpenedes\/wp-content\/uploads\/usu763\/2016\/12\/adf-300x226.jpg 300w, https:\/\/serveiseducatius.xtec.cat\/altpenedes\/wp-content\/uploads\/usu763\/2016\/12\/adf-200x150.jpg 200w\" sizes=\"auto, (max-width: 512px) 100vw, 512px\" \/><\/a><em><span style=\"color: #cc99ff;\">(Foto: Eix Diari)<\/span><\/em><\/td>\n<td style=\"height: 369px;\"><a href=\"http:\/\/serveiseducatius.xtec.cat\/altpenedes\/wp-content\/uploads\/usu763\/2016\/12\/adf2.jpg\"><img loading=\"lazy\" decoding=\"async\" class=\"alignnone wp-image-5298\" src=\"http:\/\/serveiseducatius.xtec.cat\/altpenedes\/wp-content\/uploads\/usu763\/2016\/12\/adf2.jpg\" alt=\"\" width=\"600\" height=\"398\" srcset=\"https:\/\/serveiseducatius.xtec.cat\/altpenedes\/wp-content\/uploads\/usu763\/2016\/12\/adf2.jpg 575w, https:\/\/serveiseducatius.xtec.cat\/altpenedes\/wp-content\/uploads\/usu763\/2016\/12\/adf2-300x199.jpg 300w\" sizes=\"auto, (max-width: 600px) 100vw, 600px\" \/><\/a><\/p>\n<p><em><span style=\"color: #cc99ff;\">(Foto: Web Pened\u00e8s amb nens)<\/span><\/em><\/td>\n<\/tr>\n<\/tbody>\n<\/table>\n<p><strong>Els agents rurals<\/strong><br \/>\nA cada comarca hi ha una Oficina Comarcal dels agents rurals. Estan situades a Vilafranca, el Vendrell i Vilanova.<br \/>\nTotes les funcions dels agents rurals tenen a veure amb la protecci\u00f3 de l&#8217;entorn, l\u2019educaci\u00f3 mediambiental i la protecci\u00f3 civil. \u00c9s a dir, amb les persones, els animals, les plantes i el patrimoni natural: la investigaci\u00f3 de les causes d&#8217;un incendi, la detecci\u00f3 d&#8217;una nova plaga forestal, la den\u00fancia d&#8217;un abocament en un riu, l\u2019explicaci\u00f3 en escoles dels rapinyaires del Pened\u00e8s&#8230; s\u00f3n exemples de tasques que porten a terme.<\/p>\n<p><a href=\"http:\/\/serveiseducatius.xtec.cat\/altpenedes\/wp-content\/uploads\/usu763\/2016\/12\/oliba.jpg\"><img loading=\"lazy\" decoding=\"async\" class=\"size-full wp-image-5367 aligncenter\" src=\"http:\/\/serveiseducatius.xtec.cat\/altpenedes\/wp-content\/uploads\/usu763\/2016\/12\/oliba.jpg\" alt=\"\" width=\"414\" height=\"310\" srcset=\"https:\/\/serveiseducatius.xtec.cat\/altpenedes\/wp-content\/uploads\/usu763\/2016\/12\/oliba.jpg 414w, https:\/\/serveiseducatius.xtec.cat\/altpenedes\/wp-content\/uploads\/usu763\/2016\/12\/oliba-300x225.jpg 300w, https:\/\/serveiseducatius.xtec.cat\/altpenedes\/wp-content\/uploads\/usu763\/2016\/12\/oliba-200x150.jpg 200w\" sizes=\"auto, (max-width: 414px) 100vw, 414px\" \/><\/a>\u00a0 \u00a0 \u00a0 \u00a0 \u00a0 \u00a0 \u00a0 \u00a0 \u00a0 \u00a0 \u00a0 \u00a0 \u00a0 \u00a0 \u00a0 \u00a0 \u00a0 \u00a0 \u00a0 \u00a0 \u00a0 \u00a0 \u00a0 \u00a0 \u00a0 \u00a0 \u00a0 \u00a0 \u00a0 \u00a0 \u00a0 \u00a0 \u00a0 \u00a0 \u00a0 \u00a0 \u00a0 \u00a0 \u00a0 \u00a0 \u00a0 \u00a0 \u00a0\u00a0<em><span style=\"color: #cc99ff;\"> (Foto: Escola Mas i Perera)<\/span><\/em><\/td>\n<\/tr>\n<tr>\n<td style=\"width: 100%;\">\n<h5><strong>Els cossos de seguretat<\/strong><\/h5>\n<\/td>\n<\/tr>\n<tr>\n<td style=\"width: 100%;\">&nbsp;<\/p>\n<p><strong>Pol\u00edcia local<\/strong><br \/>\nLa Policia Local de cada municipi desenvolupa els serveis i funcions destinats a promoure i garantir els drets i el compliment dels deures dels ciutadans. Algunes de les seves tasques s\u00f3n:<br \/>\n+regular i ordenar el tr\u00e0nsit de vehicles dins cada municipi.<br \/>\n+vetllar pel compliment de les ordenances municipals.<br \/>\n+regular les activitats a places i carrers.<\/p>\n<p>L\u2019any 2015 al conjunt dels municipis de l\u2019Alt Pened\u00e8s hi havia 113 agents de la pol\u00edcia local, al Baix Pened\u00e8s 216 i al Garraf 254. L\u00f2gicament el nombre de policies locals de cada municipi ve determinat pel nombre d\u2019habitants: a m\u00e9s habitants, m\u00e9s pol\u00edcia local.<br \/>\nVilafranca, Sant Sadurn\u00ed, Gelida i Santa Margarida i els Monjos disposen de Prefectura de policia local.<br \/>\nLa policia local comparteix les tasques de seguretat ciutadana amb els Mossos d\u2019Esquadra de la Generalitat i les policies estatals.<\/p>\n<table style=\"width: 100%;\">\n<tbody>\n<tr style=\"height: 283px;\">\n<td style=\"width: 34%; height: 283px;\"><img loading=\"lazy\" decoding=\"async\" class=\"alignnone size-full wp-image-5299\" src=\"http:\/\/serveiseducatius.xtec.cat\/altpenedes\/wp-content\/uploads\/usu763\/2016\/12\/policia-local.jpg\" alt=\"\" width=\"960\" height=\"540\" srcset=\"https:\/\/serveiseducatius.xtec.cat\/altpenedes\/wp-content\/uploads\/usu763\/2016\/12\/policia-local.jpg 960w, https:\/\/serveiseducatius.xtec.cat\/altpenedes\/wp-content\/uploads\/usu763\/2016\/12\/policia-local-300x169.jpg 300w, https:\/\/serveiseducatius.xtec.cat\/altpenedes\/wp-content\/uploads\/usu763\/2016\/12\/policia-local-768x432.jpg 768w\" sizes=\"auto, (max-width: 960px) 100vw, 960px\" \/><em><span style=\"color: #cc99ff;\">(Foto: Policia Local de Vilafranca)<\/span><\/em><\/td>\n<td style=\"width: 31.0541%; height: 283px;\"><a href=\"http:\/\/serveiseducatius.xtec.cat\/altpenedes\/wp-content\/uploads\/usu763\/2016\/12\/poli-local.jpg\"><img loading=\"lazy\" decoding=\"async\" class=\"alignnone size-full wp-image-5300\" src=\"http:\/\/serveiseducatius.xtec.cat\/altpenedes\/wp-content\/uploads\/usu763\/2016\/12\/poli-local.jpg\" alt=\"poli local\" width=\"268\" height=\"175\" \/><\/a><em><span style=\"color: #cc99ff;\">(Foto: Diari de Vilanova)<\/span><\/em><\/td>\n<td style=\"width: 31.9459%; height: 283px;\"><a href=\"http:\/\/serveiseducatius.xtec.cat\/altpenedes\/wp-content\/uploads\/usu763\/2016\/12\/mossos.jpg\"><img loading=\"lazy\" decoding=\"async\" class=\"alignnone size-full wp-image-5301\" src=\"http:\/\/serveiseducatius.xtec.cat\/altpenedes\/wp-content\/uploads\/usu763\/2016\/12\/mossos.jpg\" alt=\"mossos\" width=\"546\" height=\"300\" srcset=\"https:\/\/serveiseducatius.xtec.cat\/altpenedes\/wp-content\/uploads\/usu763\/2016\/12\/mossos.jpg 546w, https:\/\/serveiseducatius.xtec.cat\/altpenedes\/wp-content\/uploads\/usu763\/2016\/12\/mossos-300x165.jpg 300w\" sizes=\"auto, (max-width: 546px) 100vw, 546px\" \/><\/a><em><span style=\"color: #cc99ff;\">(Foto: Catalunyaplural.cat)<\/span><\/em><\/td>\n<\/tr>\n<\/tbody>\n<\/table>\n<p><strong>Mossos d\u2019Esquadra<\/strong><br \/>\nLa policia catalana s\u2019estructura a les nostres comarques en tres \u00c0rees B\u00e0siques Pol\u00edcials:<br \/>\n+L\u2019\u00e0rea B\u00e0sica Policial de l\u2019Alt Pened\u00e8s disposa de dues comissaries, una a Vilafranca i l\u2019altra a Sant Sadurn\u00ed.<br \/>\n+L\u2019\u00e0rea B\u00e0sica Policial del Baix Pened\u00e8s disposa d\u2019una comissaria al Vendrell.<br \/>\n+L\u2019\u00e0rea B\u00e0sica Policial del Garraf disposa de dues comissaries, una a Vilanova i l\u2019altra a Sitges.<br \/>\nEls Mossos s\u00f3n la Pol\u00edcia de la Generalitat de Catalunya i la seva feina consisteix en:<br \/>\n+Vetllar per la prevenci\u00f3 i persecuci\u00f3 d&#8217;aquelles conductes i activitats antisocials, molestes i inc\u00edviques.<br \/>\n+Garantir la seguretat de les persones o dels b\u00e9ns, ja sigui en la seva activitat social o en els moviments de masses (actes esportius, culturals i altres), o la circulaci\u00f3 vi\u00e0ria, en col\u00b7laboraci\u00f3 amb altres organismes.<br \/>\n+Assegurar la protecci\u00f3 a persones i institucions que aix\u00ed ho necessitin.<br \/>\n+Col\u00b7laborar i actuar per evitar conseq\u00fc\u00e8ncies de calamitats d&#8217;origen natural.<br \/>\n+Preservar la seguretat de la ciutadania i garantir l&#8217;exercici dels seus drets i llibertats.<\/p>\n<p><strong>Polic\u00edes estatals<\/strong><br \/>\n+<strong>Pol\u00edcia Nacional<\/strong><br \/>\nPol\u00edcia depenent del govern espanyol. A Vilanova hi ha una comissaria on es realitza l\u2019expedici\u00f3 i renovaci\u00f3 de passaports i DNI.<br \/>\n+<strong>Guardia civil<\/strong><br \/>\nA Vilanova hi ha una caserna on desenvolupen les seves tasques de vigil\u00e0ncia costanera i de control de duanes.<\/td>\n<\/tr>\n<\/tbody>\n<\/table>\n<p>&nbsp;<\/p>\n<p>&nbsp;<\/p>\n<p>&nbsp;<\/p>\n<p>&nbsp;<\/p>\n<p><span style=\"border-radius: 2px; text-indent: 20px; width: auto; padding: 0px 4px 0px 0px; text-align: center; font: bold 11px\/20px 'Helvetica Neue',Helvetica,sans-serif; color: #ffffff; background: #bd081c no-repeat scroll 3px 50% \/ 14px 14px; position: absolute; opacity: 1; z-index: 8675309; display: none; cursor: pointer; top: 743px; left: 114px;\">Save<\/span><\/p>\n<p><span style=\"border-radius: 2px; text-indent: 20px; width: auto; padding: 0px 4px 0px 0px; text-align: center; font: bold 11px\/20px 'Helvetica Neue',Helvetica,sans-serif; color: #ffffff; background: #bd081c no-repeat scroll 3px 50% \/ 14px 14px; position: absolute; opacity: 1; z-index: 8675309; display: none; cursor: pointer;\">Save<\/span><\/p>\n<p><span style=\"border-radius: 2px; text-indent: 20px; width: auto; padding: 0px 4px 0px 0px; text-align: center; font: bold 11px\/20px 'Helvetica Neue',Helvetica,sans-serif; color: #ffffff; background: #bd081c no-repeat scroll 3px 50% \/ 14px 14px; position: absolute; opacity: 1; z-index: 8675309; display: none; cursor: pointer;\">Save<\/span><\/p>\n<p>&nbsp;<\/p>\n","protected":false},"excerpt":{"rendered":"<p>Serveis<\/p>\n","protected":false},"author":6,"featured_media":4129,"comment_status":"open","ping_status":"closed","sticky":false,"template":"","format":"standard","meta":{"site-sidebar-layout":"default","site-content-layout":"","ast-site-content-layout":"","site-content-style":"default","site-sidebar-style":"default","ast-global-header-display":"","ast-banner-title-visibility":"","ast-main-header-display":"","ast-hfb-above-header-display":"","ast-hfb-below-header-display":"","ast-hfb-mobile-header-display":"","site-post-title":"","ast-breadcrumbs-content":"","ast-featured-img":"","footer-sml-layout":"","theme-transparent-header-meta":"","adv-header-id-meta":"","stick-header-meta":"","header-above-stick-meta":"","header-main-stick-meta":"","header-below-stick-meta":"","astra-migrate-meta-layouts":"default","ast-page-background-enabled":"default","ast-page-background-meta":{"desktop":{"background-color":"var(--ast-global-color-4)","background-image":"","background-repeat":"repeat","background-position":"center center","background-size":"auto","background-attachment":"scroll","background-type":"","background-media":"","overlay-type":"","overlay-color":"","overlay-opacity":"","overlay-gradient":""},"tablet":{"background-color":"","background-image":"","background-repeat":"repeat","background-position":"center center","background-size":"auto","background-attachment":"scroll","background-type":"","background-media":"","overlay-type":"","overlay-color":"","overlay-opacity":"","overlay-gradient":""},"mobile":{"background-color":"","background-image":"","background-repeat":"repeat","background-position":"center center","background-size":"auto","background-attachment":"scroll","background-type":"","background-media":"","overlay-type":"","overlay-color":"","overlay-opacity":"","overlay-gradient":""}},"ast-content-background-meta":{"desktop":{"background-color":"var(--ast-global-color-5)","background-image":"","background-repeat":"repeat","background-position":"center center","background-size":"auto","background-attachment":"scroll","background-type":"","background-media":"","overlay-type":"","overlay-color":"","overlay-opacity":"","overlay-gradient":""},"tablet":{"background-color":"var(--ast-global-color-5)","background-image":"","background-repeat":"repeat","background-position":"center center","background-size":"auto","background-attachment":"scroll","background-type":"","background-media":"","overlay-type":"","overlay-color":"","overlay-opacity":"","overlay-gradient":""},"mobile":{"background-color":"var(--ast-global-color-5)","background-image":"","background-repeat":"repeat","background-position":"center center","background-size":"auto","background-attachment":"scroll","background-type":"","background-media":"","overlay-type":"","overlay-color":"","overlay-opacity":"","overlay-gradient":""}},"footnotes":""},"categories":[363],"tags":[500,494,499,543,497,498,496],"class_list":["post-2793","post","type-post","status-publish","format-standard","has-post-thumbnail","hentry","category-altpenedes-coneguemlacomarca","tag-adf","tag-alt-penedes","tag-bombers","tag-elpenedes","tag-ensenyament","tag-sanitat","tag-serveis-publics"],"post_mailing_queue_ids":[],"_links":{"self":[{"href":"https:\/\/serveiseducatius.xtec.cat\/altpenedes\/wp-json\/wp\/v2\/posts\/2793","targetHints":{"allow":["GET"]}}],"collection":[{"href":"https:\/\/serveiseducatius.xtec.cat\/altpenedes\/wp-json\/wp\/v2\/posts"}],"about":[{"href":"https:\/\/serveiseducatius.xtec.cat\/altpenedes\/wp-json\/wp\/v2\/types\/post"}],"author":[{"embeddable":true,"href":"https:\/\/serveiseducatius.xtec.cat\/altpenedes\/wp-json\/wp\/v2\/users\/6"}],"replies":[{"embeddable":true,"href":"https:\/\/serveiseducatius.xtec.cat\/altpenedes\/wp-json\/wp\/v2\/comments?post=2793"}],"version-history":[{"count":5,"href":"https:\/\/serveiseducatius.xtec.cat\/altpenedes\/wp-json\/wp\/v2\/posts\/2793\/revisions"}],"predecessor-version":[{"id":6809,"href":"https:\/\/serveiseducatius.xtec.cat\/altpenedes\/wp-json\/wp\/v2\/posts\/2793\/revisions\/6809"}],"wp:featuredmedia":[{"embeddable":true,"href":"https:\/\/serveiseducatius.xtec.cat\/altpenedes\/wp-json\/wp\/v2\/media\/4129"}],"wp:attachment":[{"href":"https:\/\/serveiseducatius.xtec.cat\/altpenedes\/wp-json\/wp\/v2\/media?parent=2793"}],"wp:term":[{"taxonomy":"category","embeddable":true,"href":"https:\/\/serveiseducatius.xtec.cat\/altpenedes\/wp-json\/wp\/v2\/categories?post=2793"},{"taxonomy":"post_tag","embeddable":true,"href":"https:\/\/serveiseducatius.xtec.cat\/altpenedes\/wp-json\/wp\/v2\/tags?post=2793"}],"curies":[{"name":"wp","href":"https:\/\/api.w.org\/{rel}","templated":true}]}}