{"id":2766,"date":"2016-12-15T10:20:09","date_gmt":"2016-12-15T09:20:09","guid":{"rendered":"http:\/\/serveiseducatius.xtec.cat\/altpenedes\/?p=2766"},"modified":"2018-01-17T16:52:24","modified_gmt":"2018-01-17T15:52:24","slug":"comunicacions","status":"publish","type":"post","link":"https:\/\/serveiseducatius.xtec.cat\/altpenedes\/altpenedes-coneguemlacomarca\/comunicacions\/","title":{"rendered":"COMUNICACIONS"},"content":{"rendered":"<table style=\"width: 100%;\">\n<tbody>\n<tr style=\"height: 76px;\">\n<td style=\"height: 76px;\">Les comarques penedesenques disposen d\u2019una \u00e0mplia xarxa de vies de comunicaci\u00f3 tant internament entre elles com amb la resta de Catalunya.<br \/>\nSe sap que a l\u2019\u00e8poca romana la gran Via Augusta, el cam\u00ed empedrat que anava de Roma a l\u2019actual C\u00e0diz, passava pel mig de la depressi\u00f3 del Pened\u00e8s. L\u00f2gicament les vies de comunicaci\u00f3 passen pels llocs on el relleu els \u00e9s m\u00e9s favorable: aprofiten les planes i segueixen el curs dels rius sempre que aix\u00f2 \u00e9s possible.<br \/>\nActualment les vies de comunicaci\u00f3 existents s\u00f3n:<\/td>\n<\/tr>\n<tr style=\"height: 49px;\">\n<td style=\"height: 49px;\">\n<h5><strong>Camins<\/strong><\/h5>\n<\/td>\n<\/tr>\n<tr style=\"height: 372px;\">\n<td style=\"height: 372px;\">Cada municipi t\u00e9 una xarxa de camins, alguns asfaltats, d\u2019altres de terra, que uneixen els seus diferents nuclis i faciliten el pas cap als diferents indrets. Molts d\u2019aquests camins provenen de l\u2019edat mitjana quan eren les \u00faniques vies de comunicaci\u00f3 entre els pobles.<\/p>\n<table style=\"width: 100%;\">\n<tbody>\n<tr>\n<td><a href=\"http:\/\/serveiseducatius.xtec.cat\/altpenedes\/wp-content\/uploads\/usu763\/2016\/12\/cam\u00ed.jpg\"><img loading=\"lazy\" decoding=\"async\" class=\"wp-image-5122 size-medium aligncenter\" src=\"http:\/\/serveiseducatius.xtec.cat\/altpenedes\/wp-content\/uploads\/usu763\/2016\/12\/cam\u00ed-300x225.jpg\" alt=\"cam\u00ed\" width=\"300\" height=\"225\" srcset=\"https:\/\/serveiseducatius.xtec.cat\/altpenedes\/wp-content\/uploads\/usu763\/2016\/12\/cam\u00ed-300x225.jpg 300w, https:\/\/serveiseducatius.xtec.cat\/altpenedes\/wp-content\/uploads\/usu763\/2016\/12\/cam\u00ed-768x576.jpg 768w, https:\/\/serveiseducatius.xtec.cat\/altpenedes\/wp-content\/uploads\/usu763\/2016\/12\/cam\u00ed-200x150.jpg 200w, https:\/\/serveiseducatius.xtec.cat\/altpenedes\/wp-content\/uploads\/usu763\/2016\/12\/cam\u00ed.jpg 960w\" sizes=\"auto, (max-width: 300px) 100vw, 300px\" \/><\/a><\/td>\n<td><img loading=\"lazy\" decoding=\"async\" class=\"alignnone wp-image-6257 size-medium\" src=\"http:\/\/serveiseducatius.xtec.cat\/altpenedes\/wp-content\/uploads\/usu763\/2016\/12\/IMG_3631-300x225.jpg\" alt=\"\" width=\"300\" height=\"225\" srcset=\"https:\/\/serveiseducatius.xtec.cat\/altpenedes\/wp-content\/uploads\/usu763\/2016\/12\/IMG_3631-300x225.jpg 300w, https:\/\/serveiseducatius.xtec.cat\/altpenedes\/wp-content\/uploads\/usu763\/2016\/12\/IMG_3631-150x113.jpg 150w, https:\/\/serveiseducatius.xtec.cat\/altpenedes\/wp-content\/uploads\/usu763\/2016\/12\/IMG_3631-768x576.jpg 768w, https:\/\/serveiseducatius.xtec.cat\/altpenedes\/wp-content\/uploads\/usu763\/2016\/12\/IMG_3631-200x150.jpg 200w, https:\/\/serveiseducatius.xtec.cat\/altpenedes\/wp-content\/uploads\/usu763\/2016\/12\/IMG_3631.jpg 960w\" sizes=\"auto, (max-width: 300px) 100vw, 300px\" \/><\/td>\n<td><img loading=\"lazy\" decoding=\"async\" class=\"alignnone wp-image-6258 size-medium\" src=\"http:\/\/serveiseducatius.xtec.cat\/altpenedes\/wp-content\/uploads\/usu763\/2016\/12\/IMG_3632-300x225.jpg\" alt=\"\" width=\"300\" height=\"225\" srcset=\"https:\/\/serveiseducatius.xtec.cat\/altpenedes\/wp-content\/uploads\/usu763\/2016\/12\/IMG_3632-300x225.jpg 300w, https:\/\/serveiseducatius.xtec.cat\/altpenedes\/wp-content\/uploads\/usu763\/2016\/12\/IMG_3632-150x113.jpg 150w, https:\/\/serveiseducatius.xtec.cat\/altpenedes\/wp-content\/uploads\/usu763\/2016\/12\/IMG_3632-768x576.jpg 768w, https:\/\/serveiseducatius.xtec.cat\/altpenedes\/wp-content\/uploads\/usu763\/2016\/12\/IMG_3632-200x150.jpg 200w, https:\/\/serveiseducatius.xtec.cat\/altpenedes\/wp-content\/uploads\/usu763\/2016\/12\/IMG_3632.jpg 960w\" sizes=\"auto, (max-width: 300px) 100vw, 300px\" \/><\/td>\n<\/tr>\n<tr>\n<td><span style=\"color: #800080;\"><em>Cam\u00ed de la Bleda, als afores de Vilafranca<\/em><\/span><\/td>\n<td><span style=\"color: #800080;\"><em>Cam\u00ed de Pacs, als afores de Vilafranca<\/em><\/span><\/td>\n<td><span style=\"color: #800080;\"><em>Carril per a vianants i bicicletes, a la carretera de Vilafranca a Les Cabanyes.<\/em><\/span><\/td>\n<\/tr>\n<\/tbody>\n<\/table>\n<\/td>\n<\/tr>\n<tr style=\"height: 49px;\">\n<td style=\"height: 49px;\">\n<h5>Carreteres<\/h5>\n<\/td>\n<\/tr>\n<tr style=\"height: 205px;\">\n<td style=\"height: 205px;\">D\u2019un carril sense separaci\u00f3 en cada direcci\u00f3 i amb el s\u00f2l asfaltat.<\/p>\n<p>Hi ha les anomenades \u201cnacionals\u201d, com la N-340 que travessa el Baix i Alt Pened\u00e8s en direcci\u00f3 Nord\/Est cap al Sud\/oest, tot enlla\u00e7ant Barcelona i Tarragona, travessant el port de l\u2019Ordal i la depressi\u00f3 penedesenca.<br \/>\nLa Carretera C-15, anomenada tamb\u00e9 Eix Garraf-Anoia. Juntament amb el tram Manresa-Igualada de la C-37 forma l&#8217;anomenat Eix Diagonal, l&#8217;itinerari principal de comunicaci\u00f3 de les comarques de l&#8217;interior de Catalunya (Bages, l&#8217;Anoia i l&#8217;Alt Pened\u00e8s) amb la zona central de la costa mediterr\u00e0nia a Vilanova. El tram Vilafranca-Vilanova ja \u00e9s autovia.<br \/>\nLes carreteres anomenades \u201clocals\u201d que uneixen els diferents pobles de les comarques. Observant el mapa de carreteres de l\u2019Alt Pened\u00e8s es pot observar la seva estructura radial amb Vilafranca com a centre.<\/p>\n<p><iframe loading=\"lazy\" src=\"https:\/\/www.google.com\/maps\/embed?pb=!1m18!1m12!1m3!1d191633.8739648839!2d1.54573916384737!3d41.36801661563372!2m3!1f0!2f0!3f0!3m2!1i1024!2i768!4f13.1!3m3!1m2!1s0x12a47a12a7852025%3A0x81d0846e41124d25!2sL'Alt+Pened%C3%A8s%2C+Barcelona!5e0!3m2!1sca!2ses!4v1481887300008\" width=\"600\" height=\"450\" frameborder=\"0\" allowfullscreen=\"allowfullscreen\"><\/iframe><\/td>\n<\/tr>\n<tr style=\"height: 49px;\">\n<td style=\"height: 49px;\">\n<h5><strong>Autovies<\/strong><\/h5>\n<\/td>\n<\/tr>\n<tr style=\"height: 445px;\">\n<td style=\"height: 445px;\">Com les autopistes, tenen dos carrils per direcci\u00f3 i amb els carrils separats per tanques. Es consideren vies molt m\u00e9s segures i m\u00e9s r\u00e0pides ja que es pot mantenir la velocitat molt m\u00e9s constant.<br \/>\nLa C-15 que uneix Vilanova amb Igualada t\u00e9 el tram Vilanova-Vilafranca amb autovia de dos carrils. El tram Vilafranca-Igualada l\u2019any 2017 \u00e9s encara carretera d\u2019un carril.<br \/>\nAl Garraf hi ha autovia entre Vilanova i Sitges.<\/p>\n<table style=\"width: 100%;\">\n<tbody>\n<tr style=\"height: 257px;\">\n<td style=\"height: 257px;\">\u00a0<a href=\"http:\/\/serveiseducatius.xtec.cat\/altpenedes\/wp-content\/uploads\/usu763\/2016\/12\/carretera3.jpg\"><img loading=\"lazy\" decoding=\"async\" class=\"alignnone wp-image-5253 size-medium\" src=\"http:\/\/serveiseducatius.xtec.cat\/altpenedes\/wp-content\/uploads\/usu763\/2016\/12\/carretera3-225x300.jpg\" alt=\"carretera3\" width=\"225\" height=\"300\" srcset=\"https:\/\/serveiseducatius.xtec.cat\/altpenedes\/wp-content\/uploads\/usu763\/2016\/12\/carretera3-225x300.jpg 225w, https:\/\/serveiseducatius.xtec.cat\/altpenedes\/wp-content\/uploads\/usu763\/2016\/12\/carretera3.jpg 480w\" sizes=\"auto, (max-width: 225px) 100vw, 225px\" \/><\/a><\/td>\n<td style=\"height: 257px;\">\u00a0<a href=\"http:\/\/serveiseducatius.xtec.cat\/altpenedes\/wp-content\/uploads\/usu763\/2016\/12\/carretera.jpg\"><img loading=\"lazy\" decoding=\"async\" class=\"alignnone wp-image-5219 size-medium\" src=\"http:\/\/serveiseducatius.xtec.cat\/altpenedes\/wp-content\/uploads\/usu763\/2016\/12\/carretera-300x225.jpg\" alt=\"carretera\" width=\"300\" height=\"225\" srcset=\"https:\/\/serveiseducatius.xtec.cat\/altpenedes\/wp-content\/uploads\/usu763\/2016\/12\/carretera-300x225.jpg 300w, https:\/\/serveiseducatius.xtec.cat\/altpenedes\/wp-content\/uploads\/usu763\/2016\/12\/carretera-768x576.jpg 768w, https:\/\/serveiseducatius.xtec.cat\/altpenedes\/wp-content\/uploads\/usu763\/2016\/12\/carretera-200x150.jpg 200w, https:\/\/serveiseducatius.xtec.cat\/altpenedes\/wp-content\/uploads\/usu763\/2016\/12\/carretera.jpg 960w\" sizes=\"auto, (max-width: 300px) 100vw, 300px\" \/><\/a><\/td>\n<td style=\"height: 257px;\"><a href=\"http:\/\/serveiseducatius.xtec.cat\/altpenedes\/wp-content\/uploads\/usu763\/2016\/12\/foto-n340.jpg\"><img loading=\"lazy\" decoding=\"async\" class=\"alignnone size-full wp-image-4403\" src=\"http:\/\/serveiseducatius.xtec.cat\/altpenedes\/wp-content\/uploads\/usu763\/2016\/12\/foto-n340.jpg\" alt=\"foto n340\" width=\"320\" height=\"240\" srcset=\"https:\/\/serveiseducatius.xtec.cat\/altpenedes\/wp-content\/uploads\/usu763\/2016\/12\/foto-n340.jpg 320w, https:\/\/serveiseducatius.xtec.cat\/altpenedes\/wp-content\/uploads\/usu763\/2016\/12\/foto-n340-300x225.jpg 300w, https:\/\/serveiseducatius.xtec.cat\/altpenedes\/wp-content\/uploads\/usu763\/2016\/12\/foto-n340-200x150.jpg 200w\" sizes=\"auto, (max-width: 320px) 100vw, 320px\" \/><\/a><\/td>\n<\/tr>\n<tr style=\"height: 27px;\">\n<td style=\"height: 27px;\">\u00a0<em><span style=\"color: #800080;\">Carretera local<\/span><\/em><\/td>\n<td style=\"height: 27px;\"><em><span style=\"color: #800080;\">Carretera local<\/span><\/em><\/td>\n<td style=\"height: 27px;\"><em><span style=\"color: #800080;\">Carretera N-340 travessant la depressi\u00f3<\/span><\/em><\/td>\n<\/tr>\n<\/tbody>\n<\/table>\n<\/td>\n<\/tr>\n<tr style=\"height: 49px;\">\n<td style=\"height: 49px;\">\n<h5>\u00a0Autopistes<\/h5>\n<\/td>\n<\/tr>\n<tr style=\"height: 492px;\">\n<td style=\"height: 492px;\">\u00a0D\u2019un m\u00ednim de dos carrils per direcci\u00f3 i amb els carrils separats per tanques.<\/p>\n<p>Es consideren vies molt m\u00e9s segures i m\u00e9s r\u00e0pides que les carreteres ja que es pot mantenir la velocitat molt m\u00e9s constant i els carrils estan separats.<br \/>\nLa depressi\u00f3 del Pened\u00e8s es travessada per l\u2019Autopista que uneix Barcelona i Tarragona, la AP-7. Al Baix Pened\u00e8s, prop de Banyeres l\u2019autopista es bifurca en dos ramals, un en direcci\u00f3 Tarragona i l\u2019altre cap a Lleida.<br \/>\nEl Baix Pened\u00e8s i el Garraf s\u00f3n travessats per l\u2019Autopista C-32, anomenada Pau Casals que uneix Barcelona i Tarragona per la costa, tot travessant el mass\u00eds del Garraf amb nombrosos t\u00fanels. Continua cap el sud enlla\u00e7ant amb l\u2019Autopista del Mediterrani. Les autopistes s\u00f3n de peatge, \u00e9s a dir, cal pagar per poder-hi circular.<\/p>\n<table style=\"width: 100%;\">\n<tbody>\n<tr>\n<td>\u00a0<a href=\"http:\/\/serveiseducatius.xtec.cat\/altpenedes\/wp-content\/uploads\/usu763\/2016\/12\/autovia-c15.jpg\"><img loading=\"lazy\" decoding=\"async\" class=\"alignnone wp-image-4804 size-medium\" src=\"http:\/\/serveiseducatius.xtec.cat\/altpenedes\/wp-content\/uploads\/usu763\/2016\/12\/autovia-c15-300x225.jpg\" alt=\"autovia c15\" width=\"300\" height=\"225\" srcset=\"https:\/\/serveiseducatius.xtec.cat\/altpenedes\/wp-content\/uploads\/usu763\/2016\/12\/autovia-c15-300x225.jpg 300w, https:\/\/serveiseducatius.xtec.cat\/altpenedes\/wp-content\/uploads\/usu763\/2016\/12\/autovia-c15-768x576.jpg 768w, https:\/\/serveiseducatius.xtec.cat\/altpenedes\/wp-content\/uploads\/usu763\/2016\/12\/autovia-c15-200x150.jpg 200w, https:\/\/serveiseducatius.xtec.cat\/altpenedes\/wp-content\/uploads\/usu763\/2016\/12\/autovia-c15.jpg 960w\" sizes=\"auto, (max-width: 300px) 100vw, 300px\" \/><\/a><\/td>\n<td>\u00a0<a href=\"http:\/\/serveiseducatius.xtec.cat\/altpenedes\/wp-content\/uploads\/usu763\/2016\/12\/peatge.jpg\"><img loading=\"lazy\" decoding=\"async\" class=\"alignnone wp-image-5255 size-medium\" src=\"http:\/\/serveiseducatius.xtec.cat\/altpenedes\/wp-content\/uploads\/usu763\/2016\/12\/peatge-300x225.jpg\" alt=\"peatge\" width=\"300\" height=\"225\" srcset=\"https:\/\/serveiseducatius.xtec.cat\/altpenedes\/wp-content\/uploads\/usu763\/2016\/12\/peatge-300x225.jpg 300w, https:\/\/serveiseducatius.xtec.cat\/altpenedes\/wp-content\/uploads\/usu763\/2016\/12\/peatge-768x576.jpg 768w, https:\/\/serveiseducatius.xtec.cat\/altpenedes\/wp-content\/uploads\/usu763\/2016\/12\/peatge-200x150.jpg 200w, https:\/\/serveiseducatius.xtec.cat\/altpenedes\/wp-content\/uploads\/usu763\/2016\/12\/peatge.jpg 960w\" sizes=\"auto, (max-width: 300px) 100vw, 300px\" \/><\/a><\/td>\n<td><a href=\"http:\/\/serveiseducatius.xtec.cat\/altpenedes\/wp-content\/uploads\/usu763\/2016\/12\/foto-autopist.jpg\"><img loading=\"lazy\" decoding=\"async\" class=\"alignnone size-full wp-image-4401\" src=\"http:\/\/serveiseducatius.xtec.cat\/altpenedes\/wp-content\/uploads\/usu763\/2016\/12\/foto-autopist.jpg\" alt=\"foto autopist\" width=\"320\" height=\"240\" srcset=\"https:\/\/serveiseducatius.xtec.cat\/altpenedes\/wp-content\/uploads\/usu763\/2016\/12\/foto-autopist.jpg 320w, https:\/\/serveiseducatius.xtec.cat\/altpenedes\/wp-content\/uploads\/usu763\/2016\/12\/foto-autopist-300x225.jpg 300w, https:\/\/serveiseducatius.xtec.cat\/altpenedes\/wp-content\/uploads\/usu763\/2016\/12\/foto-autopist-200x150.jpg 200w\" sizes=\"auto, (max-width: 320px) 100vw, 320px\" \/><\/a><\/td>\n<\/tr>\n<tr>\n<td><em><span style=\"color: #800080;\">Autovia C-15 a Canyelles<\/span><\/em><\/td>\n<td><em><span style=\"color: #800080;\">Peatge d&#8217;Autopista<\/span><\/em><\/td>\n<td><em><span style=\"color: #800080;\">Autopista AP-7 travessant la depressi\u00f3 del Pened\u00e8s<\/span><\/em><\/td>\n<\/tr>\n<\/tbody>\n<\/table>\n<\/td>\n<\/tr>\n<tr style=\"height: 49px;\">\n<td style=\"height: 49px;\">\n<h5>\u00a0<strong>Vies ferrovi\u00e0ries<\/strong><\/h5>\n<\/td>\n<\/tr>\n<tr style=\"height: 813px;\">\n<td style=\"height: 813px;\">\u00a0Les comarques penedesenques s\u00f3n travessades per quatre xarxes ferrovi\u00e0ries diferents:<br \/>\n++ 3 xarxes ferrovi\u00e0ries de Rodalies, amb la via d\u2019amplada d\u20191,668 metres, anomenada amplada ib\u00e8rica que nom\u00e9s es fa servir a la pen\u00ednsula Ib\u00e8rica:<br \/>\n+La R2Sud que travessa el Baix Pened\u00e8s i el Garraf, enlla\u00e7ant Sant Vicen\u00e7 de Calders amb Barcelona per la costa, passant pel Vendrell, Cunit, Cubelles, Vilanova, Sitges\u2026i seguint fins a Barcelona.<br \/>\n+La R4 que travessa el Baix i l\u2019Alt Pened\u00e8s, enlla\u00e7ant Sant Vicen\u00e7 de Calders amb Barcelona per l\u2019interior, passant per El Vendrell, l\u2019Arbo\u00e7, els Monjos, Vilafranca, La Granada, Lavern, Sant Sadurn\u00ed, Gelida\u2026i seguint fins a Barcelona.<br \/>\n+La RT2, que comunica el Baix Pened\u00e8s amb les comarques del Tarragon\u00e8s i el Baix Camp. Va de l\u2019Arbo\u00e7, el Vendrell i Sant Vicen\u00e7 Calders\u2026fins a l\u2019Hospitalet de l\u2019Infant.<\/p>\n<table style=\"width: 100%;\">\n<tbody>\n<tr>\n<td><a href=\"http:\/\/serveiseducatius.xtec.cat\/altpenedes\/wp-content\/uploads\/usu763\/2016\/12\/recorregut-renfe-bcn-st-vicen\u00e7.jpg\"><img loading=\"lazy\" decoding=\"async\" class=\"alignnone size-full wp-image-4790\" src=\"http:\/\/serveiseducatius.xtec.cat\/altpenedes\/wp-content\/uploads\/usu763\/2016\/12\/recorregut-renfe-bcn-st-vicen\u00e7.jpg\" alt=\"recorregut renfe bcn- st vicen\u00e7\" width=\"413\" height=\"151\" srcset=\"https:\/\/serveiseducatius.xtec.cat\/altpenedes\/wp-content\/uploads\/usu763\/2016\/12\/recorregut-renfe-bcn-st-vicen\u00e7.jpg 413w, https:\/\/serveiseducatius.xtec.cat\/altpenedes\/wp-content\/uploads\/usu763\/2016\/12\/recorregut-renfe-bcn-st-vicen\u00e7-300x110.jpg 300w\" sizes=\"auto, (max-width: 413px) 100vw, 413px\" \/><\/a><\/td>\n<td><a href=\"http:\/\/serveiseducatius.xtec.cat\/altpenedes\/wp-content\/uploads\/usu763\/2016\/12\/recorregut-renfe-bcn-st-vicen\u00e7-garraf.jpg\"><img loading=\"lazy\" decoding=\"async\" class=\"alignnone size-full wp-image-4791\" src=\"http:\/\/serveiseducatius.xtec.cat\/altpenedes\/wp-content\/uploads\/usu763\/2016\/12\/recorregut-renfe-bcn-st-vicen\u00e7-garraf.jpg\" alt=\"recorregut renfe bcn- st vicen\u00e7 garraf\" width=\"459\" height=\"230\" srcset=\"https:\/\/serveiseducatius.xtec.cat\/altpenedes\/wp-content\/uploads\/usu763\/2016\/12\/recorregut-renfe-bcn-st-vicen\u00e7-garraf.jpg 459w, https:\/\/serveiseducatius.xtec.cat\/altpenedes\/wp-content\/uploads\/usu763\/2016\/12\/recorregut-renfe-bcn-st-vicen\u00e7-garraf-300x150.jpg 300w\" sizes=\"auto, (max-width: 459px) 100vw, 459px\" \/><\/a><\/td>\n<\/tr>\n<tr>\n<td><span style=\"color: #800080;\"><em>Recorregut de la l\u00ednia R4 pel Baix i l&#8217;Alt Pened\u00e8s fins a Barcelona<\/em><\/span><\/td>\n<td><span style=\"color: #800080;\"><em>Recorregut de la l\u00ednia R2Sud pel Baix Pened\u00e8s i el Garraf fins a Barcelona<\/em><\/span><\/td>\n<\/tr>\n<\/tbody>\n<\/table>\n<table style=\"width: 100%;\">\n<tbody>\n<tr>\n<td><a href=\"http:\/\/serveiseducatius.xtec.cat\/altpenedes\/wp-content\/uploads\/usu763\/2016\/12\/foto-estacio-vilafranca.jpg\"><img loading=\"lazy\" decoding=\"async\" class=\"alignnone size-full wp-image-4406\" src=\"http:\/\/serveiseducatius.xtec.cat\/altpenedes\/wp-content\/uploads\/usu763\/2016\/12\/foto-estacio-vilafranca.jpg\" alt=\"foto estacio vilafranca\" width=\"320\" height=\"240\" srcset=\"https:\/\/serveiseducatius.xtec.cat\/altpenedes\/wp-content\/uploads\/usu763\/2016\/12\/foto-estacio-vilafranca.jpg 320w, https:\/\/serveiseducatius.xtec.cat\/altpenedes\/wp-content\/uploads\/usu763\/2016\/12\/foto-estacio-vilafranca-300x225.jpg 300w, https:\/\/serveiseducatius.xtec.cat\/altpenedes\/wp-content\/uploads\/usu763\/2016\/12\/foto-estacio-vilafranca-200x150.jpg 200w\" sizes=\"auto, (max-width: 320px) 100vw, 320px\" \/><\/a><\/td>\n<td>\u00a0<a href=\"http:\/\/serveiseducatius.xtec.cat\/altpenedes\/wp-content\/uploads\/usu763\/2016\/12\/tren-rodalies.jpg\"><img loading=\"lazy\" decoding=\"async\" class=\"alignnone size-full wp-image-4794\" src=\"http:\/\/serveiseducatius.xtec.cat\/altpenedes\/wp-content\/uploads\/usu763\/2016\/12\/tren-rodalies.jpg\" alt=\"tren rodalies\" width=\"319\" height=\"240\" srcset=\"https:\/\/serveiseducatius.xtec.cat\/altpenedes\/wp-content\/uploads\/usu763\/2016\/12\/tren-rodalies.jpg 319w, https:\/\/serveiseducatius.xtec.cat\/altpenedes\/wp-content\/uploads\/usu763\/2016\/12\/tren-rodalies-300x226.jpg 300w, https:\/\/serveiseducatius.xtec.cat\/altpenedes\/wp-content\/uploads\/usu763\/2016\/12\/tren-rodalies-200x150.jpg 200w\" sizes=\"auto, (max-width: 319px) 100vw, 319px\" \/><\/a><\/td>\n<td>\u00a0<a href=\"http:\/\/serveiseducatius.xtec.cat\/altpenedes\/wp-content\/uploads\/usu763\/2016\/12\/tgv-vilafranca.jpg\"><img loading=\"lazy\" decoding=\"async\" class=\"alignnone wp-image-4793\" src=\"http:\/\/serveiseducatius.xtec.cat\/altpenedes\/wp-content\/uploads\/usu763\/2016\/12\/tgv-vilafranca.jpg\" alt=\"tgv vilafranca\" width=\"400\" height=\"231\" srcset=\"https:\/\/serveiseducatius.xtec.cat\/altpenedes\/wp-content\/uploads\/usu763\/2016\/12\/tgv-vilafranca.jpg 669w, https:\/\/serveiseducatius.xtec.cat\/altpenedes\/wp-content\/uploads\/usu763\/2016\/12\/tgv-vilafranca-300x173.jpg 300w\" sizes=\"auto, (max-width: 400px) 100vw, 400px\" \/><\/a><\/td>\n<\/tr>\n<tr>\n<td><em><span style=\"color: #800080;\">Estaci\u00f3 RENFE de Vilafranca<\/span><\/em><\/td>\n<td><em><span style=\"color: #800080;\">Tren de Rodalies<\/span><\/em><\/td>\n<td><em><span style=\"color: #800080;\">Tren Gran Velocitat al seu pas per Vilafranca<\/span><\/em><\/td>\n<\/tr>\n<\/tbody>\n<\/table>\n<p>++ El TGV \u2013tren de gran velocitat- -AVE en castell\u00e0- que circula per una l\u00ednia f\u00e8rria diferent a les altres, el que li permet assolir molta m\u00e9s velocitat \u2013te\u00f2ricament poden circular fins a 300 km\/h- La via t\u00e9 un amplada internacional -1,435 m- i va for\u00e7a paral\u00b7lela a la l\u00ednia f\u00e8rria hist\u00f2rica al seu pas pel Pened\u00e8s.<br \/>\nAquest tren no t\u00e9 cap parada al Pened\u00e8s. Les parades m\u00e9s properes s\u00f3n a Barcelona o a Tarragona.<\/td>\n<\/tr>\n<tr style=\"height: 49px;\">\n<td style=\"height: 49px;\">\n<h5><strong>Comunicacions mar\u00edtimes<\/strong><\/h5>\n<\/td>\n<\/tr>\n<tr style=\"height: 353px;\">\n<td style=\"height: 353px;\">El port de Vilanova forma part de la xarxa de ports de Catalunya i t\u00e9 activitat de transport de mercaderies a ports d\u2019arreu del m\u00f3n, a m\u00e9s a m\u00e9s d\u2019activitat pesquera i esportiva,<br \/>\nEl port de Vallcarca, dins el municipi de Sitges, \u00e9s un port d\u2019\u00fas exclusivament industrial, lligat a la pedrera i la f\u00e0brica de ciment dels seus voltants.<\/p>\n<table style=\"width: 100%;\">\n<tbody>\n<tr>\n<td>\u00a0<a href=\"http:\/\/serveiseducatius.xtec.cat\/altpenedes\/wp-content\/uploads\/usu763\/2016\/12\/port_vilanova-gen.jpg\"><img loading=\"lazy\" decoding=\"async\" class=\"alignnone size-large wp-image-4409\" src=\"http:\/\/serveiseducatius.xtec.cat\/altpenedes\/wp-content\/uploads\/usu763\/2016\/12\/port_vilanova-gen-1024x428.jpg\" alt=\"port_vilanova gen\" width=\"1024\" height=\"428\" srcset=\"https:\/\/serveiseducatius.xtec.cat\/altpenedes\/wp-content\/uploads\/usu763\/2016\/12\/port_vilanova-gen-1024x428.jpg 1024w, https:\/\/serveiseducatius.xtec.cat\/altpenedes\/wp-content\/uploads\/usu763\/2016\/12\/port_vilanova-gen-300x125.jpg 300w, https:\/\/serveiseducatius.xtec.cat\/altpenedes\/wp-content\/uploads\/usu763\/2016\/12\/port_vilanova-gen-768x321.jpg 768w, https:\/\/serveiseducatius.xtec.cat\/altpenedes\/wp-content\/uploads\/usu763\/2016\/12\/port_vilanova-gen.jpg 1218w\" sizes=\"auto, (max-width: 1024px) 100vw, 1024px\" \/><\/a><\/td>\n<td>\u00a0<a href=\"http:\/\/serveiseducatius.xtec.cat\/altpenedes\/wp-content\/uploads\/usu763\/2016\/12\/port_vallcarca1gen.jpg\"><img loading=\"lazy\" decoding=\"async\" class=\"alignnone size-large wp-image-4410\" src=\"http:\/\/serveiseducatius.xtec.cat\/altpenedes\/wp-content\/uploads\/usu763\/2016\/12\/port_vallcarca1gen-1024x428.jpg\" alt=\"port_vallcarca1gen\" width=\"1024\" height=\"428\" srcset=\"https:\/\/serveiseducatius.xtec.cat\/altpenedes\/wp-content\/uploads\/usu763\/2016\/12\/port_vallcarca1gen-1024x428.jpg 1024w, https:\/\/serveiseducatius.xtec.cat\/altpenedes\/wp-content\/uploads\/usu763\/2016\/12\/port_vallcarca1gen-300x125.jpg 300w, https:\/\/serveiseducatius.xtec.cat\/altpenedes\/wp-content\/uploads\/usu763\/2016\/12\/port_vallcarca1gen-768x321.jpg 768w, https:\/\/serveiseducatius.xtec.cat\/altpenedes\/wp-content\/uploads\/usu763\/2016\/12\/port_vallcarca1gen.jpg 1218w\" sizes=\"auto, (max-width: 1024px) 100vw, 1024px\" \/><\/a><\/td>\n<\/tr>\n<tr>\n<td><span style=\"color: #800080;\"><em>Port de Vilanova<\/em><\/span><\/td>\n<td><span style=\"color: #800080;\"><em>Port de Vallcarca<\/em><\/span><\/td>\n<\/tr>\n<\/tbody>\n<\/table>\n<\/td>\n<\/tr>\n<tr style=\"height: 204px;\">\n<td style=\"height: 204px;\">\u00a0Un altre aspecte a considerar \u00e9s la molt bona situaci\u00f3 geogr\u00e0fica del Pened\u00e8s pel que fa a la proximitat a altres vies de comunicaci\u00f3. L\u2019aeroport de Barcelona-el Prat i els ports mar\u00edtims de Barcelona i Tarragona s\u00f3n a una dist\u00e0ncia molt propera, el que facilita el transport de persones i mercaderies penedesenques a llocs d\u2019arreu del m\u00f3n.<\/p>\n<table style=\"width: 33.5101%;\">\n<tbody>\n<tr>\n<td style=\"width: 11%;\"><a href=\"https:\/\/drive.google.com\/open?id=0B8KXHB6gfjJJQm5QbnZQRUxCbk0\" target=\"_blank\" rel=\"noopener noreferrer\"><img loading=\"lazy\" decoding=\"async\" class=\"alignnone wp-image-5162\" src=\"http:\/\/serveiseducatius.xtec.cat\/altpenedes\/wp-content\/uploads\/usu763\/2016\/12\/icona-word.jpg\" alt=\"icona word\" width=\"80\" height=\"76\" \/><\/a><\/td>\n<td style=\"width: 10%;\"><a href=\"https:\/\/drive.google.com\/open?id=0B8KXHB6gfjJJVGNrNHMxeXQ1cEk\" target=\"_blank\" rel=\"noopener noreferrer\"><img loading=\"lazy\" decoding=\"async\" class=\"alignnone wp-image-5088\" src=\"http:\/\/serveiseducatius.xtec.cat\/altpenedes\/wp-content\/uploads\/usu763\/2016\/12\/icona-pdf-1-1024x1024.jpg\" alt=\"icona pdf\" width=\"80\" height=\"80\" srcset=\"https:\/\/serveiseducatius.xtec.cat\/altpenedes\/wp-content\/uploads\/usu763\/2016\/12\/icona-pdf-1-1024x1024.jpg 1024w, https:\/\/serveiseducatius.xtec.cat\/altpenedes\/wp-content\/uploads\/usu763\/2016\/12\/icona-pdf-1-150x150.jpg 150w, https:\/\/serveiseducatius.xtec.cat\/altpenedes\/wp-content\/uploads\/usu763\/2016\/12\/icona-pdf-1-300x300.jpg 300w, https:\/\/serveiseducatius.xtec.cat\/altpenedes\/wp-content\/uploads\/usu763\/2016\/12\/icona-pdf-1-768x768.jpg 768w, https:\/\/serveiseducatius.xtec.cat\/altpenedes\/wp-content\/uploads\/usu763\/2016\/12\/icona-pdf-1.jpg 1300w\" sizes=\"auto, (max-width: 80px) 100vw, 80px\" \/><\/a><\/td>\n<td style=\"width: 11.1622%;\"><a href=\"https:\/\/drive.google.com\/open?id=0B8KXHB6gfjJJM2wtbW9jX3pMd2M\" target=\"_blank\" rel=\"noopener noreferrer\"><img loading=\"lazy\" decoding=\"async\" class=\"alignnone wp-image-5147\" src=\"http:\/\/serveiseducatius.xtec.cat\/altpenedes\/wp-content\/uploads\/usu763\/2016\/12\/icona-open.jpg\" alt=\"icona open\" width=\"80\" height=\"86\" \/><\/a><\/td>\n<\/tr>\n<\/tbody>\n<\/table>\n<\/td>\n<\/tr>\n<\/tbody>\n<\/table>\n","protected":false},"excerpt":{"rendered":"<p>Vies de comunicaci\u00f3<\/p>\n","protected":false},"author":6,"featured_media":2767,"comment_status":"open","ping_status":"closed","sticky":false,"template":"","format":"standard","meta":{"site-sidebar-layout":"default","site-content-layout":"","ast-site-content-layout":"","site-content-style":"default","site-sidebar-style":"default","ast-global-header-display":"","ast-banner-title-visibility":"","ast-main-header-display":"","ast-hfb-above-header-display":"","ast-hfb-below-header-display":"","ast-hfb-mobile-header-display":"","site-post-title":"","ast-breadcrumbs-content":"","ast-featured-img":"","footer-sml-layout":"","theme-transparent-header-meta":"","adv-header-id-meta":"","stick-header-meta":"","header-above-stick-meta":"","header-main-stick-meta":"","header-below-stick-meta":"","astra-migrate-meta-layouts":"default","ast-page-background-enabled":"default","ast-page-background-meta":{"desktop":{"background-color":"var(--ast-global-color-4)","background-image":"","background-repeat":"repeat","background-position":"center center","background-size":"auto","background-attachment":"scroll","background-type":"","background-media":"","overlay-type":"","overlay-color":"","overlay-opacity":"","overlay-gradient":""},"tablet":{"background-color":"","background-image":"","background-repeat":"repeat","background-position":"center center","background-size":"auto","background-attachment":"scroll","background-type":"","background-media":"","overlay-type":"","overlay-color":"","overlay-opacity":"","overlay-gradient":""},"mobile":{"background-color":"","background-image":"","background-repeat":"repeat","background-position":"center center","background-size":"auto","background-attachment":"scroll","background-type":"","background-media":"","overlay-type":"","overlay-color":"","overlay-opacity":"","overlay-gradient":""}},"ast-content-background-meta":{"desktop":{"background-color":"var(--ast-global-color-5)","background-image":"","background-repeat":"repeat","background-position":"center center","background-size":"auto","background-attachment":"scroll","background-type":"","background-media":"","overlay-type":"","overlay-color":"","overlay-opacity":"","overlay-gradient":""},"tablet":{"background-color":"var(--ast-global-color-5)","background-image":"","background-repeat":"repeat","background-position":"center center","background-size":"auto","background-attachment":"scroll","background-type":"","background-media":"","overlay-type":"","overlay-color":"","overlay-opacity":"","overlay-gradient":""},"mobile":{"background-color":"var(--ast-global-color-5)","background-image":"","background-repeat":"repeat","background-position":"center center","background-size":"auto","background-attachment":"scroll","background-type":"","background-media":"","overlay-type":"","overlay-color":"","overlay-opacity":"","overlay-gradient":""}},"footnotes":""},"categories":[363],"tags":[543,364],"class_list":["post-2766","post","type-post","status-publish","format-standard","has-post-thumbnail","hentry","category-altpenedes-coneguemlacomarca","tag-elpenedes","tag-unitat-didactica"],"post_mailing_queue_ids":[],"_links":{"self":[{"href":"https:\/\/serveiseducatius.xtec.cat\/altpenedes\/wp-json\/wp\/v2\/posts\/2766","targetHints":{"allow":["GET"]}}],"collection":[{"href":"https:\/\/serveiseducatius.xtec.cat\/altpenedes\/wp-json\/wp\/v2\/posts"}],"about":[{"href":"https:\/\/serveiseducatius.xtec.cat\/altpenedes\/wp-json\/wp\/v2\/types\/post"}],"author":[{"embeddable":true,"href":"https:\/\/serveiseducatius.xtec.cat\/altpenedes\/wp-json\/wp\/v2\/users\/6"}],"replies":[{"embeddable":true,"href":"https:\/\/serveiseducatius.xtec.cat\/altpenedes\/wp-json\/wp\/v2\/comments?post=2766"}],"version-history":[{"count":4,"href":"https:\/\/serveiseducatius.xtec.cat\/altpenedes\/wp-json\/wp\/v2\/posts\/2766\/revisions"}],"predecessor-version":[{"id":6810,"href":"https:\/\/serveiseducatius.xtec.cat\/altpenedes\/wp-json\/wp\/v2\/posts\/2766\/revisions\/6810"}],"wp:featuredmedia":[{"embeddable":true,"href":"https:\/\/serveiseducatius.xtec.cat\/altpenedes\/wp-json\/wp\/v2\/media\/2767"}],"wp:attachment":[{"href":"https:\/\/serveiseducatius.xtec.cat\/altpenedes\/wp-json\/wp\/v2\/media?parent=2766"}],"wp:term":[{"taxonomy":"category","embeddable":true,"href":"https:\/\/serveiseducatius.xtec.cat\/altpenedes\/wp-json\/wp\/v2\/categories?post=2766"},{"taxonomy":"post_tag","embeddable":true,"href":"https:\/\/serveiseducatius.xtec.cat\/altpenedes\/wp-json\/wp\/v2\/tags?post=2766"}],"curies":[{"name":"wp","href":"https:\/\/api.w.org\/{rel}","templated":true}]}}