{"id":2352,"date":"2016-10-06T10:14:07","date_gmt":"2016-10-06T09:14:07","guid":{"rendered":"http:\/\/serveiseducatius.xtec.cat\/altpenedes\/?p=2352"},"modified":"2016-10-27T09:44:26","modified_gmt":"2016-10-27T07:44:26","slug":"treball-cooperatiu","status":"publish","type":"post","link":"https:\/\/serveiseducatius.xtec.cat\/altpenedes\/general\/treball-cooperatiu\/","title":{"rendered":"Treball Cooperatiu"},"content":{"rendered":"<p>El passat dia 4 d&#8217;octubre de 2016 va tenir lloc la confer\u00e8ncia sobre\u00a0<em><strong>&#8220;L&#8217;aprenentatge cooperatiu des del\u00a0Programa Cooperar per Aprendre\/Aprendre per cooperar: experi\u00e8ncies de centres i xarxes de centres&#8221; <\/strong><\/em>a la sala d&#8217;actes del Consell Comarcal de l&#8217;Alt Pened\u00e8s.<em><strong>\u00a0<\/strong><\/em><\/p>\n<p>Aquest acte volia donar continu\u00eftat a algunes actuacions portades a terme el curs passat en relaci\u00f3 al treball cooperatiu i donava el tret de sortida al Pla de Formaci\u00f3 de Zona de l&#8217;Alt Pened\u00e8s.<\/p>\n<p>Amb l&#8217;objectiu principal de donar a con\u00e8ixer el treball en xarxa que porten a terme molts centres de Catalunya es va convidar al<strong>\u00a0Dr. Jos\u00e9 Ramon Lago,<\/strong>\u00a0Coordinador del Grup de Recerca en Atenci\u00f3 a la Diversitat de la UVIC-UCC i a dos centres que van presentar la seva experi\u00e8ncia\u00a0en relaci\u00f3 a la tem\u00e0tica plantejada.<\/p>\n<ul>\n<li><a href=\"https:\/\/drive.google.com\/open?id=0B3dg_OmhLE8Mbno4di1BYno5SUU\" target=\"_blank\"><strong>Escola Cam\u00ed del Mig <\/strong>(Matar\u00f3)<\/a>.\u00a0Presentar\u00e0 l&#8217;experi\u00e8ncia la\u00a0senyora Anna Oliveres, directora de l&#8217;escola i coordinadora\u00a0del\u00a0Grup d\u2019Aprenentatge Cooperatiu del Moviment Educatiu del Maresme (MEM).<\/li>\n<li><a href=\"https:\/\/drive.google.com\/open?id=0B3dg_OmhLE8MWVRHM0cybDEzTDA\" target=\"_blank\"><strong>Institut del Ter<\/strong>\u00a0(Manlleu)<\/a>.\u00a0Presentar\u00e0 l&#8217;experi\u00e8ncia la senyora Cristina Grifell, psicopedagoga i orientadora del centre.<\/li>\n<\/ul>\n<figure id=\"attachment_2363\" aria-describedby=\"caption-attachment-2363\" style=\"width: 1024px\" class=\"wp-caption alignnone\"><a href=\"http:\/\/serveiseducatius.xtec.cat\/altpenedes\/wp-content\/uploads\/usu763\/2016\/09\/ProgramaCAAC.jpg\"><img loading=\"lazy\" decoding=\"async\" class=\"wp-image-2363 size-large\" src=\"http:\/\/serveiseducatius.xtec.cat\/altpenedes\/wp-content\/uploads\/usu763\/2016\/09\/ProgramaCAAC-1024x766.jpg\" alt=\"programacaac\" width=\"1024\" height=\"766\" srcset=\"https:\/\/serveiseducatius.xtec.cat\/altpenedes\/wp-content\/uploads\/usu763\/2016\/09\/ProgramaCAAC-1024x766.jpg 1024w, https:\/\/serveiseducatius.xtec.cat\/altpenedes\/wp-content\/uploads\/usu763\/2016\/09\/ProgramaCAAC-300x225.jpg 300w, https:\/\/serveiseducatius.xtec.cat\/altpenedes\/wp-content\/uploads\/usu763\/2016\/09\/ProgramaCAAC-768x575.jpg 768w, https:\/\/serveiseducatius.xtec.cat\/altpenedes\/wp-content\/uploads\/usu763\/2016\/09\/ProgramaCAAC-200x150.jpg 200w, https:\/\/serveiseducatius.xtec.cat\/altpenedes\/wp-content\/uploads\/usu763\/2016\/09\/ProgramaCAAC.jpg 1244w\" sizes=\"auto, (max-width: 1024px) 100vw, 1024px\" \/><\/a><figcaption id=\"caption-attachment-2363\" class=\"wp-caption-text\">Imatge cedida per la premsa del CCVP<\/figcaption><\/figure>\n","protected":false},"excerpt":{"rendered":"<p>El passat dia 4 d&#8217;octubre de 2016 va tenir lloc la confer\u00e8ncia sobre &#8220;L&#8217;aprenentatge cooperatiu des del Programa Cooperar per Aprendre\/Aprendre per cooperar: experi\u00e8ncies de centres i xarxes de centres&#8221; a la sala d&#8217;actes del Consell Comarcal de l&#8217;Alt Pened\u00e8s. <\/p>\n","protected":false},"author":1,"featured_media":2363,"comment_status":"open","ping_status":"open","sticky":false,"template":"","format":"standard","meta":{"site-sidebar-layout":"default","site-content-layout":"","ast-site-content-layout":"","site-content-style":"default","site-sidebar-style":"default","ast-global-header-display":"","ast-banner-title-visibility":"","ast-main-header-display":"","ast-hfb-above-header-display":"","ast-hfb-below-header-display":"","ast-hfb-mobile-header-display":"","site-post-title":"","ast-breadcrumbs-content":"","ast-featured-img":"","footer-sml-layout":"","theme-transparent-header-meta":"","adv-header-id-meta":"","stick-header-meta":"","header-above-stick-meta":"","header-main-stick-meta":"","header-below-stick-meta":"","astra-migrate-meta-layouts":"default","ast-page-background-enabled":"default","ast-page-background-meta":{"desktop":{"background-color":"var(--ast-global-color-4)","background-image":"","background-repeat":"repeat","background-position":"center center","background-size":"auto","background-attachment":"scroll","background-type":"","background-media":"","overlay-type":"","overlay-color":"","overlay-opacity":"","overlay-gradient":""},"tablet":{"background-color":"","background-image":"","background-repeat":"repeat","background-position":"center center","background-size":"auto","background-attachment":"scroll","background-type":"","background-media":"","overlay-type":"","overlay-color":"","overlay-opacity":"","overlay-gradient":""},"mobile":{"background-color":"","background-image":"","background-repeat":"repeat","background-position":"center center","background-size":"auto","background-attachment":"scroll","background-type":"","background-media":"","overlay-type":"","overlay-color":"","overlay-opacity":"","overlay-gradient":""}},"ast-content-background-meta":{"desktop":{"background-color":"var(--ast-global-color-5)","background-image":"","background-repeat":"repeat","background-position":"center center","background-size":"auto","background-attachment":"scroll","background-type":"","background-media":"","overlay-type":"","overlay-color":"","overlay-opacity":"","overlay-gradient":""},"tablet":{"background-color":"var(--ast-global-color-5)","background-image":"","background-repeat":"repeat","background-position":"center center","background-size":"auto","background-attachment":"scroll","background-type":"","background-media":"","overlay-type":"","overlay-color":"","overlay-opacity":"","overlay-gradient":""},"mobile":{"background-color":"var(--ast-global-color-5)","background-image":"","background-repeat":"repeat","background-position":"center center","background-size":"auto","background-attachment":"scroll","background-type":"","background-media":"","overlay-type":"","overlay-color":"","overlay-opacity":"","overlay-gradient":""}},"footnotes":""},"categories":[65,1,29],"tags":[233],"class_list":["post-2352","post","type-post","status-publish","format-standard","has-post-thumbnail","hentry","category-crp","category-general","category-portada","tag-pfz-2016-2017"],"post_mailing_queue_ids":[],"_links":{"self":[{"href":"https:\/\/serveiseducatius.xtec.cat\/altpenedes\/wp-json\/wp\/v2\/posts\/2352","targetHints":{"allow":["GET"]}}],"collection":[{"href":"https:\/\/serveiseducatius.xtec.cat\/altpenedes\/wp-json\/wp\/v2\/posts"}],"about":[{"href":"https:\/\/serveiseducatius.xtec.cat\/altpenedes\/wp-json\/wp\/v2\/types\/post"}],"author":[{"embeddable":true,"href":"https:\/\/serveiseducatius.xtec.cat\/altpenedes\/wp-json\/wp\/v2\/users\/1"}],"replies":[{"embeddable":true,"href":"https:\/\/serveiseducatius.xtec.cat\/altpenedes\/wp-json\/wp\/v2\/comments?post=2352"}],"version-history":[{"count":4,"href":"https:\/\/serveiseducatius.xtec.cat\/altpenedes\/wp-json\/wp\/v2\/posts\/2352\/revisions"}],"predecessor-version":[{"id":2367,"href":"https:\/\/serveiseducatius.xtec.cat\/altpenedes\/wp-json\/wp\/v2\/posts\/2352\/revisions\/2367"}],"wp:featuredmedia":[{"embeddable":true,"href":"https:\/\/serveiseducatius.xtec.cat\/altpenedes\/wp-json\/wp\/v2\/media\/2363"}],"wp:attachment":[{"href":"https:\/\/serveiseducatius.xtec.cat\/altpenedes\/wp-json\/wp\/v2\/media?parent=2352"}],"wp:term":[{"taxonomy":"category","embeddable":true,"href":"https:\/\/serveiseducatius.xtec.cat\/altpenedes\/wp-json\/wp\/v2\/categories?post=2352"},{"taxonomy":"post_tag","embeddable":true,"href":"https:\/\/serveiseducatius.xtec.cat\/altpenedes\/wp-json\/wp\/v2\/tags?post=2352"}],"curies":[{"name":"wp","href":"https:\/\/api.w.org\/{rel}","templated":true}]}}