{"id":2100,"date":"2016-06-07T12:10:55","date_gmt":"2016-06-07T11:10:55","guid":{"rendered":"http:\/\/serveiseducatius.xtec.cat\/altpenedes\/?p=2100"},"modified":"2016-06-07T12:30:05","modified_gmt":"2016-06-07T11:30:05","slug":"9th-international-conference-of-english-as-a-lingua-franca-elf9","status":"publish","type":"post","link":"https:\/\/serveiseducatius.xtec.cat\/altpenedes\/portada\/9th-international-conference-of-english-as-a-lingua-franca-elf9\/","title":{"rendered":"9th International Conference of English as a Lingua Franca (ELF9)"},"content":{"rendered":"<p>Els propers dies 27, 28 i 29 de Juny, es celebrar\u00e0 a les instal\u00b7lacions de la UdL de Lleida, al Campus de Cappont, el <strong>9th International Conference of English as a Lingua Franca (ELF9)<\/strong> <a href=\"http:\/\/www.elf9.org\/\" target=\"_blank\">http:\/\/www.elf9.org\/<\/a><\/p>\n<p>Aquest congr\u00e9s, \u00e9s el nov\u00e8 d\u2019una s\u00e8rie que s\u2019ha vingut realitzant en diferents llocs del m\u00f3n, i cont\u00e9 una combinaci\u00f3 de presentacions acad\u00e8miques que exploren aspectes ling\u00fc\u00edstics, socials i pedag\u00f2gics de l\u2019angl\u00e8s, en la seva dimensi\u00f3 de llengua franca internacional. Les presentacions sobre aspectes pedag\u00f2gics poden resultar especialment interessants per al professorat d\u2019angl\u00e8s de Catalunya, donat que aquesta dimensi\u00f3 internacional de l\u2019angl\u00e8s, d\u00f3na peu a reflexions i enfocaments que sovint han rebut poca atenci\u00f3 en les activitats de formaci\u00f3 habituals.<\/p>\n<p>El congr\u00e9s consta de presentacions plen\u00e0ries impartides per investigadors de renom, col\u00b7loquis al voltant de temes concrets i presentacions d\u2019estudis realitzats en diferents llocs del m\u00f3n.<\/p>\n<p><strong>La inscripci\u00f3 es podr\u00e0 realitzar fins el dia 10 de JUNY de 2016<\/strong>. La inscripci\u00f3 d\u00f3na dret a assistir a les sessions i rebre els materials del congr\u00e9s. Tamb\u00e9 inclou pauses-caf\u00e8 al mat\u00ed i la tarda i el dinar de cada dia del congr\u00e9s. Per tal de fer el registre al congr\u00e9s ho podeu fer mitjan\u00e7ant aquest enlla\u00e7:\u00a0<a href=\"http:\/\/www.elf9.org\/registration\/\" target=\"_blank\">http:\/\/www.elf9.org\/registration\/<\/a><br \/>\n<strong>Els professors vinculats al Departament d\u2019Ensenyament s\u2019han d\u2019inscriure com:\u00a0<\/strong><strong>\u201cLocal teachers &#8211; 90 \u20ac\u201d<\/strong><\/p>\n","protected":false},"excerpt":{"rendered":"<p>Inscripcions fins el dia 10 de juny de 2016<\/p>\n","protected":false},"author":1,"featured_media":2101,"comment_status":"open","ping_status":"open","sticky":false,"template":"","format":"standard","meta":{"site-sidebar-layout":"default","site-content-layout":"","ast-site-content-layout":"","site-content-style":"default","site-sidebar-style":"default","ast-global-header-display":"","ast-banner-title-visibility":"","ast-main-header-display":"","ast-hfb-above-header-display":"","ast-hfb-below-header-display":"","ast-hfb-mobile-header-display":"","site-post-title":"","ast-breadcrumbs-content":"","ast-featured-img":"","footer-sml-layout":"","theme-transparent-header-meta":"","adv-header-id-meta":"","stick-header-meta":"","header-above-stick-meta":"","header-main-stick-meta":"","header-below-stick-meta":"","astra-migrate-meta-layouts":"default","ast-page-background-enabled":"default","ast-page-background-meta":{"desktop":{"background-color":"var(--ast-global-color-4)","background-image":"","background-repeat":"repeat","background-position":"center center","background-size":"auto","background-attachment":"scroll","background-type":"","background-media":"","overlay-type":"","overlay-color":"","overlay-opacity":"","overlay-gradient":""},"tablet":{"background-color":"","background-image":"","background-repeat":"repeat","background-position":"center center","background-size":"auto","background-attachment":"scroll","background-type":"","background-media":"","overlay-type":"","overlay-color":"","overlay-opacity":"","overlay-gradient":""},"mobile":{"background-color":"","background-image":"","background-repeat":"repeat","background-position":"center center","background-size":"auto","background-attachment":"scroll","background-type":"","background-media":"","overlay-type":"","overlay-color":"","overlay-opacity":"","overlay-gradient":""}},"ast-content-background-meta":{"desktop":{"background-color":"var(--ast-global-color-5)","background-image":"","background-repeat":"repeat","background-position":"center center","background-size":"auto","background-attachment":"scroll","background-type":"","background-media":"","overlay-type":"","overlay-color":"","overlay-opacity":"","overlay-gradient":""},"tablet":{"background-color":"var(--ast-global-color-5)","background-image":"","background-repeat":"repeat","background-position":"center center","background-size":"auto","background-attachment":"scroll","background-type":"","background-media":"","overlay-type":"","overlay-color":"","overlay-opacity":"","overlay-gradient":""},"mobile":{"background-color":"var(--ast-global-color-5)","background-image":"","background-repeat":"repeat","background-position":"center center","background-size":"auto","background-attachment":"scroll","background-type":"","background-media":"","overlay-type":"","overlay-color":"","overlay-opacity":"","overlay-gradient":""}},"footnotes":""},"categories":[216,217,277,29],"tags":[157,276,275],"class_list":["post-2100","post","type-post","status-publish","format-standard","has-post-thumbnail","hentry","category-links","category-entitats","category-llengues-estrangeres","category-portada","tag-curs-2015-2016","tag-elf9","tag-llengues-estrangeres"],"post_mailing_queue_ids":[],"_links":{"self":[{"href":"https:\/\/serveiseducatius.xtec.cat\/altpenedes\/wp-json\/wp\/v2\/posts\/2100","targetHints":{"allow":["GET"]}}],"collection":[{"href":"https:\/\/serveiseducatius.xtec.cat\/altpenedes\/wp-json\/wp\/v2\/posts"}],"about":[{"href":"https:\/\/serveiseducatius.xtec.cat\/altpenedes\/wp-json\/wp\/v2\/types\/post"}],"author":[{"embeddable":true,"href":"https:\/\/serveiseducatius.xtec.cat\/altpenedes\/wp-json\/wp\/v2\/users\/1"}],"replies":[{"embeddable":true,"href":"https:\/\/serveiseducatius.xtec.cat\/altpenedes\/wp-json\/wp\/v2\/comments?post=2100"}],"version-history":[{"count":1,"href":"https:\/\/serveiseducatius.xtec.cat\/altpenedes\/wp-json\/wp\/v2\/posts\/2100\/revisions"}],"predecessor-version":[{"id":2102,"href":"https:\/\/serveiseducatius.xtec.cat\/altpenedes\/wp-json\/wp\/v2\/posts\/2100\/revisions\/2102"}],"wp:featuredmedia":[{"embeddable":true,"href":"https:\/\/serveiseducatius.xtec.cat\/altpenedes\/wp-json\/wp\/v2\/media\/2101"}],"wp:attachment":[{"href":"https:\/\/serveiseducatius.xtec.cat\/altpenedes\/wp-json\/wp\/v2\/media?parent=2100"}],"wp:term":[{"taxonomy":"category","embeddable":true,"href":"https:\/\/serveiseducatius.xtec.cat\/altpenedes\/wp-json\/wp\/v2\/categories?post=2100"},{"taxonomy":"post_tag","embeddable":true,"href":"https:\/\/serveiseducatius.xtec.cat\/altpenedes\/wp-json\/wp\/v2\/tags?post=2100"}],"curies":[{"name":"wp","href":"https:\/\/api.w.org\/{rel}","templated":true}]}}