{"id":2087,"date":"2016-05-31T09:56:27","date_gmt":"2016-05-31T08:56:27","guid":{"rendered":"http:\/\/serveiseducatius.xtec.cat\/altpenedes\/?p=2087"},"modified":"2016-05-31T10:26:21","modified_gmt":"2016-05-31T09:26:21","slug":"iii-jornades-daprenentatge-cooperatiu-de-catalunya-compartim-lexperiencia","status":"publish","type":"post","link":"https:\/\/serveiseducatius.xtec.cat\/altpenedes\/portada\/iii-jornades-daprenentatge-cooperatiu-de-catalunya-compartim-lexperiencia\/","title":{"rendered":"III JORNADES D\u2019APRENENTATGE COOPERATIU DE CATALUNYA:  COMPARTIM L\u2019EXPERI\u00c8NCIA"},"content":{"rendered":"<h6><strong>Salt, 4 i 5 de juliol de 2016.\u00a0M\u00e9s informaci\u00f3 a <a href=\"https:\/\/drive.google.com\/open?id=0B3dg_OmhLE8McGdlTFJha0lWalk\" target=\"_blank\">Segona Circular &#8211; Maig de 2016<\/a>. Inscripcions fins el 10 de juny:<\/strong><\/h6>\n<h6><a href=\"https:\/\/form.jotform.com\/51373702193957\" target=\"_blank\">https:\/\/form.jotform.com\/51373702193957<\/a>\u00a0\u00c9s a l&#8217;hora de fer la inscripci\u00f3 que haureu de comunicar la vostra proposta de participaci\u00f3.<\/h6>\n<p>Veure el programa de la jornada&#8230;<\/p>\n<p><a href=\"http:\/\/serveiseducatius.xtec.cat\/altpenedes\/wp-content\/uploads\/usu763\/2016\/05\/programa.jpg\"><img loading=\"lazy\" decoding=\"async\" class=\"alignnone size-large wp-image-2088\" src=\"http:\/\/serveiseducatius.xtec.cat\/altpenedes\/wp-content\/uploads\/usu763\/2016\/05\/programa-1024x719.jpg\" alt=\"programa\" width=\"1024\" height=\"719\" srcset=\"https:\/\/serveiseducatius.xtec.cat\/altpenedes\/wp-content\/uploads\/usu763\/2016\/05\/programa-1024x719.jpg 1024w, https:\/\/serveiseducatius.xtec.cat\/altpenedes\/wp-content\/uploads\/usu763\/2016\/05\/programa-300x211.jpg 300w, https:\/\/serveiseducatius.xtec.cat\/altpenedes\/wp-content\/uploads\/usu763\/2016\/05\/programa.jpg 1067w\" sizes=\"auto, (max-width: 1024px) 100vw, 1024px\" \/><\/a><\/p>\n<p><a href=\"http:\/\/www.uvic.cat\/formacio-continua\/ca\/cursos\/iii-jornades-daprenentatge-cooperatiu-de-catalunya-compartim-lexperiencia\" target=\"_blank\">http:\/\/www.uvic.cat\/formacio-continua\/ca\/cursos\/iii-jornades-daprenentatge-cooperatiu-de-catalunya-compartim-lexperiencia<\/a><\/p>\n","protected":false},"excerpt":{"rendered":"<p>Salt, 4 i 5 de juliol de 2016.\u00a0M\u00e9s informaci\u00f3 a Segona Circular &#8211; Maig de 2016. Inscripcions fins el 10 [&hellip;]<\/p>\n","protected":false},"author":1,"featured_media":2089,"comment_status":"open","ping_status":"open","sticky":false,"template":"","format":"standard","meta":{"site-sidebar-layout":"default","site-content-layout":"","ast-site-content-layout":"","site-content-style":"default","site-sidebar-style":"default","ast-global-header-display":"","ast-banner-title-visibility":"","ast-main-header-display":"","ast-hfb-above-header-display":"","ast-hfb-below-header-display":"","ast-hfb-mobile-header-display":"","site-post-title":"","ast-breadcrumbs-content":"","ast-featured-img":"","footer-sml-layout":"","theme-transparent-header-meta":"","adv-header-id-meta":"","stick-header-meta":"","header-above-stick-meta":"","header-main-stick-meta":"","header-below-stick-meta":"","astra-migrate-meta-layouts":"default","ast-page-background-enabled":"default","ast-page-background-meta":{"desktop":{"background-color":"var(--ast-global-color-4)","background-image":"","background-repeat":"repeat","background-position":"center center","background-size":"auto","background-attachment":"scroll","background-type":"","background-media":"","overlay-type":"","overlay-color":"","overlay-opacity":"","overlay-gradient":""},"tablet":{"background-color":"","background-image":"","background-repeat":"repeat","background-position":"center center","background-size":"auto","background-attachment":"scroll","background-type":"","background-media":"","overlay-type":"","overlay-color":"","overlay-opacity":"","overlay-gradient":""},"mobile":{"background-color":"","background-image":"","background-repeat":"repeat","background-position":"center center","background-size":"auto","background-attachment":"scroll","background-type":"","background-media":"","overlay-type":"","overlay-color":"","overlay-opacity":"","overlay-gradient":""}},"ast-content-background-meta":{"desktop":{"background-color":"var(--ast-global-color-5)","background-image":"","background-repeat":"repeat","background-position":"center center","background-size":"auto","background-attachment":"scroll","background-type":"","background-media":"","overlay-type":"","overlay-color":"","overlay-opacity":"","overlay-gradient":""},"tablet":{"background-color":"var(--ast-global-color-5)","background-image":"","background-repeat":"repeat","background-position":"center center","background-size":"auto","background-attachment":"scroll","background-type":"","background-media":"","overlay-type":"","overlay-color":"","overlay-opacity":"","overlay-gradient":""},"mobile":{"background-color":"var(--ast-global-color-5)","background-image":"","background-repeat":"repeat","background-position":"center center","background-size":"auto","background-attachment":"scroll","background-type":"","background-media":"","overlay-type":"","overlay-color":"","overlay-opacity":"","overlay-gradient":""}},"footnotes":""},"categories":[216,217,29],"tags":[272,157],"class_list":["post-2087","post","type-post","status-publish","format-standard","has-post-thumbnail","hentry","category-links","category-entitats","category-portada","tag-aprenentatge-cooperatiu","tag-curs-2015-2016"],"post_mailing_queue_ids":[],"_links":{"self":[{"href":"https:\/\/serveiseducatius.xtec.cat\/altpenedes\/wp-json\/wp\/v2\/posts\/2087","targetHints":{"allow":["GET"]}}],"collection":[{"href":"https:\/\/serveiseducatius.xtec.cat\/altpenedes\/wp-json\/wp\/v2\/posts"}],"about":[{"href":"https:\/\/serveiseducatius.xtec.cat\/altpenedes\/wp-json\/wp\/v2\/types\/post"}],"author":[{"embeddable":true,"href":"https:\/\/serveiseducatius.xtec.cat\/altpenedes\/wp-json\/wp\/v2\/users\/1"}],"replies":[{"embeddable":true,"href":"https:\/\/serveiseducatius.xtec.cat\/altpenedes\/wp-json\/wp\/v2\/comments?post=2087"}],"version-history":[{"count":3,"href":"https:\/\/serveiseducatius.xtec.cat\/altpenedes\/wp-json\/wp\/v2\/posts\/2087\/revisions"}],"predecessor-version":[{"id":2096,"href":"https:\/\/serveiseducatius.xtec.cat\/altpenedes\/wp-json\/wp\/v2\/posts\/2087\/revisions\/2096"}],"wp:featuredmedia":[{"embeddable":true,"href":"https:\/\/serveiseducatius.xtec.cat\/altpenedes\/wp-json\/wp\/v2\/media\/2089"}],"wp:attachment":[{"href":"https:\/\/serveiseducatius.xtec.cat\/altpenedes\/wp-json\/wp\/v2\/media?parent=2087"}],"wp:term":[{"taxonomy":"category","embeddable":true,"href":"https:\/\/serveiseducatius.xtec.cat\/altpenedes\/wp-json\/wp\/v2\/categories?post=2087"},{"taxonomy":"post_tag","embeddable":true,"href":"https:\/\/serveiseducatius.xtec.cat\/altpenedes\/wp-json\/wp\/v2\/tags?post=2087"}],"curies":[{"name":"wp","href":"https:\/\/api.w.org\/{rel}","templated":true}]}}