{"id":2082,"date":"2016-05-19T08:41:26","date_gmt":"2016-05-19T07:41:26","guid":{"rendered":"http:\/\/serveiseducatius.xtec.cat\/altpenedes\/?p=2082"},"modified":"2016-05-26T08:49:42","modified_gmt":"2016-05-26T07:49:42","slug":"1a-festa-de-la-cooperativa-hortgall-actualitat-centres","status":"publish","type":"post","link":"https:\/\/serveiseducatius.xtec.cat\/altpenedes\/vilafranca\/1a-festa-de-la-cooperativa-hortgall-actualitat-centres\/","title":{"rendered":"1a Festa de la Cooperativa Hortgall | ACTUALITAT Centres"},"content":{"rendered":"<p>Aquest dissabte <strong>21 de maig a partir de les 10 del mat\u00ed<\/strong> tindr\u00e0 lloc a l&#8217;escola de Puigd\u00e0lber la <strong>1a Festa de la Cooperativa Hortgall<\/strong>. Aquesta cooperativa escolar per produir i vendre hortalisses de l&#8217;hort escolar\u00a0i ous de les gallines de la ra\u00e7a Pened\u00e8s s&#8217;ha posat en marxa aquest curs i est\u00e0 funcionant molt i molt b\u00e9. L&#8217;equip de mestres de l&#8217;escola Virolai us\u00a0conviden\u00a0a participar-hi!<\/p>\n<p style=\"padding-left: 30px; text-align: center;\"><a href=\"http:\/\/serveiseducatius.xtec.cat\/altpenedes\/wp-content\/uploads\/usu763\/2016\/05\/Cartell-festa-cooperativa.jpg\"><img loading=\"lazy\" decoding=\"async\" class=\"alignnone size-large wp-image-2083\" src=\"http:\/\/serveiseducatius.xtec.cat\/altpenedes\/wp-content\/uploads\/usu763\/2016\/05\/Cartell-festa-cooperativa-1024x724.jpg\" alt=\"Cartell festa cooperativa\" width=\"1024\" height=\"724\" srcset=\"https:\/\/serveiseducatius.xtec.cat\/altpenedes\/wp-content\/uploads\/usu763\/2016\/05\/Cartell-festa-cooperativa-1024x724.jpg 1024w, https:\/\/serveiseducatius.xtec.cat\/altpenedes\/wp-content\/uploads\/usu763\/2016\/05\/Cartell-festa-cooperativa-300x212.jpg 300w\" sizes=\"auto, (max-width: 1024px) 100vw, 1024px\" \/><\/a><br \/>\n<strong>10:00h Tallers<\/strong><br \/>\nTaller de plantes<br \/>\nJocs gegants<br \/>\nInflable<br \/>\nParada de gelats<br \/>\n<strong>11:30h Bingo<\/strong><br \/>\n<strong>12:00h Actuaci\u00f3 de l\u2019EMAP<\/strong><br \/>\n<strong>12:30h Animaci\u00f3 infantil i Cloenda<\/strong><br \/>\n<strong>13:00h dinar popular a c\u00e0rrec de l&#8217;AMPA<\/strong><\/p>\n","protected":false},"excerpt":{"rendered":"<p>Aquest dissabte 21 de maig a partir de les 10 del mat\u00ed tindr\u00e0 lloc a l&#8217;escola de Puigd\u00e0lber la 1a [&hellip;]<\/p>\n","protected":false},"author":1,"featured_media":2083,"comment_status":"open","ping_status":"open","sticky":false,"template":"","format":"standard","meta":{"site-sidebar-layout":"default","site-content-layout":"","ast-site-content-layout":"","site-content-style":"default","site-sidebar-style":"default","ast-global-header-display":"","ast-banner-title-visibility":"","ast-main-header-display":"","ast-hfb-above-header-display":"","ast-hfb-below-header-display":"","ast-hfb-mobile-header-display":"","site-post-title":"","ast-breadcrumbs-content":"","ast-featured-img":"","footer-sml-layout":"","theme-transparent-header-meta":"","adv-header-id-meta":"","stick-header-meta":"","header-above-stick-meta":"","header-main-stick-meta":"","header-below-stick-meta":"","astra-migrate-meta-layouts":"default","ast-page-background-enabled":"default","ast-page-background-meta":{"desktop":{"background-color":"var(--ast-global-color-4)","background-image":"","background-repeat":"repeat","background-position":"center center","background-size":"auto","background-attachment":"scroll","background-type":"","background-media":"","overlay-type":"","overlay-color":"","overlay-opacity":"","overlay-gradient":""},"tablet":{"background-color":"","background-image":"","background-repeat":"repeat","background-position":"center center","background-size":"auto","background-attachment":"scroll","background-type":"","background-media":"","overlay-type":"","overlay-color":"","overlay-opacity":"","overlay-gradient":""},"mobile":{"background-color":"","background-image":"","background-repeat":"repeat","background-position":"center center","background-size":"auto","background-attachment":"scroll","background-type":"","background-media":"","overlay-type":"","overlay-color":"","overlay-opacity":"","overlay-gradient":""}},"ast-content-background-meta":{"desktop":{"background-color":"var(--ast-global-color-5)","background-image":"","background-repeat":"repeat","background-position":"center center","background-size":"auto","background-attachment":"scroll","background-type":"","background-media":"","overlay-type":"","overlay-color":"","overlay-opacity":"","overlay-gradient":""},"tablet":{"background-color":"var(--ast-global-color-5)","background-image":"","background-repeat":"repeat","background-position":"center center","background-size":"auto","background-attachment":"scroll","background-type":"","background-media":"","overlay-type":"","overlay-color":"","overlay-opacity":"","overlay-gradient":""},"mobile":{"background-color":"var(--ast-global-color-5)","background-image":"","background-repeat":"repeat","background-position":"center center","background-size":"auto","background-attachment":"scroll","background-type":"","background-media":"","overlay-type":"","overlay-color":"","overlay-opacity":"","overlay-gradient":""}},"footnotes":""},"categories":[220,221,219],"tags":[269,271,270],"class_list":["post-2082","post","type-post","status-publish","format-standard","has-post-thumbnail","hentry","category-ampes","category-centres","category-vilafranca","tag-escola-virolai","tag-puigdalber","tag-zep-cep-de-sis"],"post_mailing_queue_ids":[],"_links":{"self":[{"href":"https:\/\/serveiseducatius.xtec.cat\/altpenedes\/wp-json\/wp\/v2\/posts\/2082","targetHints":{"allow":["GET"]}}],"collection":[{"href":"https:\/\/serveiseducatius.xtec.cat\/altpenedes\/wp-json\/wp\/v2\/posts"}],"about":[{"href":"https:\/\/serveiseducatius.xtec.cat\/altpenedes\/wp-json\/wp\/v2\/types\/post"}],"author":[{"embeddable":true,"href":"https:\/\/serveiseducatius.xtec.cat\/altpenedes\/wp-json\/wp\/v2\/users\/1"}],"replies":[{"embeddable":true,"href":"https:\/\/serveiseducatius.xtec.cat\/altpenedes\/wp-json\/wp\/v2\/comments?post=2082"}],"version-history":[{"count":2,"href":"https:\/\/serveiseducatius.xtec.cat\/altpenedes\/wp-json\/wp\/v2\/posts\/2082\/revisions"}],"predecessor-version":[{"id":2085,"href":"https:\/\/serveiseducatius.xtec.cat\/altpenedes\/wp-json\/wp\/v2\/posts\/2082\/revisions\/2085"}],"wp:featuredmedia":[{"embeddable":true,"href":"https:\/\/serveiseducatius.xtec.cat\/altpenedes\/wp-json\/wp\/v2\/media\/2083"}],"wp:attachment":[{"href":"https:\/\/serveiseducatius.xtec.cat\/altpenedes\/wp-json\/wp\/v2\/media?parent=2082"}],"wp:term":[{"taxonomy":"category","embeddable":true,"href":"https:\/\/serveiseducatius.xtec.cat\/altpenedes\/wp-json\/wp\/v2\/categories?post=2082"},{"taxonomy":"post_tag","embeddable":true,"href":"https:\/\/serveiseducatius.xtec.cat\/altpenedes\/wp-json\/wp\/v2\/tags?post=2082"}],"curies":[{"name":"wp","href":"https:\/\/api.w.org\/{rel}","templated":true}]}}