{"id":1864,"date":"2016-05-12T17:05:54","date_gmt":"2016-05-12T16:05:54","guid":{"rendered":"http:\/\/serveiseducatius.xtec.cat\/altpenedes\/?p=1864"},"modified":"2016-05-12T16:00:34","modified_gmt":"2016-05-12T15:00:34","slug":"la-renovacio-pedagogica","status":"publish","type":"post","link":"https:\/\/serveiseducatius.xtec.cat\/altpenedes\/links\/la-renovacio-pedagogica\/","title":{"rendered":"ANY MARTA MATA | 3a tert\u00falia"},"content":{"rendered":"<p>La FUNDACI\u00d3 MARTA MATA GARRIGA us convida a la terrcera<strong>\u00a0tert\u00falia de l\u2019ANY MARTA MATA<\/strong><\/p>\n<p>Se celebrar\u00e0, el <strong>dilluns 30 de maig a les 5 de la tarda<\/strong>, a la seu de la fundaci\u00f3, a Saifores, amb el tema <strong>Llengua i Educaci\u00f3. <a href=\"https:\/\/drive.google.com\/open?id=0B3dg_OmhLE8MTWpyRUdwWmEtV2x5NWJTaktmNHFjOWotYld3\" target=\"_blank\">Llei de Normalitzaci\u00f3 Ling\u00fc\u00edstica<\/a><\/strong><\/p>\n<p>Per escalfar motors, recomanem el cap\u00edtol del mateix t\u00edtol del llibre \u2018<a href=\"https:\/\/drive.google.com\/open?id=0B3dg_OmhLE8MWTNyNVlVV3pnMENsWllrbVBHa2JuZW1HNFBr\" target=\"_blank\">Per avan\u00e7ar en educaci\u00f3<\/a>\u2019, publicat per Eumo Editorial l\u2019any 2010. L\u2019obra reuneix un conjunt d\u2019articles i confer\u00e8ncies de Marta Mata sobre diversos temes d&#8217;educaci\u00f3.<a href=\"http:\/\/serveiseducatius.xtec.cat\/altpenedes\/wp-content\/uploads\/usu763\/2016\/04\/anymartamata.jpg\"><img loading=\"lazy\" decoding=\"async\" class=\"alignright wp-image-1865 size-medium\" src=\"http:\/\/serveiseducatius.xtec.cat\/altpenedes\/wp-content\/uploads\/usu763\/2016\/04\/anymartamata-300x163.jpg\" alt=\"anymartamata\" width=\"300\" height=\"163\" srcset=\"https:\/\/serveiseducatius.xtec.cat\/altpenedes\/wp-content\/uploads\/usu763\/2016\/04\/anymartamata-300x163.jpg 300w, https:\/\/serveiseducatius.xtec.cat\/altpenedes\/wp-content\/uploads\/usu763\/2016\/04\/anymartamata.jpg 546w\" sizes=\"auto, (max-width: 300px) 100vw, 300px\" \/><\/a><\/p>\n<p>Hi ha altres tert\u00falies programades al mateix lloc i hora, amb temes que la Marta considerava importants:<\/p>\n<ul>\n<li>26 de setembre: L&#8217;Educaci\u00f3 els 6 primers anys de vida.<\/li>\n<li>19 de novembre: es far\u00e0, com cada any, la Jornada Marta Mata, que enguany es dedicar\u00e0 a la seva vida i obra.<\/li>\n<\/ul>\n<p>Ens agradaria molt poder-vos-hi saludar personalment.<\/p>\n<p style=\"text-align: right;\"><em>M. Assumpta Baig<\/em><br \/>\n<em>Presidenta de la FMMG<\/em><\/p>\n<p style=\"text-align: right;\"><a href=\"http:\/\/www.fundaciomartamata.org\" target=\"_blank\">http:\/\/www.fundaciomartamata.org<\/a><\/p>\n<p style=\"text-align: right;\">\n","protected":false},"excerpt":{"rendered":"<p>La FUNDACI\u00d3 MARTA MATA GARRIGA us convida a la terrcera\u00a0tert\u00falia de l\u2019ANY MARTA MATA Se celebrar\u00e0, el dilluns 30 de [&hellip;]<\/p>\n","protected":false},"author":1,"featured_media":1865,"comment_status":"open","ping_status":"open","sticky":false,"template":"","format":"standard","meta":{"site-sidebar-layout":"default","site-content-layout":"","ast-site-content-layout":"","site-content-style":"default","site-sidebar-style":"default","ast-global-header-display":"","ast-banner-title-visibility":"","ast-main-header-display":"","ast-hfb-above-header-display":"","ast-hfb-below-header-display":"","ast-hfb-mobile-header-display":"","site-post-title":"","ast-breadcrumbs-content":"","ast-featured-img":"","footer-sml-layout":"","theme-transparent-header-meta":"","adv-header-id-meta":"","stick-header-meta":"","header-above-stick-meta":"","header-main-stick-meta":"","header-below-stick-meta":"","astra-migrate-meta-layouts":"default","ast-page-background-enabled":"default","ast-page-background-meta":{"desktop":{"background-color":"var(--ast-global-color-4)","background-image":"","background-repeat":"repeat","background-position":"center center","background-size":"auto","background-attachment":"scroll","background-type":"","background-media":"","overlay-type":"","overlay-color":"","overlay-opacity":"","overlay-gradient":""},"tablet":{"background-color":"","background-image":"","background-repeat":"repeat","background-position":"center center","background-size":"auto","background-attachment":"scroll","background-type":"","background-media":"","overlay-type":"","overlay-color":"","overlay-opacity":"","overlay-gradient":""},"mobile":{"background-color":"","background-image":"","background-repeat":"repeat","background-position":"center center","background-size":"auto","background-attachment":"scroll","background-type":"","background-media":"","overlay-type":"","overlay-color":"","overlay-opacity":"","overlay-gradient":""}},"ast-content-background-meta":{"desktop":{"background-color":"var(--ast-global-color-5)","background-image":"","background-repeat":"repeat","background-position":"center center","background-size":"auto","background-attachment":"scroll","background-type":"","background-media":"","overlay-type":"","overlay-color":"","overlay-opacity":"","overlay-gradient":""},"tablet":{"background-color":"var(--ast-global-color-5)","background-image":"","background-repeat":"repeat","background-position":"center center","background-size":"auto","background-attachment":"scroll","background-type":"","background-media":"","overlay-type":"","overlay-color":"","overlay-opacity":"","overlay-gradient":""},"mobile":{"background-color":"var(--ast-global-color-5)","background-image":"","background-repeat":"repeat","background-position":"center center","background-size":"auto","background-attachment":"scroll","background-type":"","background-media":"","overlay-type":"","overlay-color":"","overlay-opacity":"","overlay-gradient":""}},"footnotes":""},"categories":[216,217],"tags":[157],"class_list":["post-1864","post","type-post","status-publish","format-standard","has-post-thumbnail","hentry","category-links","category-entitats","tag-curs-2015-2016"],"post_mailing_queue_ids":[],"_links":{"self":[{"href":"https:\/\/serveiseducatius.xtec.cat\/altpenedes\/wp-json\/wp\/v2\/posts\/1864","targetHints":{"allow":["GET"]}}],"collection":[{"href":"https:\/\/serveiseducatius.xtec.cat\/altpenedes\/wp-json\/wp\/v2\/posts"}],"about":[{"href":"https:\/\/serveiseducatius.xtec.cat\/altpenedes\/wp-json\/wp\/v2\/types\/post"}],"author":[{"embeddable":true,"href":"https:\/\/serveiseducatius.xtec.cat\/altpenedes\/wp-json\/wp\/v2\/users\/1"}],"replies":[{"embeddable":true,"href":"https:\/\/serveiseducatius.xtec.cat\/altpenedes\/wp-json\/wp\/v2\/comments?post=1864"}],"version-history":[{"count":3,"href":"https:\/\/serveiseducatius.xtec.cat\/altpenedes\/wp-json\/wp\/v2\/posts\/1864\/revisions"}],"predecessor-version":[{"id":2072,"href":"https:\/\/serveiseducatius.xtec.cat\/altpenedes\/wp-json\/wp\/v2\/posts\/1864\/revisions\/2072"}],"wp:featuredmedia":[{"embeddable":true,"href":"https:\/\/serveiseducatius.xtec.cat\/altpenedes\/wp-json\/wp\/v2\/media\/1865"}],"wp:attachment":[{"href":"https:\/\/serveiseducatius.xtec.cat\/altpenedes\/wp-json\/wp\/v2\/media?parent=1864"}],"wp:term":[{"taxonomy":"category","embeddable":true,"href":"https:\/\/serveiseducatius.xtec.cat\/altpenedes\/wp-json\/wp\/v2\/categories?post=1864"},{"taxonomy":"post_tag","embeddable":true,"href":"https:\/\/serveiseducatius.xtec.cat\/altpenedes\/wp-json\/wp\/v2\/tags?post=1864"}],"curies":[{"name":"wp","href":"https:\/\/api.w.org\/{rel}","templated":true}]}}