{"id":1861,"date":"2016-04-19T14:32:36","date_gmt":"2016-04-19T13:32:36","guid":{"rendered":"http:\/\/serveiseducatius.xtec.cat\/altpenedes\/?p=1861"},"modified":"2018-10-17T21:08:35","modified_gmt":"2018-10-17T19:08:35","slug":"taller-de-produccio-audiovisual","status":"publish","type":"post","link":"https:\/\/serveiseducatius.xtec.cat\/altpenedes\/general\/taller-de-produccio-audiovisual\/","title":{"rendered":"Taller de producci\u00f3 audiovisual"},"content":{"rendered":"<p>Des del Museu del Cinema es proposa\u00a0l\u2019activitat <strong>\u201cGirona, Flors de Cinema\u201d<\/strong>, un taller de creaci\u00f3 audiovisual que es realitzar\u00e0 durant l\u2019exposici\u00f3 de Temps de Flo<img loading=\"lazy\" decoding=\"async\" class=\"alignright wp-image-1862 size-medium\" src=\"http:\/\/serveiseducatius.xtec.cat\/altpenedes\/wp-content\/uploads\/usu763\/2016\/04\/flors-203x300.jpg\" alt=\"flors\" width=\"203\" height=\"300\" srcset=\"https:\/\/serveiseducatius.xtec.cat\/altpenedes\/wp-content\/uploads\/usu763\/2016\/04\/flors-203x300.jpg 203w, https:\/\/serveiseducatius.xtec.cat\/altpenedes\/wp-content\/uploads\/usu763\/2016\/04\/flors.jpg 233w\" sizes=\"auto, (max-width: 203px) 100vw, 203px\" \/>rs,\u00a0<strong>del\u00a04 al 13\u00a0de maig.<\/strong><\/p>\n<p>Els alumnes poden participar d\u2019aquesta proposta que permet con\u00e8ixer les eines i les t\u00e8cniques b\u00e0siques per aprendre a convertir en imatges les histories de les persones, visitants, artistes, espais que participen en l&#8217;exposici\u00f3 Temps de Flors.<\/p>\n<p>Les filmacions seran visions \u00faniques d\u2019aquest esdeveniment inspirades en les primeres pel\u00b7l\u00edcules de la historia que van ser gravades amb el cinemat\u00f2graf dels germans Lumi\u00e8re, el qual va permetre retratar la vida quotidiana de la seva \u00e8poca. Les pel\u00b7l\u00edcules d&#8217;un \u00fanic pla, amb una durada aproximada d&#8217;un minut i gravades amb c\u00e0mera fixa.<\/p>\n<p>Places limitades (activitat amb reserva pr\u00e8via)<\/p>\n<p>Informaci\u00f3 i reserves a:<br \/>\neducacio@museudelcinema.cat o al 972 41 27 77<\/p>\n<p><a href=\"http:\/\/www.museudelcinema.cat\" target=\"_blank\" rel=\"noopener\">http:\/\/www.museudelcinema.cat\/cat\/index.php<\/a><\/p>\n","protected":false},"excerpt":{"rendered":"<p>Des del Museu del Cinema es proposa\u00a0l\u2019activitat \u201cGirona, Flors de Cinema\u201d, un taller de creaci\u00f3 audiovisual que es realitzar\u00e0 durant [&hellip;]<\/p>\n","protected":false},"author":1,"featured_media":1862,"comment_status":"open","ping_status":"closed","sticky":false,"template":"","format":"standard","meta":{"site-sidebar-layout":"default","site-content-layout":"","ast-site-content-layout":"","site-content-style":"default","site-sidebar-style":"default","ast-global-header-display":"","ast-banner-title-visibility":"","ast-main-header-display":"","ast-hfb-above-header-display":"","ast-hfb-below-header-display":"","ast-hfb-mobile-header-display":"","site-post-title":"","ast-breadcrumbs-content":"","ast-featured-img":"","footer-sml-layout":"","theme-transparent-header-meta":"","adv-header-id-meta":"","stick-header-meta":"","header-above-stick-meta":"","header-main-stick-meta":"","header-below-stick-meta":"","astra-migrate-meta-layouts":"default","ast-page-background-enabled":"default","ast-page-background-meta":{"desktop":{"background-color":"var(--ast-global-color-4)","background-image":"","background-repeat":"repeat","background-position":"center center","background-size":"auto","background-attachment":"scroll","background-type":"","background-media":"","overlay-type":"","overlay-color":"","overlay-opacity":"","overlay-gradient":""},"tablet":{"background-color":"","background-image":"","background-repeat":"repeat","background-position":"center center","background-size":"auto","background-attachment":"scroll","background-type":"","background-media":"","overlay-type":"","overlay-color":"","overlay-opacity":"","overlay-gradient":""},"mobile":{"background-color":"","background-image":"","background-repeat":"repeat","background-position":"center center","background-size":"auto","background-attachment":"scroll","background-type":"","background-media":"","overlay-type":"","overlay-color":"","overlay-opacity":"","overlay-gradient":""}},"ast-content-background-meta":{"desktop":{"background-color":"var(--ast-global-color-5)","background-image":"","background-repeat":"repeat","background-position":"center center","background-size":"auto","background-attachment":"scroll","background-type":"","background-media":"","overlay-type":"","overlay-color":"","overlay-opacity":"","overlay-gradient":""},"tablet":{"background-color":"var(--ast-global-color-5)","background-image":"","background-repeat":"repeat","background-position":"center center","background-size":"auto","background-attachment":"scroll","background-type":"","background-media":"","overlay-type":"","overlay-color":"","overlay-opacity":"","overlay-gradient":""},"mobile":{"background-color":"var(--ast-global-color-5)","background-image":"","background-repeat":"repeat","background-position":"center center","background-size":"auto","background-attachment":"scroll","background-type":"","background-media":"","overlay-type":"","overlay-color":"","overlay-opacity":"","overlay-gradient":""}},"footnotes":""},"categories":[1],"tags":[37,157],"class_list":["post-1861","post","type-post","status-publish","format-standard","has-post-thumbnail","hentry","category-general","tag-audiovisuals","tag-curs-2015-2016"],"post_mailing_queue_ids":[],"_links":{"self":[{"href":"https:\/\/serveiseducatius.xtec.cat\/altpenedes\/wp-json\/wp\/v2\/posts\/1861","targetHints":{"allow":["GET"]}}],"collection":[{"href":"https:\/\/serveiseducatius.xtec.cat\/altpenedes\/wp-json\/wp\/v2\/posts"}],"about":[{"href":"https:\/\/serveiseducatius.xtec.cat\/altpenedes\/wp-json\/wp\/v2\/types\/post"}],"author":[{"embeddable":true,"href":"https:\/\/serveiseducatius.xtec.cat\/altpenedes\/wp-json\/wp\/v2\/users\/1"}],"replies":[{"embeddable":true,"href":"https:\/\/serveiseducatius.xtec.cat\/altpenedes\/wp-json\/wp\/v2\/comments?post=1861"}],"version-history":[{"count":2,"href":"https:\/\/serveiseducatius.xtec.cat\/altpenedes\/wp-json\/wp\/v2\/posts\/1861\/revisions"}],"predecessor-version":[{"id":7504,"href":"https:\/\/serveiseducatius.xtec.cat\/altpenedes\/wp-json\/wp\/v2\/posts\/1861\/revisions\/7504"}],"wp:featuredmedia":[{"embeddable":true,"href":"https:\/\/serveiseducatius.xtec.cat\/altpenedes\/wp-json\/wp\/v2\/media\/1862"}],"wp:attachment":[{"href":"https:\/\/serveiseducatius.xtec.cat\/altpenedes\/wp-json\/wp\/v2\/media?parent=1861"}],"wp:term":[{"taxonomy":"category","embeddable":true,"href":"https:\/\/serveiseducatius.xtec.cat\/altpenedes\/wp-json\/wp\/v2\/categories?post=1861"},{"taxonomy":"post_tag","embeddable":true,"href":"https:\/\/serveiseducatius.xtec.cat\/altpenedes\/wp-json\/wp\/v2\/tags?post=1861"}],"curies":[{"name":"wp","href":"https:\/\/api.w.org\/{rel}","templated":true}]}}