{"id":1746,"date":"2016-04-13T09:35:03","date_gmt":"2016-04-13T07:35:03","guid":{"rendered":"http:\/\/serveiseducatius.xtec.cat\/altpenedes\/?p=1746"},"modified":"2017-10-23T17:17:32","modified_gmt":"2017-10-23T15:17:32","slug":"ix-trobada-el-comic-una-eina-pedagogica","status":"publish","type":"post","link":"https:\/\/serveiseducatius.xtec.cat\/altpenedes\/links\/ix-trobada-el-comic-una-eina-pedagogica\/","title":{"rendered":"IX Trobada &#8220;El c\u00f2mic, una eina pedag\u00f2gica&#8221;"},"content":{"rendered":"<p>S&#8217;ha obert la inscripci\u00f3 per a la <strong>trobada pedag\u00f2gica<\/strong> que se celebra el dia <strong>5 de maig <\/strong>en el marc del<strong> Sal\u00f3 del c\u00f2mic<\/strong>.<\/p>\n<p>Es presentaran quatre experi\u00e8ncies de centres. Hi haur\u00e0 la confer\u00e8ncia d&#8217;un expert, Santi Casas, i visites guiades al Sal\u00f3 per a prim\u00e0ria i secund\u00e0ria. Enlla\u00e7 al <strong>programa<\/strong>: <a href=\"http:\/\/xtec.gencat.cat\/web\/.content\/projectes\/lectura\/impulslectura\/documents\/Programa_JC_2016_web.pdf\" target=\"_blank\" rel=\"noopener noreferrer\">http:\/\/xtec.gencat.cat\/web\/.content\/projectes\/lectura\/impulslectura\/documents\/Programa_JC_2016_web.pdf<\/a><\/p>\n<p>P\u00e0gina de l&#8217;<strong>Impuls a la Lectura<\/strong> on trobareu tamb\u00e9 informaci\u00f3 sobre les accions que es fan per a les escoles al llarg de la setmana: <a href=\"http:\/\/xtec.gencat.cat\/ca\/projectes\/lectura\/impulslectura\" target=\"_blank\" rel=\"noopener noreferrer\">http:\/\/xtec.gencat.cat\/ca\/projectes\/lectura\/impulslectura<\/a><\/p>\n<p><strong>INSCRIPCIONS: del 31 de mar\u00e7 al 28 d&#8217;abril.<\/strong><a href=\"http:\/\/serveiseducatius.xtec.cat\/altpenedes\/wp-content\/uploads\/usu763\/2016\/04\/ficomic.jpg\"><img loading=\"lazy\" decoding=\"async\" class=\" size-full wp-image-1747 alignright\" src=\"http:\/\/serveiseducatius.xtec.cat\/altpenedes\/wp-content\/uploads\/usu763\/2016\/04\/ficomic.jpg\" alt=\"ficomic\" width=\"279\" height=\"185\" \/><\/a><\/p>\n<ul>\n<li>Inscripci\u00f3 oberta <a href=\"https:\/\/aplicacions.gestioeducativa.gencat.cat\/pls\/soloas\/pk_for_mod_ins.p_for_detall_activitat?p_header=Llista%20d%27activitats^pk_for_mod_ins.p_for_cons_activitats?p_tipus_act=JC,JCVP,JCVS%26p_any=2015-2016%26p_totes=S%26p_inici=1%26p_excloure_crp_rec=T&amp;p_codi=9001020555&amp;p_curs=2015-2016&amp;p_excloure_crp_rec=T\" target=\"_blank\" rel=\"noopener noreferrer\">9001020555 IX Jornada El c\u00f2mic una eina pedag\u00f2gica<\/a><br \/>\n<span style=\"color: #808080;\">Trobada pedag\u00f2gica. Fira de Barcelona (Barcelona). Del dijous 5\/5\/2016 al 5\/5\/2016 de 17:00 a 20:00<\/span><\/li>\n<li>Inscripci\u00f3 oberta <a href=\"https:\/\/aplicacions.gestioeducativa.gencat.cat\/pls\/soloas\/pk_for_mod_ins.p_for_detall_activitat?p_header=Llista%20d%27activitats^pk_for_mod_ins.p_for_cons_activitats?p_tipus_act=JC,JCVP,JCVS%26p_any=2015-2016%26p_totes=S%26p_inici=1%26p_excloure_crp_rec=T&amp;p_codi=9001030555&amp;p_curs=2015-2016&amp;p_excloure_crp_rec=T\" target=\"_blank\" rel=\"noopener noreferrer\">9001030555 IX Jornada El c\u00f2mic una eina pedag\u00f2gica (visita guiada prim\u00e0ria)<\/a><br \/>\n<span style=\"color: #808080;\">Taller. Fira de Barcelona (Barcelona). Del dijous 5\/5\/2016 al 5\/5\/2016 de 16:00 a 17:00<\/span><\/li>\n<li>Inscripci\u00f3 oberta <a href=\"https:\/\/aplicacions.gestioeducativa.gencat.cat\/pls\/soloas\/pk_for_mod_ins.p_for_detall_activitat?p_header=Llista%20d%27activitats^pk_for_mod_ins.p_for_cons_activitats?p_tipus_act=JC,JCVP,JCVS%26p_any=2015-2016%26p_totes=S%26p_inici=1%26p_excloure_crp_rec=T&amp;p_codi=9001040555&amp;p_curs=2015-2016&amp;p_excloure_crp_rec=T\" target=\"_blank\" rel=\"noopener noreferrer\">9001040555 IX Jornada El c\u00f2mic una eina pedag\u00f2gica (visita guiada secund\u00e0ria)<\/a><br \/>\n<span style=\"color: #808080;\">Taller. Fira de Barcelona (Barcelona). Del dijous 5\/5\/2016 al 5\/5\/2016 de 15:00 a 16:00<\/span><\/li>\n<\/ul>\n<p>&nbsp;<\/p>\n","protected":false},"excerpt":{"rendered":"<p>S&#8217;ha obert la inscripci\u00f3 per a la trobada pedag\u00f2gica que se celebra el dia 5 de maig en el marc [&hellip;]<\/p>\n","protected":false},"author":1,"featured_media":1747,"comment_status":"open","ping_status":"closed","sticky":false,"template":"","format":"standard","meta":{"site-sidebar-layout":"default","site-content-layout":"","ast-site-content-layout":"","site-content-style":"default","site-sidebar-style":"default","ast-global-header-display":"","ast-banner-title-visibility":"","ast-main-header-display":"","ast-hfb-above-header-display":"","ast-hfb-below-header-display":"","ast-hfb-mobile-header-display":"","site-post-title":"","ast-breadcrumbs-content":"","ast-featured-img":"","footer-sml-layout":"","theme-transparent-header-meta":"","adv-header-id-meta":"","stick-header-meta":"","header-above-stick-meta":"","header-main-stick-meta":"","header-below-stick-meta":"","astra-migrate-meta-layouts":"default","ast-page-background-enabled":"default","ast-page-background-meta":{"desktop":{"background-color":"var(--ast-global-color-4)","background-image":"","background-repeat":"repeat","background-position":"center center","background-size":"auto","background-attachment":"scroll","background-type":"","background-media":"","overlay-type":"","overlay-color":"","overlay-opacity":"","overlay-gradient":""},"tablet":{"background-color":"","background-image":"","background-repeat":"repeat","background-position":"center center","background-size":"auto","background-attachment":"scroll","background-type":"","background-media":"","overlay-type":"","overlay-color":"","overlay-opacity":"","overlay-gradient":""},"mobile":{"background-color":"","background-image":"","background-repeat":"repeat","background-position":"center center","background-size":"auto","background-attachment":"scroll","background-type":"","background-media":"","overlay-type":"","overlay-color":"","overlay-opacity":"","overlay-gradient":""}},"ast-content-background-meta":{"desktop":{"background-color":"var(--ast-global-color-5)","background-image":"","background-repeat":"repeat","background-position":"center center","background-size":"auto","background-attachment":"scroll","background-type":"","background-media":"","overlay-type":"","overlay-color":"","overlay-opacity":"","overlay-gradient":""},"tablet":{"background-color":"var(--ast-global-color-5)","background-image":"","background-repeat":"repeat","background-position":"center center","background-size":"auto","background-attachment":"scroll","background-type":"","background-media":"","overlay-type":"","overlay-color":"","overlay-opacity":"","overlay-gradient":""},"mobile":{"background-color":"var(--ast-global-color-5)","background-image":"","background-repeat":"repeat","background-position":"center center","background-size":"auto","background-attachment":"scroll","background-type":"","background-media":"","overlay-type":"","overlay-color":"","overlay-opacity":"","overlay-gradient":""}},"footnotes":""},"categories":[216,528],"tags":[225,157],"class_list":["post-1746","post","type-post","status-publish","format-standard","has-post-thumbnail","hentry","category-links","category-be-materials-coordinacio-1516","tag-comic","tag-curs-2015-2016"],"post_mailing_queue_ids":[],"_links":{"self":[{"href":"https:\/\/serveiseducatius.xtec.cat\/altpenedes\/wp-json\/wp\/v2\/posts\/1746","targetHints":{"allow":["GET"]}}],"collection":[{"href":"https:\/\/serveiseducatius.xtec.cat\/altpenedes\/wp-json\/wp\/v2\/posts"}],"about":[{"href":"https:\/\/serveiseducatius.xtec.cat\/altpenedes\/wp-json\/wp\/v2\/types\/post"}],"author":[{"embeddable":true,"href":"https:\/\/serveiseducatius.xtec.cat\/altpenedes\/wp-json\/wp\/v2\/users\/1"}],"replies":[{"embeddable":true,"href":"https:\/\/serveiseducatius.xtec.cat\/altpenedes\/wp-json\/wp\/v2\/comments?post=1746"}],"version-history":[{"count":3,"href":"https:\/\/serveiseducatius.xtec.cat\/altpenedes\/wp-json\/wp\/v2\/posts\/1746\/revisions"}],"predecessor-version":[{"id":6140,"href":"https:\/\/serveiseducatius.xtec.cat\/altpenedes\/wp-json\/wp\/v2\/posts\/1746\/revisions\/6140"}],"wp:featuredmedia":[{"embeddable":true,"href":"https:\/\/serveiseducatius.xtec.cat\/altpenedes\/wp-json\/wp\/v2\/media\/1747"}],"wp:attachment":[{"href":"https:\/\/serveiseducatius.xtec.cat\/altpenedes\/wp-json\/wp\/v2\/media?parent=1746"}],"wp:term":[{"taxonomy":"category","embeddable":true,"href":"https:\/\/serveiseducatius.xtec.cat\/altpenedes\/wp-json\/wp\/v2\/categories?post=1746"},{"taxonomy":"post_tag","embeddable":true,"href":"https:\/\/serveiseducatius.xtec.cat\/altpenedes\/wp-json\/wp\/v2\/tags?post=1746"}],"curies":[{"name":"wp","href":"https:\/\/api.w.org\/{rel}","templated":true}]}}