{"id":1743,"date":"2016-04-13T08:51:27","date_gmt":"2016-04-13T07:51:27","guid":{"rendered":"http:\/\/serveiseducatius.xtec.cat\/altpenedes\/?p=1743"},"modified":"2018-10-17T21:17:41","modified_gmt":"2018-10-17T19:17:41","slug":"com-quan-i-perque-utilitzar-eines-tic-a-la-classe-de-ciencies","status":"publish","type":"post","link":"https:\/\/serveiseducatius.xtec.cat\/altpenedes\/links\/com-quan-i-perque-utilitzar-eines-tic-a-la-classe-de-ciencies\/","title":{"rendered":"Com, Quan i Perqu\u00e8 utilitzar Eines TIC a la classe de ci\u00e8ncies"},"content":{"rendered":"<h6><strong>Programa Ci\u00e8ncia i Aula<\/strong><\/h6>\n<p>En aquesta xerrada discutirem <strong>com, quan i per a qu\u00e8 utilitzar cada una d&#8217;aquestes eines<\/strong> <strong>des del punt de vista did\u00e0ctic<\/strong>, aix\u00ed com quina \u00e9s la seva implantaci\u00f3 actual a les aules catalanes i quins reptes i oportunitats ofereixen.<\/p>\n<p style=\"text-align: center;\">Lloc: FCRi &#8211; Passeig de Llu\u00eds Companys, 23 &#8211; Barcelona<br \/>\nData: <strong>dijous, 21 d\u2019abril de 2016, de 18.00 a 19.30 hores<\/strong><br \/>\n<strong>Inscripcions:<\/strong> empleneu <strong><a href=\"http:\/\/www.fundaciorecerca.cat\/projectes\/ciencia_aula\/index.asp?accio=alta\" target=\"_blank\" rel=\"noopener\">AQUEST FORMULARI<\/a><\/strong> per a inscriure-us-hi<br \/>\n<a href=\"http:\/\/www.fundaciorecerca.cat\" target=\"_blank\" rel=\"noopener\">www.fundaciorecerca.cat<\/a><\/p>\n<p><strong>Intervenci\u00f3:<\/strong><br \/>\nCarme Grimalt (qu\u00edmica) i V\u00edctor L\u00f3pez (f\u00edsic), investigadors del CRECIM (Centre de Recerca per a l\u2019Educaci\u00f3 Cient\u00edfica i Matem\u00e0tica) i experts en did\u00e0ctica de les ci\u00e8ncies.<br \/>\nActualment existeix un immens ventall d&#8217;entorns virtuals i de dispositius electr\u00f2nics disponibles per a ser utilitzades com a eines educatives a l&#8217;escola. Ara b\u00e9, si partim de la idea de la pr\u00e0ctica cient\u00edfica escolar (de l&#8217;assumpci\u00f3 que realment s&#8217;apr\u00e8n ci\u00e8ncies promovent que els alumnes facin ci\u00e8ncia a l&#8217;aula) podem identificar quines s\u00f3n aquelles eines que realment aporten un valor afegit a l&#8217;ensenyament de les ci\u00e8ncies. Parlem, per exemple, dels dispositius que permeten la recollida de dades experimentals (ja sigui amb sensors, lupes digitals, o el mateix m\u00f2bil); dels entorns virtuals que permeten expressar i interaccionar amb models cient\u00edfics (com per exemple les simulacions i els laboratoris virtuals); o dels dispositius que promouen la discussi\u00f3 col\u00b7laborativa sobre models cient\u00edfics a l&#8217;aula.<\/p>\n","protected":false},"excerpt":{"rendered":"<p>Programa Ci\u00e8ncia i Aula En aquesta xerrada discutirem com, quan i per a qu\u00e8 utilitzar cada una d&#8217;aquestes eines des [&hellip;]<\/p>\n","protected":false},"author":1,"featured_media":1744,"comment_status":"open","ping_status":"closed","sticky":false,"template":"","format":"standard","meta":{"site-sidebar-layout":"default","site-content-layout":"","ast-site-content-layout":"","site-content-style":"default","site-sidebar-style":"default","ast-global-header-display":"","ast-banner-title-visibility":"","ast-main-header-display":"","ast-hfb-above-header-display":"","ast-hfb-below-header-display":"","ast-hfb-mobile-header-display":"","site-post-title":"","ast-breadcrumbs-content":"","ast-featured-img":"","footer-sml-layout":"","theme-transparent-header-meta":"","adv-header-id-meta":"","stick-header-meta":"","header-above-stick-meta":"","header-main-stick-meta":"","header-below-stick-meta":"","astra-migrate-meta-layouts":"default","ast-page-background-enabled":"default","ast-page-background-meta":{"desktop":{"background-color":"var(--ast-global-color-4)","background-image":"","background-repeat":"repeat","background-position":"center center","background-size":"auto","background-attachment":"scroll","background-type":"","background-media":"","overlay-type":"","overlay-color":"","overlay-opacity":"","overlay-gradient":""},"tablet":{"background-color":"","background-image":"","background-repeat":"repeat","background-position":"center center","background-size":"auto","background-attachment":"scroll","background-type":"","background-media":"","overlay-type":"","overlay-color":"","overlay-opacity":"","overlay-gradient":""},"mobile":{"background-color":"","background-image":"","background-repeat":"repeat","background-position":"center center","background-size":"auto","background-attachment":"scroll","background-type":"","background-media":"","overlay-type":"","overlay-color":"","overlay-opacity":"","overlay-gradient":""}},"ast-content-background-meta":{"desktop":{"background-color":"var(--ast-global-color-5)","background-image":"","background-repeat":"repeat","background-position":"center center","background-size":"auto","background-attachment":"scroll","background-type":"","background-media":"","overlay-type":"","overlay-color":"","overlay-opacity":"","overlay-gradient":""},"tablet":{"background-color":"var(--ast-global-color-5)","background-image":"","background-repeat":"repeat","background-position":"center center","background-size":"auto","background-attachment":"scroll","background-type":"","background-media":"","overlay-type":"","overlay-color":"","overlay-opacity":"","overlay-gradient":""},"mobile":{"background-color":"var(--ast-global-color-5)","background-image":"","background-repeat":"repeat","background-position":"center center","background-size":"auto","background-attachment":"scroll","background-type":"","background-media":"","overlay-type":"","overlay-color":"","overlay-opacity":"","overlay-gradient":""}},"footnotes":""},"categories":[216,217],"tags":[157,224],"class_list":["post-1743","post","type-post","status-publish","format-standard","has-post-thumbnail","hentry","category-links","category-entitats","tag-curs-2015-2016","tag-fcri"],"post_mailing_queue_ids":[],"_links":{"self":[{"href":"https:\/\/serveiseducatius.xtec.cat\/altpenedes\/wp-json\/wp\/v2\/posts\/1743","targetHints":{"allow":["GET"]}}],"collection":[{"href":"https:\/\/serveiseducatius.xtec.cat\/altpenedes\/wp-json\/wp\/v2\/posts"}],"about":[{"href":"https:\/\/serveiseducatius.xtec.cat\/altpenedes\/wp-json\/wp\/v2\/types\/post"}],"author":[{"embeddable":true,"href":"https:\/\/serveiseducatius.xtec.cat\/altpenedes\/wp-json\/wp\/v2\/users\/1"}],"replies":[{"embeddable":true,"href":"https:\/\/serveiseducatius.xtec.cat\/altpenedes\/wp-json\/wp\/v2\/comments?post=1743"}],"version-history":[{"count":2,"href":"https:\/\/serveiseducatius.xtec.cat\/altpenedes\/wp-json\/wp\/v2\/posts\/1743\/revisions"}],"predecessor-version":[{"id":7505,"href":"https:\/\/serveiseducatius.xtec.cat\/altpenedes\/wp-json\/wp\/v2\/posts\/1743\/revisions\/7505"}],"wp:featuredmedia":[{"embeddable":true,"href":"https:\/\/serveiseducatius.xtec.cat\/altpenedes\/wp-json\/wp\/v2\/media\/1744"}],"wp:attachment":[{"href":"https:\/\/serveiseducatius.xtec.cat\/altpenedes\/wp-json\/wp\/v2\/media?parent=1743"}],"wp:term":[{"taxonomy":"category","embeddable":true,"href":"https:\/\/serveiseducatius.xtec.cat\/altpenedes\/wp-json\/wp\/v2\/categories?post=1743"},{"taxonomy":"post_tag","embeddable":true,"href":"https:\/\/serveiseducatius.xtec.cat\/altpenedes\/wp-json\/wp\/v2\/tags?post=1743"}],"curies":[{"name":"wp","href":"https:\/\/api.w.org\/{rel}","templated":true}]}}