{"id":1669,"date":"2016-03-31T12:03:53","date_gmt":"2016-03-31T11:03:53","guid":{"rendered":"http:\/\/serveiseducatius.xtec.cat\/altpenedes\/?p=1669"},"modified":"2016-06-21T12:23:02","modified_gmt":"2016-06-21T11:23:02","slug":"xii-jornades-0-12-es-possible-fer-una-escola-i-una-educacio-publica-diferent-thi-apuntes","status":"publish","type":"post","link":"https:\/\/serveiseducatius.xtec.cat\/altpenedes\/portada\/xii-jornades-0-12-es-possible-fer-una-escola-i-una-educacio-publica-diferent-thi-apuntes\/","title":{"rendered":"XII Jornades 0-12: \u00c9s possible fer una escola i una educaci\u00f3 p\u00fablica diferent. T&#8217;hi apuntes?"},"content":{"rendered":"<p style=\"text-align: left;\"><strong>Es duran a terme els dies: dissabte 2 d&#8217;abril i divendres 1 de juliol de 2016, a la Casa de Convalesc\u00e8ncia de l&#8217;Hospital de Sant Pau. De 9:45h a 14h.<\/strong><\/p>\n<p style=\"text-align: left;\"><span style=\"text-decoration: underline;\">Inscripci\u00f3:<\/span><\/p>\n<ul>\n<li>La inscripci\u00f3 per cobrir els costos de les dues jornades \u00e9s de <strong>50 euros<\/strong> que dona dret a <strong>assistir tres persones per centre educatiu<\/strong> a les dues jornades. Si hi ha algun centre que vol assistir amb m\u00e9s persones, el cost addicional \u00e9s de 15 euros per persona.<\/li>\n<li>Aquesta Jornada no demana cap ajut a cap administraci\u00f3, ni tampoc cap reconeixement oficial com activitat de formaci\u00f3.<\/li>\n<li>El <strong>formulari d&#8217;inscripci\u00f3<\/strong> \u00e9s el seg\u00fcent: <a href=\"http:\/\/goo.gl\/forms\/Mjz0wxS5Pt\" target=\"_blank\">http:\/\/goo.gl\/forms\/Mjz0wxS5Pt<\/a><\/li>\n<li>El n\u00famero de compte per fer l&#8217;ingr\u00e9s \u00e9s el seg\u00fcent: <strong>ES31 1491 0001 2320 9092 5823<\/strong> (Triodos Bank)<a href=\"http:\/\/serveiseducatius.xtec.cat\/altpenedes\/wp-content\/uploads\/usu763\/2016\/03\/banner012-1.jpg\"><img loading=\"lazy\" decoding=\"async\" class=\"alignright wp-image-1671 size-medium\" src=\"http:\/\/serveiseducatius.xtec.cat\/altpenedes\/wp-content\/uploads\/usu763\/2016\/03\/banner012-1-300x202.jpg\" alt=\"banner012-1\" width=\"300\" height=\"202\" srcset=\"https:\/\/serveiseducatius.xtec.cat\/altpenedes\/wp-content\/uploads\/usu763\/2016\/03\/banner012-1-300x202.jpg 300w, https:\/\/serveiseducatius.xtec.cat\/altpenedes\/wp-content\/uploads\/usu763\/2016\/03\/banner012-1.jpg 707w\" sizes=\"auto, (max-width: 300px) 100vw, 300px\" \/><\/a><\/li>\n<li>Caldr\u00e0 portar el justificant el dia 2 d&#8217;abril o b\u00e9 enviar-lo a <strong><a href=\"mailto:coord.esc012@gmail.com\" target=\"_blank\">coord.esc012@gmail.com<\/a><\/strong> amb el nom del centre o l&#8217;entitat que representeu.<\/li>\n<\/ul>\n<p><span style=\"text-decoration: underline;\">Documents adjunts:<\/span><\/p>\n<p><a href=\"https:\/\/drive.google.com\/open?id=0B3dg_OmhLE8MRi1WZ2xJZUtYQUlJSUkxdDFsSGtjWm0xcjRN\" target=\"_blank\">Cartell<\/a>, el <a href=\"https:\/\/drive.google.com\/open?id=0B3dg_OmhLE8MLWw0VEJzQWI0N1prbjRXN2YySHA4MlZ4WmF3\" target=\"_blank\">d\u00edptic<\/a> i tota la <a href=\"https:\/\/drive.google.com\/open?id=0B3dg_OmhLE8MWEVJOUVjb0xNYi1iTHVGZm5feURwT1BneXJ3\" target=\"_blank\">informaci\u00f3 referent a la inscripci\u00f3<\/a> i a les <a href=\"https:\/\/drive.google.com\/open?id=0B3dg_OmhLE8MOGJaZ0RGcnhmNm1ldk1qdnZOOTRIQmdNX2Fn\" target=\"_blank\">meses de treball<\/a>.<\/p>\n<p>Us conviem a participar-hi!<\/p>\n<p style=\"text-align: right;\"><em>Coordinadora d&#8217;escoles 0-12 de la<\/em><br \/>\n<em> Federaci\u00f3 de Moviments de Renovaci\u00f3 Pedag\u00f2gica de Catalunya<\/em><br \/>\n<em> <a href=\"http:\/\/www.fmrp.cat\" target=\"_blank\">www.fmrp.cat<\/a><\/em><\/p>\n","protected":false},"excerpt":{"rendered":"<p>www.fmrp.cat<\/p>\n","protected":false},"author":1,"featured_media":1671,"comment_status":"open","ping_status":"open","sticky":false,"template":"","format":"standard","meta":{"site-sidebar-layout":"default","site-content-layout":"","ast-site-content-layout":"","site-content-style":"default","site-sidebar-style":"default","ast-global-header-display":"","ast-banner-title-visibility":"","ast-main-header-display":"","ast-hfb-above-header-display":"","ast-hfb-below-header-display":"","ast-hfb-mobile-header-display":"","site-post-title":"","ast-breadcrumbs-content":"","ast-featured-img":"","footer-sml-layout":"","theme-transparent-header-meta":"","adv-header-id-meta":"","stick-header-meta":"","header-above-stick-meta":"","header-main-stick-meta":"","header-below-stick-meta":"","astra-migrate-meta-layouts":"default","ast-page-background-enabled":"default","ast-page-background-meta":{"desktop":{"background-color":"var(--ast-global-color-4)","background-image":"","background-repeat":"repeat","background-position":"center center","background-size":"auto","background-attachment":"scroll","background-type":"","background-media":"","overlay-type":"","overlay-color":"","overlay-opacity":"","overlay-gradient":""},"tablet":{"background-color":"","background-image":"","background-repeat":"repeat","background-position":"center center","background-size":"auto","background-attachment":"scroll","background-type":"","background-media":"","overlay-type":"","overlay-color":"","overlay-opacity":"","overlay-gradient":""},"mobile":{"background-color":"","background-image":"","background-repeat":"repeat","background-position":"center center","background-size":"auto","background-attachment":"scroll","background-type":"","background-media":"","overlay-type":"","overlay-color":"","overlay-opacity":"","overlay-gradient":""}},"ast-content-background-meta":{"desktop":{"background-color":"var(--ast-global-color-5)","background-image":"","background-repeat":"repeat","background-position":"center center","background-size":"auto","background-attachment":"scroll","background-type":"","background-media":"","overlay-type":"","overlay-color":"","overlay-opacity":"","overlay-gradient":""},"tablet":{"background-color":"var(--ast-global-color-5)","background-image":"","background-repeat":"repeat","background-position":"center center","background-size":"auto","background-attachment":"scroll","background-type":"","background-media":"","overlay-type":"","overlay-color":"","overlay-opacity":"","overlay-gradient":""},"mobile":{"background-color":"var(--ast-global-color-5)","background-image":"","background-repeat":"repeat","background-position":"center center","background-size":"auto","background-attachment":"scroll","background-type":"","background-media":"","overlay-type":"","overlay-color":"","overlay-opacity":"","overlay-gradient":""}},"footnotes":""},"categories":[216,217,29],"tags":[218,157],"class_list":["post-1669","post","type-post","status-publish","format-standard","has-post-thumbnail","hentry","category-links","category-entitats","category-portada","tag-actualitat","tag-curs-2015-2016"],"post_mailing_queue_ids":[],"_links":{"self":[{"href":"https:\/\/serveiseducatius.xtec.cat\/altpenedes\/wp-json\/wp\/v2\/posts\/1669","targetHints":{"allow":["GET"]}}],"collection":[{"href":"https:\/\/serveiseducatius.xtec.cat\/altpenedes\/wp-json\/wp\/v2\/posts"}],"about":[{"href":"https:\/\/serveiseducatius.xtec.cat\/altpenedes\/wp-json\/wp\/v2\/types\/post"}],"author":[{"embeddable":true,"href":"https:\/\/serveiseducatius.xtec.cat\/altpenedes\/wp-json\/wp\/v2\/users\/1"}],"replies":[{"embeddable":true,"href":"https:\/\/serveiseducatius.xtec.cat\/altpenedes\/wp-json\/wp\/v2\/comments?post=1669"}],"version-history":[{"count":3,"href":"https:\/\/serveiseducatius.xtec.cat\/altpenedes\/wp-json\/wp\/v2\/posts\/1669\/revisions"}],"predecessor-version":[{"id":1674,"href":"https:\/\/serveiseducatius.xtec.cat\/altpenedes\/wp-json\/wp\/v2\/posts\/1669\/revisions\/1674"}],"wp:featuredmedia":[{"embeddable":true,"href":"https:\/\/serveiseducatius.xtec.cat\/altpenedes\/wp-json\/wp\/v2\/media\/1671"}],"wp:attachment":[{"href":"https:\/\/serveiseducatius.xtec.cat\/altpenedes\/wp-json\/wp\/v2\/media?parent=1669"}],"wp:term":[{"taxonomy":"category","embeddable":true,"href":"https:\/\/serveiseducatius.xtec.cat\/altpenedes\/wp-json\/wp\/v2\/categories?post=1669"},{"taxonomy":"post_tag","embeddable":true,"href":"https:\/\/serveiseducatius.xtec.cat\/altpenedes\/wp-json\/wp\/v2\/tags?post=1669"}],"curies":[{"name":"wp","href":"https:\/\/api.w.org\/{rel}","templated":true}]}}