{"id":16458,"date":"2026-09-04T10:15:21","date_gmt":"2026-09-04T08:15:21","guid":{"rendered":"https:\/\/serveiseducatius.xtec.cat\/altpenedes\/?p=16458"},"modified":"2026-09-04T12:58:43","modified_gmt":"2026-09-04T10:58:43","slug":"seminaris-de-coordinacio-del-pfz-curs-2026-2027","status":"publish","type":"post","link":"https:\/\/serveiseducatius.xtec.cat\/altpenedes\/general\/seminaris-de-coordinacio-del-pfz-curs-2026-2027\/","title":{"rendered":"Seminaris de coordinaci\u00f3 del PFZ | Curs 2026-2027"},"content":{"rendered":"\n<figure class=\"wp-block-image aligncenter size-large is-resized\"><img loading=\"lazy\" decoding=\"async\" width=\"1024\" height=\"683\" src=\"https:\/\/serveiseducatius.xtec.cat\/altpenedes\/wp-content\/uploads\/usu763\/2026\/09\/seminaris-1024x683.png\" alt=\"\" class=\"wp-image-16459\" style=\"width:567px;height:auto\" srcset=\"https:\/\/serveiseducatius.xtec.cat\/altpenedes\/wp-content\/uploads\/usu763\/2026\/09\/seminaris-1024x683.png 1024w, https:\/\/serveiseducatius.xtec.cat\/altpenedes\/wp-content\/uploads\/usu763\/2026\/09\/seminaris-300x200.png 300w, https:\/\/serveiseducatius.xtec.cat\/altpenedes\/wp-content\/uploads\/usu763\/2026\/09\/seminaris-150x100.png 150w, https:\/\/serveiseducatius.xtec.cat\/altpenedes\/wp-content\/uploads\/usu763\/2026\/09\/seminaris-768x512.png 768w, https:\/\/serveiseducatius.xtec.cat\/altpenedes\/wp-content\/uploads\/usu763\/2026\/09\/seminaris.png 1536w\" sizes=\"auto, (max-width: 1024px) 100vw, 1024px\" \/><\/figure>\n\n\n\n<p>Ja podeu inscriure-us als <strong>seminaris de coordinaci\u00f3 del Pla de Formaci\u00f3 de Zona (PFZ) de l\u2019Alt Pened\u00e8s<\/strong> per al curs 2026-2027.<br>Consulteu la fitxa de l\u2019activitat per con\u00e8ixer el contingut, el calendari i l\u2019horari de les sessions.<\/p>\n\n\n\n<p>\ud83d\udce3 <strong>Inscripcions del 4 al 20 de setembre de 2026<\/strong> <br><\/p>\n\n\n\n<figure class=\"wp-block-table is-style-stripes\"><table class=\"has-fixed-layout\"><tbody><tr><td><strong>Codi<\/strong><\/td><th class=\"has-text-align-left\" data-align=\"left\">Seminari<\/th><th class=\"has-text-align-left\" data-align=\"left\">\ud83d\udcc5 Dia<\/th><th class=\"has-text-align-left\" data-align=\"left\">\ud83d\udd58 Horari<\/th><\/tr><tr><td><br><strong>2011001201<\/strong><\/td><td class=\"has-text-align-left\" data-align=\"left\"><br><strong><a href=\"https:\/\/aplicacions.gestioeducativa.gencat.cat\/ords\/pls\/soloas\/pk_for_mod_ins.p_for_detall_activitat?p_header=Llista%20d%27activitats^pk_for_mod_ins.p_for_cons_activitats?p_crp=201%26p_any=2026-2027%26p_totes=s%26p_inici=11%26p_excloure_crp_rec=F&amp;p_codi=2011001201&amp;p_curs=2026-2027&amp;p_excloure_crp_rec=F\">Direccions de prim\u00e0ria<\/a><\/strong><\/td><td class=\"has-text-align-left\" data-align=\"left\"><strong>Dijous<\/strong><\/td><td class=\"has-text-align-left\" data-align=\"left\">9.30 \u2013 11.30 <\/td><\/tr><tr><td><br><strong>2011011201<\/strong><\/td><td class=\"has-text-align-left\" data-align=\"left\"><strong><a href=\"https:\/\/aplicacions.gestioeducativa.gencat.cat\/ords\/pls\/soloas\/pk_for_mod_ins.p_for_detall_activitat?p_header=Llista%20d%27activitats^pk_for_mod_ins.p_for_cons_activitats?p_crp=201%26p_any=2026-2027%26p_totes=s%26p_inici=11%26p_excloure_crp_rec=F&amp;p_codi=2011011201&amp;p_curs=2026-2027&amp;p_excloure_crp_rec=F\">Direccions de secund\u00e0ria<\/a><\/strong> <\/td><td class=\"has-text-align-left\" data-align=\"left\"><strong>Dijous<\/strong><\/td><td class=\"has-text-align-left\" data-align=\"left\">9.30 \u2013 11.30 <\/td><\/tr><tr><td><\/td><td class=\"has-text-align-left\" data-align=\"left\"><strong><a href=\"https:\/\/aplicacions.gestioeducativa.gencat.cat\/ords\/pls\/soloas\/pk_for_mod_ins.p_for_detall_activitat?p_header=Llista%20d%27activitats^pk_for_mod_ins.p_for_cons_activitats?p_crp=201%26p_any=2026-2027%26p_totes=s%26p_inici=11%26p_excloure_crp_rec=F&amp;p_codi=2011021201&amp;p_curs=2026-2027&amp;p_excloure_crp_rec=F\">Caps d\u2019estudis de prim\u00e0ria<\/a><\/strong><\/td><td class=\"has-text-align-left\" data-align=\"left\"><strong>Dimecres<\/strong><\/td><td class=\"has-text-align-left\" data-align=\"left\">9.00 \u2013 11.00 <\/td><\/tr><tr><td><br><strong>2011021201<\/strong><\/td><td class=\"has-text-align-left\" data-align=\"left\"><strong><a href=\"https:\/\/aplicacions.gestioeducativa.gencat.cat\/ords\/pls\/soloas\/pk_for_mod_ins.p_for_detall_activitat?p_header=Llista%20d%27activitats^pk_for_mod_ins.p_for_cons_activitats?p_crp=201%26p_any=2026-2027%26p_totes=s%26p_inici=11%26p_excloure_crp_rec=F&amp;p_codi=2011031201&amp;p_curs=2026-2027&amp;p_excloure_crp_rec=F\">Secretaris\/\u00e0ries de prim\u00e0ria i secund\u00e0ria<\/a><\/strong><\/td><td class=\"has-text-align-left\" data-align=\"left\"><strong>Dimarts<\/strong><\/td><td class=\"has-text-align-left\" data-align=\"left\">9.00 \u2013 11.00 <\/td><\/tr><tr><td>\u00a0<br><strong>2011051201<\/strong><\/td><td class=\"has-text-align-left\" data-align=\"left\"><strong><a href=\"https:\/\/aplicacions.gestioeducativa.gencat.cat\/ords\/pls\/soloas\/pk_for_mod_ins.p_for_detall_activitat?p_header=Llista%20d%27activitats^pk_for_mod_ins.p_for_cons_activitats?p_crp=201%26p_any=2026-2027%26p_totes=s%26p_inici=11%26p_excloure_crp_rec=F&amp;p_codi=2011051201&amp;p_curs=2026-2027&amp;p_excloure_crp_rec=F\">Biblioteques escolars de l\u2019Alt Pened\u00e8s<\/a><\/strong><\/td><td class=\"has-text-align-left\" data-align=\"left\"><strong>Dimarts<\/strong><\/td><td class=\"has-text-align-left\" data-align=\"left\">17.30 \u2013 19.30 <\/td><\/tr><tr><td><br><strong>2011041201<\/strong><\/td><td class=\"has-text-align-left\" data-align=\"left\"><strong><a href=\"https:\/\/aplicacions.gestioeducativa.gencat.cat\/ords\/pls\/soloas\/pk_for_mod_ins.p_for_detall_activitat?p_header=Llista%20d%27activitats^pk_for_mod_ins.p_for_cons_activitats?p_crp=201%26p_any=2026-2027%26p_totes=s%26p_inici=11%26p_excloure_crp_rec=F&amp;p_codi=2011041201&amp;p_curs=2026-2027&amp;p_excloure_crp_rec=F\">Coordinaci\u00f3 prim\u00e0ria &#8211; secund\u00e0ria<\/a><\/strong><\/td><td class=\"has-text-align-left\" data-align=\"left\"><strong>Dimecres<\/strong><\/td><td class=\"has-text-align-left\" data-align=\"left\">17.30 \u2013 19.30 <\/td><\/tr><tr><td><br><strong>2011091201<\/strong><\/td><td class=\"has-text-align-left\" data-align=\"left\"><strong><a href=\"https:\/\/aplicacions.gestioeducativa.gencat.cat\/ords\/pls\/soloas\/pk_for_mod_ins.p_for_detall_activitat?p_header=Llista%20d%27activitats^pk_for_mod_ins.p_for_cons_activitats?p_crp=201%26p_any=2026-2027%26p_totes=s%26p_inici=21%26p_excloure_crp_rec=F&amp;p_codi=2011091201&amp;p_curs=2026-2027&amp;p_excloure_crp_rec=F\">Orientadors i orientadores de secund\u00e0ria<\/a><\/strong><\/td><td class=\"has-text-align-left\" data-align=\"left\"><strong>Dilluns<\/strong><\/td><td class=\"has-text-align-left\" data-align=\"left\">17.30 \u2013 19.30 <\/td><\/tr><tr><td><br><strong>2011200519<\/strong><\/td><td class=\"has-text-align-left\" data-align=\"left\"><strong><a href=\"https:\/\/aplicacions.gestioeducativa.gencat.cat\/ords\/pls\/soloas\/pk_for_mod_ins.p_for_detall_activitat?p_header=Llista%20d%27activitats^pk_for_mod_ins.p_for_cons_activitats?p_crp=201%26p_any=2026-2027%26p_totes=s%26p_inici=21%26p_excloure_crp_rec=F&amp;p_codi=2011200519&amp;p_curs=2026-2027&amp;p_excloure_crp_rec=F\">Coordinadors\/es de coeducaci\u00f3, conviv\u00e8ncia i benestar<\/a><\/strong><\/td><td class=\"has-text-align-left\" data-align=\"left\"><strong>Dimecres<\/strong><\/td><td class=\"has-text-align-left\" data-align=\"left\">17.30 \u2013 19.30 <\/td><\/tr><tr><td><br><strong>2011160529\u00a0<\/strong><\/td><td class=\"has-text-align-left\" data-align=\"left\"><strong><a href=\"https:\/\/aplicacions.gestioeducativa.gencat.cat\/ords\/pls\/soloas\/pk_for_mod_ins.p_for_detall_activitat?p_header=Llista%20d%27activitats^pk_for_mod_ins.p_for_cons_activitats?p_crp=201%26p_any=2026-2027%26p_totes=s%26p_inici=21%26p_excloure_crp_rec=F&amp;p_codi=2011160529&amp;p_curs=2026-2027&amp;p_excloure_crp_rec=F\">Xarxa Territorial de Cultura Digital<\/a><\/strong><\/td><td class=\"has-text-align-left\" data-align=\"left\"><strong>Dilluns<\/strong><\/td><td class=\"has-text-align-left\" data-align=\"left\">11.30 &#8211; 13.30<\/td><\/tr><tr><td><br><strong>2013160555<\/strong><\/td><td class=\"has-text-align-left\" data-align=\"left\"><strong><a href=\"https:\/\/aplicacions.gestioeducativa.gencat.cat\/ords\/pls\/soloas\/pk_for_mod_ins.p_for_detall_activitat?p_header=Llista%20d%27activitats^pk_for_mod_ins.p_for_cons_activitats?p_crp=201%26p_any=2026-2027%26p_totes=s%26p_inici=41%26p_excloure_crp_rec=F&amp;p_codi=2013160555&amp;p_curs=2026-2027&amp;p_excloure_crp_rec=F\">Seminari d&#8217;acompanyament i seguiment del tutor d&#8217;AA i el CLIC de centre<\/a><\/strong><\/td><td class=\"has-text-align-left\" data-align=\"left\"><strong>Divendres<\/strong><\/td><td class=\"has-text-align-left\" data-align=\"left\">12.00 &#8211; 14.00<\/td><\/tr><\/tbody><\/table><\/figure>\n\n\n\n<p>\ud83d\udc49 <a href=\"https:\/\/aplicacions.gestioeducativa.gencat.cat\/ords\/pls\/soloas\/pk_for_mod_ins.p_for_cons_activitats?p_any=2026-2027&amp;p_totes=s&amp;p_crp=201\"><strong>Consulta l\u2019oferta formativa i inscriu-t\u2019hi<\/strong><\/a><\/p>\n\n\n\n<p><\/p>\n","protected":false},"excerpt":{"rendered":"<p>Ja podeu inscriure-us als seminaris de coordinaci\u00f3 del Pla de Formaci\u00f3 de Zona (PFZ) de l\u2019Alt Pened\u00e8s per al curs [&hellip;]<\/p>\n","protected":false},"author":6,"featured_media":0,"comment_status":"open","ping_status":"open","sticky":false,"template":"","format":"standard","meta":{"site-sidebar-layout":"default","site-content-layout":"","ast-site-content-layout":"default","site-content-style":"default","site-sidebar-style":"default","ast-global-header-display":"","ast-banner-title-visibility":"","ast-main-header-display":"","ast-hfb-above-header-display":"","ast-hfb-below-header-display":"","ast-hfb-mobile-header-display":"","site-post-title":"","ast-breadcrumbs-content":"","ast-featured-img":"","footer-sml-layout":"","theme-transparent-header-meta":"","adv-header-id-meta":"","stick-header-meta":"","header-above-stick-meta":"","header-main-stick-meta":"","header-below-stick-meta":"","astra-migrate-meta-layouts":"set","ast-page-background-enabled":"default","ast-page-background-meta":{"desktop":{"background-color":"var(--ast-global-color-4)","background-image":"","background-repeat":"repeat","background-position":"center center","background-size":"auto","background-attachment":"scroll","background-type":"","background-media":"","overlay-type":"","overlay-color":"","overlay-opacity":"","overlay-gradient":""},"tablet":{"background-color":"","background-image":"","background-repeat":"repeat","background-position":"center center","background-size":"auto","background-attachment":"scroll","background-type":"","background-media":"","overlay-type":"","overlay-color":"","overlay-opacity":"","overlay-gradient":""},"mobile":{"background-color":"","background-image":"","background-repeat":"repeat","background-position":"center center","background-size":"auto","background-attachment":"scroll","background-type":"","background-media":"","overlay-type":"","overlay-color":"","overlay-opacity":"","overlay-gradient":""}},"ast-content-background-meta":{"desktop":{"background-color":"var(--ast-global-color-5)","background-image":"","background-repeat":"repeat","background-position":"center center","background-size":"auto","background-attachment":"scroll","background-type":"","background-media":"","overlay-type":"","overlay-color":"","overlay-opacity":"","overlay-gradient":""},"tablet":{"background-color":"var(--ast-global-color-5)","background-image":"","background-repeat":"repeat","background-position":"center center","background-size":"auto","background-attachment":"scroll","background-type":"","background-media":"","overlay-type":"","overlay-color":"","overlay-opacity":"","overlay-gradient":""},"mobile":{"background-color":"var(--ast-global-color-5)","background-image":"","background-repeat":"repeat","background-position":"center center","background-size":"auto","background-attachment":"scroll","background-type":"","background-media":"","overlay-type":"","overlay-color":"","overlay-opacity":"","overlay-gradient":""}},"footnotes":""},"categories":[1],"tags":[],"class_list":["post-16458","post","type-post","status-publish","format-standard","hentry","category-general"],"post_mailing_queue_ids":[],"_links":{"self":[{"href":"https:\/\/serveiseducatius.xtec.cat\/altpenedes\/wp-json\/wp\/v2\/posts\/16458","targetHints":{"allow":["GET"]}}],"collection":[{"href":"https:\/\/serveiseducatius.xtec.cat\/altpenedes\/wp-json\/wp\/v2\/posts"}],"about":[{"href":"https:\/\/serveiseducatius.xtec.cat\/altpenedes\/wp-json\/wp\/v2\/types\/post"}],"author":[{"embeddable":true,"href":"https:\/\/serveiseducatius.xtec.cat\/altpenedes\/wp-json\/wp\/v2\/users\/6"}],"replies":[{"embeddable":true,"href":"https:\/\/serveiseducatius.xtec.cat\/altpenedes\/wp-json\/wp\/v2\/comments?post=16458"}],"version-history":[{"count":6,"href":"https:\/\/serveiseducatius.xtec.cat\/altpenedes\/wp-json\/wp\/v2\/posts\/16458\/revisions"}],"predecessor-version":[{"id":16469,"href":"https:\/\/serveiseducatius.xtec.cat\/altpenedes\/wp-json\/wp\/v2\/posts\/16458\/revisions\/16469"}],"wp:attachment":[{"href":"https:\/\/serveiseducatius.xtec.cat\/altpenedes\/wp-json\/wp\/v2\/media?parent=16458"}],"wp:term":[{"taxonomy":"category","embeddable":true,"href":"https:\/\/serveiseducatius.xtec.cat\/altpenedes\/wp-json\/wp\/v2\/categories?post=16458"},{"taxonomy":"post_tag","embeddable":true,"href":"https:\/\/serveiseducatius.xtec.cat\/altpenedes\/wp-json\/wp\/v2\/tags?post=16458"}],"curies":[{"name":"wp","href":"https:\/\/api.w.org\/{rel}","templated":true}]}}