{"id":16436,"date":"2026-09-02T14:24:38","date_gmt":"2026-09-02T12:24:38","guid":{"rendered":"https:\/\/serveiseducatius.xtec.cat\/altpenedes\/?p=16436"},"modified":"2026-09-02T14:27:17","modified_gmt":"2026-09-02T12:27:17","slug":"ia-a-laula","status":"publish","type":"post","link":"https:\/\/serveiseducatius.xtec.cat\/altpenedes\/portada\/ia-a-laula\/","title":{"rendered":"IA a l&#8217;aula"},"content":{"rendered":"<p class=\"isSelectedEnd\">Dins del Pla de formaci\u00f3 de zona de l\u2019Alt Pened\u00e8s s&#8217;ofereixen dues activitats per con\u00e8ixer les possibilitats de la IA aplicada a la doc\u00e8ncia i, sobretot, per comen\u00e7ar a utilitzar-la amb criteri i sentit educatiu.<\/p>\n<p>La proposta combina <strong>una confer\u00e8ncia introduct\u00f2ria i un taller pr\u00e0ctic de 20 hores<\/strong>, dues activitats complement\u00e0ries que permetran al professorat apropar-se a diferents eines i descobrir com poden facilitar algunes tasques de la pr\u00e0ctica docent.<\/p>\n<p>Les dues propostes estan adre\u00e7ades a docents d\u2019educaci\u00f3 infantil, prim\u00e0ria i secund\u00e0ria interessats a integrar la IA en la seva pr\u00e0ctica professional. Teniu acc\u00e9s a la inscripci\u00f3 en els seg\u00fcents enlla\u00e7os:<\/p>\n<figure id=\"attachment_16440\" aria-describedby=\"caption-attachment-16440\" style=\"width: 250px\" class=\"wp-caption alignright\"><a href=\"https:\/\/commons.wikimedia.org\/wiki\/File:Dall-e_3_(jan_%2724)_artificial_intelligence_icon.png\" target=\"_blank\" rel=\"noopener\"><img loading=\"lazy\" decoding=\"async\" class=\"wp-image-16440 size-full\" src=\"https:\/\/serveiseducatius.xtec.cat\/altpenedes\/wp-content\/uploads\/usu763\/2026\/09\/Dall-e_3_jan_24_artificial_intelligence_icon.png\" alt=\"\" width=\"250\" height=\"250\" srcset=\"https:\/\/serveiseducatius.xtec.cat\/altpenedes\/wp-content\/uploads\/usu763\/2026\/09\/Dall-e_3_jan_24_artificial_intelligence_icon.png 250w, https:\/\/serveiseducatius.xtec.cat\/altpenedes\/wp-content\/uploads\/usu763\/2026\/09\/Dall-e_3_jan_24_artificial_intelligence_icon-150x150.png 150w\" sizes=\"auto, (max-width: 250px) 100vw, 250px\" \/><\/a><figcaption id=\"caption-attachment-16440\" class=\"wp-caption-text\">Font: Viquip\u00e8dia<\/figcaption><\/figure>\n<p><a href=\"https:\/\/aplicacions.gestioeducativa.gencat.cat\/ords\/pls\/soloas\/pk_for_mod_ins.p_for_detall_activitat?p_header=Llista%20d%27activitats^pk_for_mod_ins.p_for_cons_activitats?p_crp=201%26p_any=2026-2027%26p_totes=s%26p_inici=1%26p_excloure_crp_rec=F&amp;p_codi=2010741201&amp;p_curs=2026-2027&amp;p_es_inscr=S\" target=\"_blank\" rel=\"noopener\">2010741201 IA per planificar, personalitzar i avaluar<\/a><br \/>\n<strong>Confer\u00e8ncia.<\/strong> Internivells: Ed. Infantil-Prim\u00e0ria-Secund\u00e0ria<br \/>\n8\/10\/2026 (2 hores) de 17:30h a 19:30h<\/p>\n<p><a href=\"https:\/\/aplicacions.gestioeducativa.gencat.cat\/ords\/pls\/soloas\/pk_for_mod_ins.p_for_detall_activitat?p_header=Llista%20d%27activitats^pk_for_mod_ins.p_for_cons_activitats?p_crp=201%26p_any=2026-2027%26p_totes=s%26p_inici=11%26p_excloure_crp_rec=F&amp;p_codi=2010961201&amp;p_curs=2026-2027&amp;p_es_inscr=S\" target=\"_blank\" rel=\"noopener\">2010961201 IA pr\u00e0ctica en doc\u00e8ncia<\/a><br \/>\n<strong>Taller.<\/strong> Internivells: Ed. Prim\u00e0ria-Secund\u00e0ria-Formaci\u00f3 Profess.<br \/>\nDel 22\/10\/2026 al 26\/11\/2026 ( 20 hores &#8211; 6 sessions ) de 17:30h a 19:30h<\/p>\n","protected":false},"excerpt":{"rendered":"<p>Dues activitats complement\u00e0ries &#8211; confer\u00e8ncia i taller de 20 hores &#8211;  adre\u00e7ades a docents d\u2019educaci\u00f3 infantil, prim\u00e0ria i secund\u00e0ria per con\u00e8ixer les possibilitats de la IA aplicada a la doc\u00e8ncia i, sobretot, per comen\u00e7ar a utilitzar-la amb criteri i sentit educatiu.<\/p>\n","protected":false},"author":6,"featured_media":16440,"comment_status":"open","ping_status":"open","sticky":false,"template":"","format":"standard","meta":{"site-sidebar-layout":"default","site-content-layout":"","ast-site-content-layout":"default","site-content-style":"default","site-sidebar-style":"default","ast-global-header-display":"","ast-banner-title-visibility":"","ast-main-header-display":"","ast-hfb-above-header-display":"","ast-hfb-below-header-display":"","ast-hfb-mobile-header-display":"","site-post-title":"","ast-breadcrumbs-content":"","ast-featured-img":"","footer-sml-layout":"","theme-transparent-header-meta":"","adv-header-id-meta":"","stick-header-meta":"","header-above-stick-meta":"","header-main-stick-meta":"","header-below-stick-meta":"","astra-migrate-meta-layouts":"set","ast-page-background-enabled":"default","ast-page-background-meta":{"desktop":{"background-color":"var(--ast-global-color-4)","background-image":"","background-repeat":"repeat","background-position":"center center","background-size":"auto","background-attachment":"scroll","background-type":"","background-media":"","overlay-type":"","overlay-color":"","overlay-opacity":"","overlay-gradient":""},"tablet":{"background-color":"","background-image":"","background-repeat":"repeat","background-position":"center center","background-size":"auto","background-attachment":"scroll","background-type":"","background-media":"","overlay-type":"","overlay-color":"","overlay-opacity":"","overlay-gradient":""},"mobile":{"background-color":"","background-image":"","background-repeat":"repeat","background-position":"center center","background-size":"auto","background-attachment":"scroll","background-type":"","background-media":"","overlay-type":"","overlay-color":"","overlay-opacity":"","overlay-gradient":""}},"ast-content-background-meta":{"desktop":{"background-color":"var(--ast-global-color-5)","background-image":"","background-repeat":"repeat","background-position":"center center","background-size":"auto","background-attachment":"scroll","background-type":"","background-media":"","overlay-type":"","overlay-color":"","overlay-opacity":"","overlay-gradient":""},"tablet":{"background-color":"var(--ast-global-color-5)","background-image":"","background-repeat":"repeat","background-position":"center center","background-size":"auto","background-attachment":"scroll","background-type":"","background-media":"","overlay-type":"","overlay-color":"","overlay-opacity":"","overlay-gradient":""},"mobile":{"background-color":"var(--ast-global-color-5)","background-image":"","background-repeat":"repeat","background-position":"center center","background-size":"auto","background-attachment":"scroll","background-type":"","background-media":"","overlay-type":"","overlay-color":"","overlay-opacity":"","overlay-gradient":""}},"footnotes":""},"categories":[29],"tags":[900],"class_list":["post-16436","post","type-post","status-publish","format-standard","has-post-thumbnail","hentry","category-portada","tag-curs-2026-2027"],"post_mailing_queue_ids":[],"_links":{"self":[{"href":"https:\/\/serveiseducatius.xtec.cat\/altpenedes\/wp-json\/wp\/v2\/posts\/16436","targetHints":{"allow":["GET"]}}],"collection":[{"href":"https:\/\/serveiseducatius.xtec.cat\/altpenedes\/wp-json\/wp\/v2\/posts"}],"about":[{"href":"https:\/\/serveiseducatius.xtec.cat\/altpenedes\/wp-json\/wp\/v2\/types\/post"}],"author":[{"embeddable":true,"href":"https:\/\/serveiseducatius.xtec.cat\/altpenedes\/wp-json\/wp\/v2\/users\/6"}],"replies":[{"embeddable":true,"href":"https:\/\/serveiseducatius.xtec.cat\/altpenedes\/wp-json\/wp\/v2\/comments?post=16436"}],"version-history":[{"count":2,"href":"https:\/\/serveiseducatius.xtec.cat\/altpenedes\/wp-json\/wp\/v2\/posts\/16436\/revisions"}],"predecessor-version":[{"id":16443,"href":"https:\/\/serveiseducatius.xtec.cat\/altpenedes\/wp-json\/wp\/v2\/posts\/16436\/revisions\/16443"}],"wp:featuredmedia":[{"embeddable":true,"href":"https:\/\/serveiseducatius.xtec.cat\/altpenedes\/wp-json\/wp\/v2\/media\/16440"}],"wp:attachment":[{"href":"https:\/\/serveiseducatius.xtec.cat\/altpenedes\/wp-json\/wp\/v2\/media?parent=16436"}],"wp:term":[{"taxonomy":"category","embeddable":true,"href":"https:\/\/serveiseducatius.xtec.cat\/altpenedes\/wp-json\/wp\/v2\/categories?post=16436"},{"taxonomy":"post_tag","embeddable":true,"href":"https:\/\/serveiseducatius.xtec.cat\/altpenedes\/wp-json\/wp\/v2\/tags?post=16436"}],"curies":[{"name":"wp","href":"https:\/\/api.w.org\/{rel}","templated":true}]}}