{"id":16115,"date":"2026-04-15T13:48:40","date_gmt":"2026-04-15T11:48:40","guid":{"rendered":"https:\/\/serveiseducatius.xtec.cat\/altpenedes\/?p=16115"},"modified":"2026-04-15T14:02:48","modified_gmt":"2026-04-15T12:02:48","slug":"la-biblioteca-ramon-bosch-de-noya-acull-el-seminari-de-tutors-daa-i-clics","status":"publish","type":"post","link":"https:\/\/serveiseducatius.xtec.cat\/altpenedes\/general\/la-biblioteca-ramon-bosch-de-noya-acull-el-seminari-de-tutors-daa-i-clics\/","title":{"rendered":"La Biblioteca Ramon Bosch de Noya acull el seminari de tutors d&#8217;AA i CLICs"},"content":{"rendered":"\n<p>El divendres 10 d\u2019abril, els tutors d\u2019Aula d\u2019Acollida i els CLIC dels centres educatius es van despla\u00e7ar a la Biblioteca Ramon Bosch de Noya de Sant Sadurn\u00ed per participar en una jornada d\u2019intercanvi d\u2019experi\u00e8ncies.<\/p>\n\n\n\n<p>La trobada es va iniciar amb la benvinguda de la directora de la biblioteca, M. Gl\u00f2ria Bricoll\u00e9, que va fer una breu introducci\u00f3 sobre la hist\u00f2ria de l\u2019edifici. Tot seguit, es va dur a terme una visita guiada per les instal\u00b7lacions, durant la qual es van presentar les diferents seccions de la biblioteca i la variada oferta d\u2019activitats adre\u00e7ades a la ciutadania de totes les edats. Cal destacar tamb\u00e9 la  diversitat del fons de lectura f\u00e0cil, especialment \u00fatil per als aprenents de la llengua catalana.   <\/p>\n\n\n\n<p>A la sala d\u2019actes, els tutors d\u2019Aula d\u2019Acollida i els CLIC van fer una roda d\u2019intervencions en qu\u00e8 van compartir diverses experi\u00e8ncies i activitats destacades orientades a treballar i fomentar l\u2019\u00fas del catal\u00e0 al llarg del curs. Totes les activitats exposades les podeu trobar recollides al  padlet  <strong><a href=\"https:\/\/padlet.com\/elicaltpenedes\/experi-ncies-que-sumen-seminari-de-tutors-d-aa-i-clic-de-cen-h7rludd5qei1e0sm\" data-type=\"link\" data-id=\"https:\/\/padlet.com\/elicaltpenedes\/experi-ncies-que-sumen-seminari-de-tutors-d-aa-i-clic-de-cen-h7rludd5qei1e0sm\"> Experi\u00e8ncies que sumen. Seminari de tutors d&#8217;AA i CLICs de centre<\/a><\/strong>. Les propostes presentades es poden agrupar en diferents tipologies: activitats desenvolupades dins l\u2019Aula d\u2019Acollida, iniciatives realitzades durant l\u2019estona del pati, accions visibles en espais comuns del centre educatiu, i projectes de car\u00e0cter transversal que interpel\u00b7len el conjunt del centre a mantenir una l\u00ednia did\u00e0ctica coherent en la promoci\u00f3 de la llengua. Tamb\u00e9 podreu trobar la presentaci\u00f3  a  l&#8217;apartat  del<a href=\"https:\/\/serveiseducatius.xtec.cat\/altpenedes\/general\/seminari-de-coordinacio-tutors-daula-dacollida-i-clics-de-centre-2025-26\/\" data-type=\"link\" data-id=\"https:\/\/serveiseducatius.xtec.cat\/altpenedes\/general\/seminari-de-coordinacio-tutors-daula-dacollida-i-clics-de-centre-2025-26\/\"> seminari de tutors d&#8217;AA i CLICs<\/a>. <\/p>\n\n\n\n<p>La jornada es va cloure amb una visita a l\u2019espai infantil de la biblioteca. Els docents van valorar molt positivament la celebraci\u00f3 del seminari a Sant Sadurn\u00ed.<\/p>\n\n\n\n<div class=\"wp-block-getwid-images-slider has-arrows-inside has-dots-inside has-images-top\"><div class=\"wp-block-getwid-images-slider__wrapper\" data-effect=\"fade\" data-slides-show=\"1\" data-slides-show-laptop=\"1\" data-slides-show-tablet=\"1\" data-slides-show-mobile=\"1\" data-slides-scroll=\"1\" data-autoplay=\"false\" data-pause-hover=\"false\" data-autoplay-speed=\"6000\" data-infinite=\"true\" data-animation-speed=\"800\" data-center-mode=\"true\" data-variable-width=\"false\" data-arrows=\"inside\" data-dots=\"inside\" data-spacing=\"none\"><div class=\"wp-block-getwid-images-slider__item\"><figure><img loading=\"lazy\" decoding=\"async\" width=\"768\" height=\"576\" src=\"https:\/\/serveiseducatius.xtec.cat\/altpenedes\/wp-content\/uploads\/usu763\/2026\/04\/WhatsApp-Image-2026-04-10-at-15.17.29-1-1-768x576.jpeg\" alt=\"\" data-id=\"16131\" data-link=\"https:\/\/serveiseducatius.xtec.cat\/altpenedes\/general\/la-biblioteca-ramon-bosch-de-noya-acull-el-seminari-de-tutors-daa-i-clics\/attachment\/whatsapp-image-2026-04-10-at-15-17-29-1-2\/\" data-original-link=\"https:\/\/serveiseducatius.xtec.cat\/altpenedes\/wp-content\/uploads\/usu763\/2026\/04\/WhatsApp-Image-2026-04-10-at-15.17.29-1-1.jpeg\" class=\"wp-block-getwid-images-slider__image wp-image-16131\" srcset=\"https:\/\/serveiseducatius.xtec.cat\/altpenedes\/wp-content\/uploads\/usu763\/2026\/04\/WhatsApp-Image-2026-04-10-at-15.17.29-1-1-768x576.jpeg 768w, https:\/\/serveiseducatius.xtec.cat\/altpenedes\/wp-content\/uploads\/usu763\/2026\/04\/WhatsApp-Image-2026-04-10-at-15.17.29-1-1-300x225.jpeg 300w, https:\/\/serveiseducatius.xtec.cat\/altpenedes\/wp-content\/uploads\/usu763\/2026\/04\/WhatsApp-Image-2026-04-10-at-15.17.29-1-1-1024x768.jpeg 1024w, https:\/\/serveiseducatius.xtec.cat\/altpenedes\/wp-content\/uploads\/usu763\/2026\/04\/WhatsApp-Image-2026-04-10-at-15.17.29-1-1-150x113.jpeg 150w, https:\/\/serveiseducatius.xtec.cat\/altpenedes\/wp-content\/uploads\/usu763\/2026\/04\/WhatsApp-Image-2026-04-10-at-15.17.29-1-1-1536x1152.jpeg 1536w, https:\/\/serveiseducatius.xtec.cat\/altpenedes\/wp-content\/uploads\/usu763\/2026\/04\/WhatsApp-Image-2026-04-10-at-15.17.29-1-1.jpeg 2048w\" sizes=\"auto, (max-width: 768px) 100vw, 768px\" \/><\/figure><\/div><div class=\"wp-block-getwid-images-slider__item\"><figure><img loading=\"lazy\" decoding=\"async\" width=\"768\" height=\"576\" src=\"https:\/\/serveiseducatius.xtec.cat\/altpenedes\/wp-content\/uploads\/usu763\/2026\/04\/WhatsApp-Image-2026-04-10-at-15.17.25-3-768x576.jpeg\" alt=\"\" data-id=\"16132\" data-link=\"https:\/\/serveiseducatius.xtec.cat\/altpenedes\/general\/la-biblioteca-ramon-bosch-de-noya-acull-el-seminari-de-tutors-daa-i-clics\/attachment\/whatsapp-image-2026-04-10-at-15-17-25-4\/\" data-original-link=\"https:\/\/serveiseducatius.xtec.cat\/altpenedes\/wp-content\/uploads\/usu763\/2026\/04\/WhatsApp-Image-2026-04-10-at-15.17.25-3.jpeg\" class=\"wp-block-getwid-images-slider__image wp-image-16132\" srcset=\"https:\/\/serveiseducatius.xtec.cat\/altpenedes\/wp-content\/uploads\/usu763\/2026\/04\/WhatsApp-Image-2026-04-10-at-15.17.25-3-768x576.jpeg 768w, https:\/\/serveiseducatius.xtec.cat\/altpenedes\/wp-content\/uploads\/usu763\/2026\/04\/WhatsApp-Image-2026-04-10-at-15.17.25-3-300x225.jpeg 300w, https:\/\/serveiseducatius.xtec.cat\/altpenedes\/wp-content\/uploads\/usu763\/2026\/04\/WhatsApp-Image-2026-04-10-at-15.17.25-3-1024x768.jpeg 1024w, https:\/\/serveiseducatius.xtec.cat\/altpenedes\/wp-content\/uploads\/usu763\/2026\/04\/WhatsApp-Image-2026-04-10-at-15.17.25-3-150x113.jpeg 150w, https:\/\/serveiseducatius.xtec.cat\/altpenedes\/wp-content\/uploads\/usu763\/2026\/04\/WhatsApp-Image-2026-04-10-at-15.17.25-3-1536x1152.jpeg 1536w, https:\/\/serveiseducatius.xtec.cat\/altpenedes\/wp-content\/uploads\/usu763\/2026\/04\/WhatsApp-Image-2026-04-10-at-15.17.25-3.jpeg 2048w\" sizes=\"auto, (max-width: 768px) 100vw, 768px\" \/><\/figure><\/div><div class=\"wp-block-getwid-images-slider__item\"><figure><img loading=\"lazy\" decoding=\"async\" width=\"768\" height=\"1024\" src=\"https:\/\/serveiseducatius.xtec.cat\/altpenedes\/wp-content\/uploads\/usu763\/2026\/04\/WhatsApp-Image-2026-04-10-at-15.17.29-2-768x1024.jpeg\" alt=\"\" data-id=\"16133\" data-link=\"https:\/\/serveiseducatius.xtec.cat\/altpenedes\/general\/la-biblioteca-ramon-bosch-de-noya-acull-el-seminari-de-tutors-daa-i-clics\/attachment\/whatsapp-image-2026-04-10-at-15-17-29-2\/\" data-original-link=\"https:\/\/serveiseducatius.xtec.cat\/altpenedes\/wp-content\/uploads\/usu763\/2026\/04\/WhatsApp-Image-2026-04-10-at-15.17.29-2.jpeg\" class=\"wp-block-getwid-images-slider__image wp-image-16133\" srcset=\"https:\/\/serveiseducatius.xtec.cat\/altpenedes\/wp-content\/uploads\/usu763\/2026\/04\/WhatsApp-Image-2026-04-10-at-15.17.29-2-768x1024.jpeg 768w, https:\/\/serveiseducatius.xtec.cat\/altpenedes\/wp-content\/uploads\/usu763\/2026\/04\/WhatsApp-Image-2026-04-10-at-15.17.29-2-225x300.jpeg 225w, https:\/\/serveiseducatius.xtec.cat\/altpenedes\/wp-content\/uploads\/usu763\/2026\/04\/WhatsApp-Image-2026-04-10-at-15.17.29-2-113x150.jpeg 113w, https:\/\/serveiseducatius.xtec.cat\/altpenedes\/wp-content\/uploads\/usu763\/2026\/04\/WhatsApp-Image-2026-04-10-at-15.17.29-2-1152x1536.jpeg 1152w, https:\/\/serveiseducatius.xtec.cat\/altpenedes\/wp-content\/uploads\/usu763\/2026\/04\/WhatsApp-Image-2026-04-10-at-15.17.29-2.jpeg 1536w\" sizes=\"auto, (max-width: 768px) 100vw, 768px\" \/><\/figure><\/div><div class=\"wp-block-getwid-images-slider__item\"><figure><img loading=\"lazy\" decoding=\"async\" width=\"768\" height=\"576\" src=\"https:\/\/serveiseducatius.xtec.cat\/altpenedes\/wp-content\/uploads\/usu763\/2026\/04\/WhatsApp-Image-2026-04-10-at-15.04.46-2-768x576.jpeg\" alt=\"\" data-id=\"16134\" data-link=\"https:\/\/serveiseducatius.xtec.cat\/altpenedes\/general\/la-biblioteca-ramon-bosch-de-noya-acull-el-seminari-de-tutors-daa-i-clics\/attachment\/whatsapp-image-2026-04-10-at-15-04-46-3\/\" data-original-link=\"https:\/\/serveiseducatius.xtec.cat\/altpenedes\/wp-content\/uploads\/usu763\/2026\/04\/WhatsApp-Image-2026-04-10-at-15.04.46-2.jpeg\" class=\"wp-block-getwid-images-slider__image wp-image-16134\" srcset=\"https:\/\/serveiseducatius.xtec.cat\/altpenedes\/wp-content\/uploads\/usu763\/2026\/04\/WhatsApp-Image-2026-04-10-at-15.04.46-2-768x576.jpeg 768w, https:\/\/serveiseducatius.xtec.cat\/altpenedes\/wp-content\/uploads\/usu763\/2026\/04\/WhatsApp-Image-2026-04-10-at-15.04.46-2-300x225.jpeg 300w, https:\/\/serveiseducatius.xtec.cat\/altpenedes\/wp-content\/uploads\/usu763\/2026\/04\/WhatsApp-Image-2026-04-10-at-15.04.46-2-1024x768.jpeg 1024w, https:\/\/serveiseducatius.xtec.cat\/altpenedes\/wp-content\/uploads\/usu763\/2026\/04\/WhatsApp-Image-2026-04-10-at-15.04.46-2-150x113.jpeg 150w, https:\/\/serveiseducatius.xtec.cat\/altpenedes\/wp-content\/uploads\/usu763\/2026\/04\/WhatsApp-Image-2026-04-10-at-15.04.46-2-1536x1152.jpeg 1536w, https:\/\/serveiseducatius.xtec.cat\/altpenedes\/wp-content\/uploads\/usu763\/2026\/04\/WhatsApp-Image-2026-04-10-at-15.04.46-2.jpeg 2048w\" sizes=\"auto, (max-width: 768px) 100vw, 768px\" \/><\/figure><\/div><div class=\"wp-block-getwid-images-slider__item\"><figure><img loading=\"lazy\" decoding=\"async\" width=\"768\" height=\"576\" src=\"https:\/\/serveiseducatius.xtec.cat\/altpenedes\/wp-content\/uploads\/usu763\/2026\/04\/WhatsApp-Image-2026-04-10-at-15.17.30-1-768x576.jpeg\" alt=\"\" data-id=\"16135\" data-link=\"https:\/\/serveiseducatius.xtec.cat\/altpenedes\/general\/la-biblioteca-ramon-bosch-de-noya-acull-el-seminari-de-tutors-daa-i-clics\/attachment\/whatsapp-image-2026-04-10-at-15-17-30-2\/\" data-original-link=\"https:\/\/serveiseducatius.xtec.cat\/altpenedes\/wp-content\/uploads\/usu763\/2026\/04\/WhatsApp-Image-2026-04-10-at-15.17.30-1.jpeg\" class=\"wp-block-getwid-images-slider__image wp-image-16135\" srcset=\"https:\/\/serveiseducatius.xtec.cat\/altpenedes\/wp-content\/uploads\/usu763\/2026\/04\/WhatsApp-Image-2026-04-10-at-15.17.30-1-768x576.jpeg 768w, https:\/\/serveiseducatius.xtec.cat\/altpenedes\/wp-content\/uploads\/usu763\/2026\/04\/WhatsApp-Image-2026-04-10-at-15.17.30-1-300x225.jpeg 300w, https:\/\/serveiseducatius.xtec.cat\/altpenedes\/wp-content\/uploads\/usu763\/2026\/04\/WhatsApp-Image-2026-04-10-at-15.17.30-1-1024x768.jpeg 1024w, https:\/\/serveiseducatius.xtec.cat\/altpenedes\/wp-content\/uploads\/usu763\/2026\/04\/WhatsApp-Image-2026-04-10-at-15.17.30-1-150x113.jpeg 150w, https:\/\/serveiseducatius.xtec.cat\/altpenedes\/wp-content\/uploads\/usu763\/2026\/04\/WhatsApp-Image-2026-04-10-at-15.17.30-1-1536x1152.jpeg 1536w, https:\/\/serveiseducatius.xtec.cat\/altpenedes\/wp-content\/uploads\/usu763\/2026\/04\/WhatsApp-Image-2026-04-10-at-15.17.30-1.jpeg 2048w\" sizes=\"auto, (max-width: 768px) 100vw, 768px\" \/><\/figure><\/div><div class=\"wp-block-getwid-images-slider__item\"><figure><img loading=\"lazy\" decoding=\"async\" width=\"768\" height=\"576\" src=\"https:\/\/serveiseducatius.xtec.cat\/altpenedes\/wp-content\/uploads\/usu763\/2026\/04\/WhatsApp-Image-2026-04-10-at-15.17.27-2-768x576.jpeg\" alt=\"\" data-id=\"16136\" data-link=\"https:\/\/serveiseducatius.xtec.cat\/altpenedes\/general\/la-biblioteca-ramon-bosch-de-noya-acull-el-seminari-de-tutors-daa-i-clics\/attachment\/whatsapp-image-2026-04-10-at-15-17-27-3\/\" data-original-link=\"https:\/\/serveiseducatius.xtec.cat\/altpenedes\/wp-content\/uploads\/usu763\/2026\/04\/WhatsApp-Image-2026-04-10-at-15.17.27-2.jpeg\" class=\"wp-block-getwid-images-slider__image wp-image-16136\" srcset=\"https:\/\/serveiseducatius.xtec.cat\/altpenedes\/wp-content\/uploads\/usu763\/2026\/04\/WhatsApp-Image-2026-04-10-at-15.17.27-2-768x576.jpeg 768w, https:\/\/serveiseducatius.xtec.cat\/altpenedes\/wp-content\/uploads\/usu763\/2026\/04\/WhatsApp-Image-2026-04-10-at-15.17.27-2-300x225.jpeg 300w, https:\/\/serveiseducatius.xtec.cat\/altpenedes\/wp-content\/uploads\/usu763\/2026\/04\/WhatsApp-Image-2026-04-10-at-15.17.27-2-1024x768.jpeg 1024w, https:\/\/serveiseducatius.xtec.cat\/altpenedes\/wp-content\/uploads\/usu763\/2026\/04\/WhatsApp-Image-2026-04-10-at-15.17.27-2-150x113.jpeg 150w, https:\/\/serveiseducatius.xtec.cat\/altpenedes\/wp-content\/uploads\/usu763\/2026\/04\/WhatsApp-Image-2026-04-10-at-15.17.27-2-1536x1152.jpeg 1536w, https:\/\/serveiseducatius.xtec.cat\/altpenedes\/wp-content\/uploads\/usu763\/2026\/04\/WhatsApp-Image-2026-04-10-at-15.17.27-2.jpeg 2048w\" sizes=\"auto, (max-width: 768px) 100vw, 768px\" \/><\/figure><\/div><div class=\"wp-block-getwid-images-slider__item\"><figure><img loading=\"lazy\" decoding=\"async\" width=\"768\" height=\"1024\" src=\"https:\/\/serveiseducatius.xtec.cat\/altpenedes\/wp-content\/uploads\/usu763\/2026\/04\/WhatsApp-Image-2026-04-10-at-15.17.28-1-768x1024.jpeg\" alt=\"\" data-id=\"16130\" data-link=\"https:\/\/serveiseducatius.xtec.cat\/altpenedes\/general\/la-biblioteca-ramon-bosch-de-noya-acull-el-seminari-de-tutors-daa-i-clics\/attachment\/whatsapp-image-2026-04-10-at-15-17-28-2\/\" data-original-link=\"https:\/\/serveiseducatius.xtec.cat\/altpenedes\/wp-content\/uploads\/usu763\/2026\/04\/WhatsApp-Image-2026-04-10-at-15.17.28-1.jpeg\" class=\"wp-block-getwid-images-slider__image wp-image-16130\" srcset=\"https:\/\/serveiseducatius.xtec.cat\/altpenedes\/wp-content\/uploads\/usu763\/2026\/04\/WhatsApp-Image-2026-04-10-at-15.17.28-1-768x1024.jpeg 768w, https:\/\/serveiseducatius.xtec.cat\/altpenedes\/wp-content\/uploads\/usu763\/2026\/04\/WhatsApp-Image-2026-04-10-at-15.17.28-1-225x300.jpeg 225w, https:\/\/serveiseducatius.xtec.cat\/altpenedes\/wp-content\/uploads\/usu763\/2026\/04\/WhatsApp-Image-2026-04-10-at-15.17.28-1-113x150.jpeg 113w, https:\/\/serveiseducatius.xtec.cat\/altpenedes\/wp-content\/uploads\/usu763\/2026\/04\/WhatsApp-Image-2026-04-10-at-15.17.28-1-1152x1536.jpeg 1152w, https:\/\/serveiseducatius.xtec.cat\/altpenedes\/wp-content\/uploads\/usu763\/2026\/04\/WhatsApp-Image-2026-04-10-at-15.17.28-1.jpeg 1536w\" sizes=\"auto, (max-width: 768px) 100vw, 768px\" \/><\/figure><\/div><\/div><\/div>\n","protected":false},"excerpt":{"rendered":"<p>El divendres 10 d\u2019abril, els tutors d\u2019Aula d\u2019Acollida i els CLIC dels centres educatius es van despla\u00e7ar a la Biblioteca Ramon Bosch de Noya de Sant Sadurn\u00ed per participar en una jornada d\u2019intercanvi d\u2019experi\u00e8ncies.<\/p>\n","protected":false},"author":25,"featured_media":16117,"comment_status":"open","ping_status":"open","sticky":false,"template":"","format":"standard","meta":{"site-sidebar-layout":"default","site-content-layout":"","ast-site-content-layout":"default","site-content-style":"default","site-sidebar-style":"default","ast-global-header-display":"","ast-banner-title-visibility":"","ast-main-header-display":"","ast-hfb-above-header-display":"","ast-hfb-below-header-display":"","ast-hfb-mobile-header-display":"","site-post-title":"","ast-breadcrumbs-content":"","ast-featured-img":"","footer-sml-layout":"","theme-transparent-header-meta":"","adv-header-id-meta":"","stick-header-meta":"","header-above-stick-meta":"","header-main-stick-meta":"","header-below-stick-meta":"","astra-migrate-meta-layouts":"set","ast-page-background-enabled":"default","ast-page-background-meta":{"desktop":{"background-color":"var(--ast-global-color-4)","background-image":"","background-repeat":"repeat","background-position":"center center","background-size":"auto","background-attachment":"scroll","background-type":"","background-media":"","overlay-type":"","overlay-color":"","overlay-opacity":"","overlay-gradient":""},"tablet":{"background-color":"","background-image":"","background-repeat":"repeat","background-position":"center center","background-size":"auto","background-attachment":"scroll","background-type":"","background-media":"","overlay-type":"","overlay-color":"","overlay-opacity":"","overlay-gradient":""},"mobile":{"background-color":"","background-image":"","background-repeat":"repeat","background-position":"center center","background-size":"auto","background-attachment":"scroll","background-type":"","background-media":"","overlay-type":"","overlay-color":"","overlay-opacity":"","overlay-gradient":""}},"ast-content-background-meta":{"desktop":{"background-color":"var(--ast-global-color-5)","background-image":"","background-repeat":"repeat","background-position":"center center","background-size":"auto","background-attachment":"scroll","background-type":"","background-media":"","overlay-type":"","overlay-color":"","overlay-opacity":"","overlay-gradient":""},"tablet":{"background-color":"var(--ast-global-color-5)","background-image":"","background-repeat":"repeat","background-position":"center center","background-size":"auto","background-attachment":"scroll","background-type":"","background-media":"","overlay-type":"","overlay-color":"","overlay-opacity":"","overlay-gradient":""},"mobile":{"background-color":"var(--ast-global-color-5)","background-image":"","background-repeat":"repeat","background-position":"center center","background-size":"auto","background-attachment":"scroll","background-type":"","background-media":"","overlay-type":"","overlay-color":"","overlay-opacity":"","overlay-gradient":""}},"footnotes":""},"categories":[472,68,155,1,525],"tags":[],"class_list":["post-16115","post","type-post","status-publish","format-standard","has-post-thumbnail","hentry","category-aula-acollida","category-elic","category-formacio","category-general","category-seminariclic"],"post_mailing_queue_ids":[],"_links":{"self":[{"href":"https:\/\/serveiseducatius.xtec.cat\/altpenedes\/wp-json\/wp\/v2\/posts\/16115","targetHints":{"allow":["GET"]}}],"collection":[{"href":"https:\/\/serveiseducatius.xtec.cat\/altpenedes\/wp-json\/wp\/v2\/posts"}],"about":[{"href":"https:\/\/serveiseducatius.xtec.cat\/altpenedes\/wp-json\/wp\/v2\/types\/post"}],"author":[{"embeddable":true,"href":"https:\/\/serveiseducatius.xtec.cat\/altpenedes\/wp-json\/wp\/v2\/users\/25"}],"replies":[{"embeddable":true,"href":"https:\/\/serveiseducatius.xtec.cat\/altpenedes\/wp-json\/wp\/v2\/comments?post=16115"}],"version-history":[{"count":7,"href":"https:\/\/serveiseducatius.xtec.cat\/altpenedes\/wp-json\/wp\/v2\/posts\/16115\/revisions"}],"predecessor-version":[{"id":16143,"href":"https:\/\/serveiseducatius.xtec.cat\/altpenedes\/wp-json\/wp\/v2\/posts\/16115\/revisions\/16143"}],"wp:featuredmedia":[{"embeddable":true,"href":"https:\/\/serveiseducatius.xtec.cat\/altpenedes\/wp-json\/wp\/v2\/media\/16117"}],"wp:attachment":[{"href":"https:\/\/serveiseducatius.xtec.cat\/altpenedes\/wp-json\/wp\/v2\/media?parent=16115"}],"wp:term":[{"taxonomy":"category","embeddable":true,"href":"https:\/\/serveiseducatius.xtec.cat\/altpenedes\/wp-json\/wp\/v2\/categories?post=16115"},{"taxonomy":"post_tag","embeddable":true,"href":"https:\/\/serveiseducatius.xtec.cat\/altpenedes\/wp-json\/wp\/v2\/tags?post=16115"}],"curies":[{"name":"wp","href":"https:\/\/api.w.org\/{rel}","templated":true}]}}