{"id":16002,"date":"2026-03-10T16:28:56","date_gmt":"2026-03-10T15:28:56","guid":{"rendered":"https:\/\/serveiseducatius.xtec.cat\/altpenedes\/?p=16002"},"modified":"2026-03-17T09:18:06","modified_gmt":"2026-03-17T08:18:06","slug":"7a-jornada-psec-el-moviment-que-ens-cuida","status":"publish","type":"post","link":"https:\/\/serveiseducatius.xtec.cat\/altpenedes\/general\/7a-jornada-psec-el-moviment-que-ens-cuida\/","title":{"rendered":"7a Jornada PSEC El moviment que ens cuida"},"content":{"rendered":"\n<div class=\"wp-block-getwid-image-hotspot\" data-appearance-animation=\"none\" data-image-points=\"[{&quot;link&quot;:&quot;https:\/\/drive.google.com\/file\/d\/11Aym44lNtRdzOaaTMu7RzAz9sw-xn-4d\/view?usp=sharing&quot;,&quot;icon&quot;:&quot;&quot;,&quot;title&quot;:&quot;Moure\u2019s per viure millor&quot;,&quot;color&quot;:&quot;&quot;,&quot;content&quot;:&quot;&quot;,&quot;backgroundColor&quot;:&quot;&quot;,&quot;newTab&quot;:true,&quot;popUpOpen&quot;:true,&quot;popUpWidth&quot;:350,&quot;placement&quot;:&quot;top&quot;,&quot;position&quot;:{&quot;x&quot;:&quot;81.70%&quot;,&quot;y&quot;:&quot;16.91%&quot;}},{&quot;link&quot;:&quot;https:\/\/drive.google.com\/file\/d\/1iPiH4YW8xhzGvKMbk40LqFCjoUsdBUbW\/view?usp=sharing&quot;,&quot;icon&quot;:&quot;&quot;,&quot;title&quot;:&quot;IPSAP&quot;,&quot;color&quot;:&quot;&quot;,&quot;content&quot;:&quot;&quot;,&quot;backgroundColor&quot;:&quot;&quot;,&quot;newTab&quot;:false,&quot;popUpOpen&quot;:true,&quot;popUpWidth&quot;:350,&quot;placement&quot;:&quot;top&quot;,&quot;position&quot;:{&quot;x&quot;:&quot;1.28%&quot;,&quot;y&quot;:&quot;72.20%&quot;}},{&quot;link&quot;:&quot;https:\/\/drive.google.com\/file\/d\/1P-IAcd0xUDpZSCGLSTE0VGvDCG3AzI0n\/view?usp=sharing&quot;,&quot;icon&quot;:&quot;&quot;,&quot;title&quot;:&quot;COPAL-M&quot;,&quot;color&quot;:&quot;&quot;,&quot;content&quot;:&quot;&quot;,&quot;backgroundColor&quot;:&quot;&quot;,&quot;newTab&quot;:true,&quot;popUpOpen&quot;:true,&quot;popUpWidth&quot;:350,&quot;placement&quot;:&quot;top&quot;,&quot;position&quot;:{&quot;x&quot;:&quot;51.36%&quot;,&quot;y&quot;:&quot;65.02%&quot;}},{&quot;link&quot;:&quot;https:\/\/drive.google.com\/file\/d\/1hp7U3yQFzxky3Is_Zwy9Gk58uDQnOYHR\/view?usp=sharing&quot;,&quot;icon&quot;:&quot;&quot;,&quot;title&quot;:&quot;Poblaci\u00f3 pedi\u00e0trica - Alt Pened\u00e8s&quot;,&quot;color&quot;:&quot;&quot;,&quot;content&quot;:&quot;&quot;,&quot;backgroundColor&quot;:&quot;&quot;,&quot;newTab&quot;:true,&quot;popUpOpen&quot;:true,&quot;popUpWidth&quot;:350,&quot;placement&quot;:&quot;top&quot;,&quot;position&quot;:{&quot;x&quot;:&quot;78.45%&quot;,&quot;y&quot;:&quot;66.53%&quot;}},{&quot;link&quot;:&quot;https:\/\/drive.google.com\/file\/d\/1W5rAOi1sNoygwFrEB7GFpR7_HcyrBn-z\/view?usp=sharing&quot;,&quot;icon&quot;:&quot;&quot;,&quot;title&quot;:&quot;EPSAP&quot;,&quot;color&quot;:&quot;&quot;,&quot;content&quot;:&quot;&quot;,&quot;backgroundColor&quot;:&quot;&quot;,&quot;newTab&quot;:true,&quot;popUpOpen&quot;:true,&quot;popUpWidth&quot;:350,&quot;placement&quot;:&quot;top&quot;,&quot;position&quot;:{&quot;x&quot;:&quot;32.78%&quot;,&quot;y&quot;:&quot;66.15%&quot;}},{&quot;link&quot;:&quot;https:\/\/drive.google.com\/file\/d\/1mPi2GgS570QwMM28TGrQIXMJtttMUD9k\/view?usp=sharing&quot;,&quot;icon&quot;:&quot;&quot;,&quot;title&quot;:&quot;Activitat f\u00edsica, descans i neuroci\u00e8ncia&quot;,&quot;color&quot;:&quot;&quot;,&quot;content&quot;:&quot;&quot;,&quot;backgroundColor&quot;:&quot;&quot;,&quot;newTab&quot;:true,&quot;popUpOpen&quot;:true,&quot;popUpWidth&quot;:350,&quot;placement&quot;:&quot;top&quot;,&quot;position&quot;:{&quot;x&quot;:&quot;3.03%&quot;,&quot;y&quot;:&quot;15.90%&quot;}}]\" data-trigger=\"multiple\" data-theme=\"light\" data-tooltip-animation=\"shift-toward\" data-arrow=\"true\"><div class=\"wp-block-getwid-image-hotspot__wrapper\"><img loading=\"lazy\" decoding=\"async\" width=\"1714\" height=\"1134\" src=\"https:\/\/serveiseducatius.xtec.cat\/altpenedes\/wp-content\/uploads\/usu763\/2026\/03\/Resum-Jornada-7a-PSEC.jpeg\" alt=\"\" class=\"wp-block-getwid-image-hotspot__image wp-image-16004\" srcset=\"https:\/\/serveiseducatius.xtec.cat\/altpenedes\/wp-content\/uploads\/usu763\/2026\/03\/Resum-Jornada-7a-PSEC.jpeg 1714w, https:\/\/serveiseducatius.xtec.cat\/altpenedes\/wp-content\/uploads\/usu763\/2026\/03\/Resum-Jornada-7a-PSEC-300x198.jpeg 300w, https:\/\/serveiseducatius.xtec.cat\/altpenedes\/wp-content\/uploads\/usu763\/2026\/03\/Resum-Jornada-7a-PSEC-1024x677.jpeg 1024w, https:\/\/serveiseducatius.xtec.cat\/altpenedes\/wp-content\/uploads\/usu763\/2026\/03\/Resum-Jornada-7a-PSEC-150x99.jpeg 150w, https:\/\/serveiseducatius.xtec.cat\/altpenedes\/wp-content\/uploads\/usu763\/2026\/03\/Resum-Jornada-7a-PSEC-768x508.jpeg 768w, https:\/\/serveiseducatius.xtec.cat\/altpenedes\/wp-content\/uploads\/usu763\/2026\/03\/Resum-Jornada-7a-PSEC-1536x1016.jpeg 1536w\" sizes=\"auto, (max-width: 1714px) 100vw, 1714px\" \/><div data-point-id=\"0\" class=\"wp-block-getwid-image-hotspot__dot has-animation-pulse\" style=\"left:81.70%;top:16.91%\"><div class=\"wp-block-getwid-image-hotspot__dot-wrapper\"><div class=\"wp-block-getwid-image-hotspot__dot-content\"><i class=\"fab fa-first-order-alt wp-block-getwid-image-hotspot__dot-icon\"><\/i><\/div><\/div><div class=\"wp-block-getwid-image-hotspot__dot-description\"><div class=\"wp-block-getwid-image-hotspot__dot-title\"><a href=\"https:\/\/drive.google.com\/file\/d\/11Aym44lNtRdzOaaTMu7RzAz9sw-xn-4d\/view?usp=sharing\" target=\"_blank\" rel=\"noopener noreferrer\">Moure\u2019s per viure millor<\/a><\/div><\/div><\/div><div data-point-id=\"1\" class=\"wp-block-getwid-image-hotspot__dot has-animation-pulse\" style=\"left:1.28%;top:72.20%\"><div class=\"wp-block-getwid-image-hotspot__dot-wrapper\"><div class=\"wp-block-getwid-image-hotspot__dot-content\"><i class=\"fab fa-first-order-alt wp-block-getwid-image-hotspot__dot-icon\"><\/i><\/div><\/div><div class=\"wp-block-getwid-image-hotspot__dot-description\"><div class=\"wp-block-getwid-image-hotspot__dot-title\"><a href=\"https:\/\/drive.google.com\/file\/d\/1iPiH4YW8xhzGvKMbk40LqFCjoUsdBUbW\/view?usp=sharing\">IPSAP<\/a><\/div><\/div><\/div><div data-point-id=\"2\" class=\"wp-block-getwid-image-hotspot__dot has-animation-pulse\" style=\"left:51.36%;top:65.02%\"><div class=\"wp-block-getwid-image-hotspot__dot-wrapper\"><div class=\"wp-block-getwid-image-hotspot__dot-content\"><i class=\"fab fa-first-order-alt wp-block-getwid-image-hotspot__dot-icon\"><\/i><\/div><\/div><div class=\"wp-block-getwid-image-hotspot__dot-description\"><div class=\"wp-block-getwid-image-hotspot__dot-title\"><a href=\"https:\/\/drive.google.com\/file\/d\/1P-IAcd0xUDpZSCGLSTE0VGvDCG3AzI0n\/view?usp=sharing\" target=\"_blank\" rel=\"noopener noreferrer\">COPAL-M<\/a><\/div><\/div><\/div><div data-point-id=\"3\" class=\"wp-block-getwid-image-hotspot__dot has-animation-pulse\" style=\"left:78.45%;top:66.53%\"><div class=\"wp-block-getwid-image-hotspot__dot-wrapper\"><div class=\"wp-block-getwid-image-hotspot__dot-content\"><i class=\"fab fa-first-order-alt wp-block-getwid-image-hotspot__dot-icon\"><\/i><\/div><\/div><div class=\"wp-block-getwid-image-hotspot__dot-description\"><div class=\"wp-block-getwid-image-hotspot__dot-title\"><a href=\"https:\/\/drive.google.com\/file\/d\/1hp7U3yQFzxky3Is_Zwy9Gk58uDQnOYHR\/view?usp=sharing\" target=\"_blank\" rel=\"noopener noreferrer\">Poblaci\u00f3 pedi\u00e0trica &#8211; Alt Pened\u00e8s<\/a><\/div><\/div><\/div><div data-point-id=\"4\" class=\"wp-block-getwid-image-hotspot__dot has-animation-pulse\" style=\"left:32.78%;top:66.15%\"><div class=\"wp-block-getwid-image-hotspot__dot-wrapper\"><div class=\"wp-block-getwid-image-hotspot__dot-content\"><i class=\"fab fa-first-order-alt wp-block-getwid-image-hotspot__dot-icon\"><\/i><\/div><\/div><div class=\"wp-block-getwid-image-hotspot__dot-description\"><div class=\"wp-block-getwid-image-hotspot__dot-title\"><a href=\"https:\/\/drive.google.com\/file\/d\/1W5rAOi1sNoygwFrEB7GFpR7_HcyrBn-z\/view?usp=sharing\" target=\"_blank\" rel=\"noopener noreferrer\">EPSAP<\/a><\/div><\/div><\/div><div data-point-id=\"5\" class=\"wp-block-getwid-image-hotspot__dot has-animation-pulse\" style=\"left:3.03%;top:15.90%\"><div class=\"wp-block-getwid-image-hotspot__dot-wrapper\"><div class=\"wp-block-getwid-image-hotspot__dot-content\"><i class=\"fab fa-first-order-alt wp-block-getwid-image-hotspot__dot-icon\"><\/i><\/div><\/div><div class=\"wp-block-getwid-image-hotspot__dot-description\"><div class=\"wp-block-getwid-image-hotspot__dot-title\"><a href=\"https:\/\/drive.google.com\/file\/d\/1mPi2GgS570QwMM28TGrQIXMJtttMUD9k\/view?usp=sharing\" target=\"_blank\" rel=\"noopener noreferrer\">Activitat f\u00edsica, descans i neuroci\u00e8ncia<\/a><\/div><\/div><\/div><\/div><\/div>\n\n\n\n<p><br><br>El divendres <strong>6 de mar\u00e7 de 2026<\/strong> es va celebrar a l\u2019Espai Jove La Nau de Vilafranca del Pened\u00e8s la <strong>7a Jornada del Pla Salut Escola i Comunitat (PSEC)<\/strong> de l\u2019Alt Pened\u00e8s, una trobada anual que reuneix professionals dels \u00e0mbits de salut, educaci\u00f3 i administraci\u00f3 local per compartir experi\u00e8ncies i impulsar accions que promoguin el benestar dels infants i adolescents.<\/p>\n\n\n\n<p>La jornada va ser inaugurada per <strong>Javier Miranda<\/strong>, t\u00e8cnic docent del Centre de Recursos Pedag\u00f2gics de l\u2019Alt Pened\u00e8s, que va conduir l\u2019acte.  <strong>Arturo Campo<\/strong>, cap del Servei de Salut de l\u2019Alt Pened\u00e8s i Garraf, tamb\u00e9 va agrair l\u2019assist\u00e8ncia i va destacar el valor de la jornada.<\/p>\n\n\n\n<p>En aquesta edici\u00f3, sota el t\u00edtol \u201c<strong>El moviment que ens cuida\u201d, la jornada va posar el focus en la relaci\u00f3 entre activitat f\u00edsica, descans, salut i aprenentatge, incorporant una mirada basada en la neuroci\u00e8ncia i la promoci\u00f3 d\u2019h\u00e0bits saludables.<\/strong><\/p>\n\n\n\n<h2 class=\"wp-block-heading\">Activitat f\u00edsica, salut i benestar<\/h2>\n\n\n\n<p>La confer\u00e8ncia inicial, a c\u00e0rrec de la <strong>Dra. Marta Portero (UAB)<\/strong>, va aprofundir en la relaci\u00f3 entre <strong>moviment, descans i funcionament cerebral,<\/strong> destacant com l\u2019activitat f\u00edsica influeix en el desenvolupament cognitiu, la regulaci\u00f3 emocional i els processos d\u2019aprenentatge.<\/p>\n\n\n\n<p>A continuaci\u00f3, <strong>Lena Reisloh<\/strong>, de la <strong>Subdirecci\u00f3 General de Promoci\u00f3 de la Salut de l\u2019Ag\u00e8ncia de Salut P\u00fablica de Catalunya, va presentar la pon\u00e8ncia \u201cMoure\u2019s per viure millor: infants i joves\u201d<\/strong>, en qu\u00e8 es van compartir dades i estrat\u00e8gies per fomentar l\u2019activitat f\u00edsica en la poblaci\u00f3 infantil i adolescent.<\/p>\n\n\n\n<p>Segons dades recents de l\u2019Enquesta de Salut de Catalunya, tres de cada deu infants d\u2019entre 6 i 12 anys presenten exc\u00e9s de pes, fet que posa de manifest la necessitat de promoure estils de vida m\u00e9s actius des de l\u2019escola, la fam\u00edlia i la comunitat.<\/p>\n\n\n\n<p>Durant la seva intervenci\u00f3 es van presentar diverses iniciatives per fomentar el moviment en l\u2019entorn educatiu, com les pauses actives a l\u2019aula, la iniciativa La Milla Di\u00e0ria, els patis oberts, els camins escolars o el Pla Catal\u00e0 d\u2019Esport a l\u2019Escola, entre d\u2019altres.<\/p>\n\n\n\n<h2 class=\"wp-block-heading\">Experi\u00e8ncies dels centres promotors de salut EPSAP i IPSAP<\/h2>\n\n\n\n<p>La jornada tamb\u00e9 va incloure un espai dedicat a experi\u00e8ncies dels centres promotors de salut de l\u2019Alt Pened\u00e8s, on es van compartir iniciatives que incorporen el moviment i els h\u00e0bits saludables en el dia a dia dels centres educatius.<\/p>\n\n\n\n<p>En primer lloc, <strong>Merc\u00e8 Mompel<\/strong>, professora de l\u2019Institut Intermunicipal del Pened\u00e8s, va presentar diferents <strong>accions impulsades al centre dins del projecte IPSAP (Instituts Promotors de Salut a l&#8217;Alt Pened\u00e8s)<\/strong>. Entre aquestes iniciatives destaquen els patis actius, amb activitats com futbol, v\u00f2lei, b\u00e0squet o tennis taula, que fomenten la participaci\u00f3 de l\u2019alumnat i promouen h\u00e0bits de vida saludables.<\/p>\n\n\n\n<p>Aquestes activitats tamb\u00e9 tenen com a objectiu oferir a l\u2019alumnat eines i recursos per gestionar les seves emocions, afavorint la conviv\u00e8ncia i el benestar dins del centre educatiu. El centre tamb\u00e9 impulsa activitats com la Jornada Saludable, amb iniciatives com el Salut\u00f2metre, que permet reflexionar sobre els factors que influeixen en la salut i el benestar.<\/p>\n\n\n\n<p>A continuaci\u00f3, es va presentar el projecte <strong>MASIACTIVA\u2019T<\/strong>, impulsat per la comissi\u00f3 <strong>EPSAP de l\u2019Escola Mas i Perera<\/strong> i liderat per <strong>Iolanda Bertran<\/strong> i <strong>Foix Ortiz<\/strong>, una iniciativa que promou l\u2019activitat f\u00edsica entre tota la comunitat educativa mitjan\u00e7ant sessions breus d\u2019exercici abans de comen\u00e7ar la jornada escolar.<\/p>\n\n\n\n<h2 class=\"wp-block-heading\">Salut comunit\u00e0ria i determinants socials<\/h2>\n\n\n\n<p>La jornada va incloure tamb\u00e9 una intervenci\u00f3 sobre<strong> prescripci\u00f3 social d\u2019activitat f\u00edsica<\/strong>, amb la participaci\u00f3 d\u2019<strong>Adriana Margarit<\/strong>, pediatra de l\u2019E<strong>quip Territorial d\u2019Atenci\u00f3 Pedi\u00e0trica de l\u2019Alt Pened\u00e8s<\/strong>, juntament amb <strong>Pol Lienard<\/strong>, treballador <strong>social de l\u2019EAP, <\/strong>i <strong>Anna Segura<\/strong>, <strong>t\u00e8cnica de joventut del Consell Comarcal de l\u2019Alt Pened\u00e8s<\/strong>.<\/p>\n\n\n\n<p>Durant la taula rodona es va destacar la import\u00e0ncia de tenir en compte els determinants socials de la salut, com el context socioecon\u00f2mic, les condicions de vida o l\u2019entorn comunitari, que influeixen directament en les oportunitats de salut dels infants i adolescents.<\/p>\n\n\n\n<p>Tamb\u00e9 es va posar en valor <strong>les aliances entre els serveis de salut, educaci\u00f3 i l\u2019\u00e0mbit social<\/strong>, amb la participaci\u00f3 d\u2019agents del territori com els serveis educatius, el CDIAP, el CSMIJ, els Ajuntaments o els Serveis Socials.<\/p>\n\n\n\n<h2 class=\"wp-block-heading\">Moviment i aprenentatge<\/h2>\n\n\n\n<p>La jornada va comptar tamb\u00e9 amb la presentaci\u00f3 del projecte <strong>COPAL-M<\/strong>, a c\u00e0rrec del <strong>Dr. Eric Roig (UB i COPLEFC)<\/strong>, que explora la relaci\u00f3 entre <strong>neuroci\u00e8ncia, moviment i aprenentatge matem\u00e0tic<\/strong>.<\/p>\n\n\n\n<p>Aquest projecte es basa en el concepte d\u2019aprenentatge f\u00edsicament actiu, que integra el moviment dins de les activitats d\u2019aprenentatge per tal de millorar la comprensi\u00f3 dels continguts i fomentar un aprenentatge m\u00e9s significatiu.<\/p>\n\n\n\n<p>El projecte posa especial atenci\u00f3 als contextos de vulnerabilitat, destacant el paper de l\u2019escola com a espai clau per equilibrar oportunitats educatives i de salut entre l\u2019alumnat.<\/p>\n\n\n\n<p>La jornada va finalitzar amb el <strong>resum visual de la jornada<\/strong>, a c\u00e0rrec de <strong>Teresa Aledo<\/strong>, que va recollir gr\u00e0ficament les idees principals compartides al llarg del mat\u00ed.<\/p>\n\n\n\n<p>La <strong>Jornada PSEC<\/strong> forma part del treball conjunt impulsat pel <strong>Pla Salut Escola i Comunitat de l\u2019Alt Pened\u00e8s<\/strong>, amb la participaci\u00f3 de l\u2019Institut Catal\u00e0 de la Salut, l\u2019Ag\u00e8ncia de Salut P\u00fablica de Catalunya, l\u2019Ajuntament de Vilafranca del Pened\u00e8s, la Diputaci\u00f3 de Barcelona, el Consell Comarcal de l\u2019Alt Pened\u00e8s i el Servei Educatiu de l\u2019Alt Pened\u00e8s. <strong>S\u2019agraeixen tamb\u00e9 les col\u00b7laboracions de J. Rius i Esclat, aix\u00ed com el suport dels t\u00e8cnics de l\u2019Espai Jove La Nau per l\u2019acollida i l\u2019acompanyament en l\u2019organitzaci\u00f3 de la jornada.<\/strong><\/p>\n\n\n\n<p>Aquesta trobada continua consolidant-se com un espai de col\u00b7laboraci\u00f3 entre educaci\u00f3, salut i comunitat, amb l\u2019objectiu de promoure entorns que facilitin el moviment, els h\u00e0bits saludables i el benestar dels infants i adolescents.<\/p>\n\n\n\n<p><strong>Moltes gr\u00e0cies a tothom per fer-la possible.<\/strong><\/p>\n\n\n\n<p>\u2705 <strong>Presentacions<\/strong><\/p>\n\n\n\n<div class=\"wp-block-group is-layout-grid wp-container-core-group-is-layout-1 wp-block-group-is-layout-grid\">\n<p><a href=\"https:\/\/drive.google.com\/file\/d\/11Aym44lNtRdzOaaTMu7RzAz9sw-xn-4d\/view?usp=sharing\" target=\"_blank\" rel=\"noreferrer noopener\">Moure&#8217;s per viure millor<\/a> <br>Dra. Lena Reisloh<br>Subdirecci\u00f3 General de Promoci\u00f3 de la Salut, SSP.<\/p>\n\n\n\n<p><a href=\"https:\/\/drive.google.com\/file\/d\/1iPiH4YW8xhzGvKMbk40LqFCjoUsdBUbW\/view?usp=sharing\" target=\"_blank\" rel=\"noreferrer noopener\">Activa&#8217;t IPSAP<\/a> <br>Professora Merc\u00e8 Mompel IPSAP | INS Intermunicipal<\/p>\n\n\n\n<p class=\"wp-container-content-1\"><a href=\"https:\/\/drive.google.com\/file\/d\/1W5rAOi1sNoygwFrEB7GFpR7_HcyrBn-z\/view?usp=sharing\" target=\"_blank\" rel=\"noreferrer noopener\">Activa&#8217;t EPSAP<\/a> <br>Equip motor i Comissi\u00f3 EPSAP <br>ESC Mas i Perera<\/p>\n\n\n\n<p><a href=\"https:\/\/drive.google.com\/file\/d\/1hp7U3yQFzxky3Is_Zwy9Gk58uDQnOYHR\/view?usp=sharing\" target=\"_blank\" rel=\"noreferrer noopener\">Atenci\u00f3 pedi\u00e0trica<\/a> <br>Adriana Margarit, Pol Lienard i Anna Segura<br>Pediatria, EAP i Consell Comarcal<\/p>\n\n\n\n<p><a href=\"https:\/\/drive.google.com\/file\/d\/1P-IAcd0xUDpZSCGLSTE0VGvDCG3AzI0n\/view?usp=sharing\" target=\"_blank\" rel=\"noreferrer noopener\">Projecte COPAL &#8211; M<\/a> <br>Dr. Eric Roig <br>UB i COPLEFC<\/p>\n<\/div>\n\n\n\n<p class=\"has-large-font-size\">\ud83d\udcfa<strong>Not\u00edcia a <a href=\"https:\/\/www.rtvvilafranca.cat\/2026\/03\/el-pla-salut-escola-i-comunitat-aposta-per-lactivitat-fisica-per-millorar-el-benestar\/\">rtvvilafranca.cat<\/a><\/strong><\/p>\n\n\n\n<p class=\"has-medium-font-size\" style=\"border-style:none;border-width:0px\">\ud83d\udcf0 <a href=\"https:\/\/www.rtvvilafranca.cat\/2026\/03\/el-pla-salut-escola-i-comunitat-aposta-per-lactivitat-fisica-per-millorar-el-benestar\/\">El Pla Salut, Escola i Comunitat aposta per l\u2019activitat f\u00edsica per millorar el benestar<\/a><br><\/p>\n\n\n\n<figure class=\"wp-block-image size-full\" style=\"margin-top:0;margin-bottom:0\"><a href=\"https:\/\/www.rtvvilafranca.cat\/2026\/03\/el-pla-salut-escola-i-comunitat-aposta-per-lactivitat-fisica-per-millorar-el-benestar\/\"><img loading=\"lazy\" decoding=\"async\" width=\"816\" height=\"453\" src=\"https:\/\/serveiseducatius.xtec.cat\/altpenedes\/wp-content\/uploads\/usu763\/2026\/03\/foto.png\" alt=\"\" class=\"wp-image-16009\" srcset=\"https:\/\/serveiseducatius.xtec.cat\/altpenedes\/wp-content\/uploads\/usu763\/2026\/03\/foto.png 816w, https:\/\/serveiseducatius.xtec.cat\/altpenedes\/wp-content\/uploads\/usu763\/2026\/03\/foto-300x167.png 300w, https:\/\/serveiseducatius.xtec.cat\/altpenedes\/wp-content\/uploads\/usu763\/2026\/03\/foto-150x83.png 150w, https:\/\/serveiseducatius.xtec.cat\/altpenedes\/wp-content\/uploads\/usu763\/2026\/03\/foto-768x426.png 768w\" sizes=\"auto, (max-width: 816px) 100vw, 816px\" \/><\/a><\/figure>\n\n\n\n<figure class=\"wp-block-image alignleft size-large is-resized\"><img loading=\"lazy\" decoding=\"async\" width=\"1024\" height=\"230\" src=\"https:\/\/serveiseducatius.xtec.cat\/altpenedes\/wp-content\/uploads\/usu763\/2026\/03\/logoss-1024x230.jpg\" alt=\"\" class=\"wp-image-16020\" style=\"width:879px;height:auto\" srcset=\"https:\/\/serveiseducatius.xtec.cat\/altpenedes\/wp-content\/uploads\/usu763\/2026\/03\/logoss-1024x230.jpg 1024w, https:\/\/serveiseducatius.xtec.cat\/altpenedes\/wp-content\/uploads\/usu763\/2026\/03\/logoss-300x68.jpg 300w, https:\/\/serveiseducatius.xtec.cat\/altpenedes\/wp-content\/uploads\/usu763\/2026\/03\/logoss-150x34.jpg 150w, https:\/\/serveiseducatius.xtec.cat\/altpenedes\/wp-content\/uploads\/usu763\/2026\/03\/logoss-768x173.jpg 768w, https:\/\/serveiseducatius.xtec.cat\/altpenedes\/wp-content\/uploads\/usu763\/2026\/03\/logoss.jpg 1400w\" sizes=\"auto, (max-width: 1024px) 100vw, 1024px\" \/><\/figure>\n","protected":false},"excerpt":{"rendered":"<p>El divendres 6 de mar\u00e7 de 2026 es va celebrar a l\u2019Espai Jove La Nau de Vilafranca del Pened\u00e8s la [&hellip;]<\/p>\n","protected":false},"author":6,"featured_media":16004,"comment_status":"open","ping_status":"open","sticky":false,"template":"","format":"standard","meta":{"site-sidebar-layout":"default","site-content-layout":"","ast-site-content-layout":"default","site-content-style":"default","site-sidebar-style":"default","ast-global-header-display":"","ast-banner-title-visibility":"","ast-main-header-display":"","ast-hfb-above-header-display":"","ast-hfb-below-header-display":"","ast-hfb-mobile-header-display":"","site-post-title":"","ast-breadcrumbs-content":"","ast-featured-img":"","footer-sml-layout":"","theme-transparent-header-meta":"","adv-header-id-meta":"","stick-header-meta":"","header-above-stick-meta":"","header-main-stick-meta":"","header-below-stick-meta":"","astra-migrate-meta-layouts":"set","ast-page-background-enabled":"default","ast-page-background-meta":{"desktop":{"background-color":"var(--ast-global-color-4)","background-image":"","background-repeat":"repeat","background-position":"center center","background-size":"auto","background-attachment":"scroll","background-type":"","background-media":"","overlay-type":"","overlay-color":"","overlay-opacity":"","overlay-gradient":""},"tablet":{"background-color":"","background-image":"","background-repeat":"repeat","background-position":"center center","background-size":"auto","background-attachment":"scroll","background-type":"","background-media":"","overlay-type":"","overlay-color":"","overlay-opacity":"","overlay-gradient":""},"mobile":{"background-color":"","background-image":"","background-repeat":"repeat","background-position":"center center","background-size":"auto","background-attachment":"scroll","background-type":"","background-media":"","overlay-type":"","overlay-color":"","overlay-opacity":"","overlay-gradient":""}},"ast-content-background-meta":{"desktop":{"background-color":"var(--ast-global-color-5)","background-image":"","background-repeat":"repeat","background-position":"center center","background-size":"auto","background-attachment":"scroll","background-type":"","background-media":"","overlay-type":"","overlay-color":"","overlay-opacity":"","overlay-gradient":""},"tablet":{"background-color":"var(--ast-global-color-5)","background-image":"","background-repeat":"repeat","background-position":"center center","background-size":"auto","background-attachment":"scroll","background-type":"","background-media":"","overlay-type":"","overlay-color":"","overlay-opacity":"","overlay-gradient":""},"mobile":{"background-color":"var(--ast-global-color-5)","background-image":"","background-repeat":"repeat","background-position":"center center","background-size":"auto","background-attachment":"scroll","background-type":"","background-media":"","overlay-type":"","overlay-color":"","overlay-opacity":"","overlay-gradient":""}},"footnotes":""},"categories":[729,1,202],"tags":[869],"class_list":["post-16002","post","type-post","status-publish","format-standard","has-post-thumbnail","hentry","category-epsap-escoles","category-general","category-psec","tag-curs-2025-2026"],"post_mailing_queue_ids":[],"_links":{"self":[{"href":"https:\/\/serveiseducatius.xtec.cat\/altpenedes\/wp-json\/wp\/v2\/posts\/16002","targetHints":{"allow":["GET"]}}],"collection":[{"href":"https:\/\/serveiseducatius.xtec.cat\/altpenedes\/wp-json\/wp\/v2\/posts"}],"about":[{"href":"https:\/\/serveiseducatius.xtec.cat\/altpenedes\/wp-json\/wp\/v2\/types\/post"}],"author":[{"embeddable":true,"href":"https:\/\/serveiseducatius.xtec.cat\/altpenedes\/wp-json\/wp\/v2\/users\/6"}],"replies":[{"embeddable":true,"href":"https:\/\/serveiseducatius.xtec.cat\/altpenedes\/wp-json\/wp\/v2\/comments?post=16002"}],"version-history":[{"count":6,"href":"https:\/\/serveiseducatius.xtec.cat\/altpenedes\/wp-json\/wp\/v2\/posts\/16002\/revisions"}],"predecessor-version":[{"id":16042,"href":"https:\/\/serveiseducatius.xtec.cat\/altpenedes\/wp-json\/wp\/v2\/posts\/16002\/revisions\/16042"}],"wp:featuredmedia":[{"embeddable":true,"href":"https:\/\/serveiseducatius.xtec.cat\/altpenedes\/wp-json\/wp\/v2\/media\/16004"}],"wp:attachment":[{"href":"https:\/\/serveiseducatius.xtec.cat\/altpenedes\/wp-json\/wp\/v2\/media?parent=16002"}],"wp:term":[{"taxonomy":"category","embeddable":true,"href":"https:\/\/serveiseducatius.xtec.cat\/altpenedes\/wp-json\/wp\/v2\/categories?post=16002"},{"taxonomy":"post_tag","embeddable":true,"href":"https:\/\/serveiseducatius.xtec.cat\/altpenedes\/wp-json\/wp\/v2\/tags?post=16002"}],"curies":[{"name":"wp","href":"https:\/\/api.w.org\/{rel}","templated":true}]}}