{"id":15864,"date":"2026-01-20T14:27:55","date_gmt":"2026-01-20T13:27:55","guid":{"rendered":"https:\/\/serveiseducatius.xtec.cat\/altpenedes\/?p=15864"},"modified":"2026-02-09T22:12:49","modified_gmt":"2026-02-09T21:12:49","slug":"programa-cultura-i-educacio-formacio-en-arts-visuals","status":"publish","type":"post","link":"https:\/\/serveiseducatius.xtec.cat\/altpenedes\/general\/programa-cultura-i-educacio-formacio-en-arts-visuals\/","title":{"rendered":"Programa Cultura i Educaci\u00f3 | Formaci\u00f3 en arts visuals"},"content":{"rendered":"<p style=\"font-weight: 400;\">Des del <a href=\"https:\/\/cultura.gencat.cat\/ca\/temes\/culturaeducacio\/index.html\" data-saferedirecturl=\"https:\/\/www.google.com\/url?q=https:\/\/cultura.gencat.cat\/ca\/temes\/culturaeducacio\/index.html&amp;source=gmail&amp;ust=1768983251004000&amp;usg=AOvVaw0JgO6uEe3m9_ZTWnOVyIAt\">Programa per a la millora de la pres\u00e8ncia de l\u2019art i la cultura a l\u2019educaci\u00f3<\/a>; programa impulsat conjuntament pels Departaments d\u2019Educaci\u00f3 i Formaci\u00f3 Professional i el Departament de Cultura,\u00a0s\u2019ha dissenyat una s\u00e8rie de formacions, tallers i jornades en els \u00e0mbits de les arts i la cultura, amb l\u2019objectiu d\u2019acompanyar els docents en la incorporaci\u00f3 dels processos creatius de manera transversal a l\u2019aula.<\/p>\n<p style=\"font-weight: 400;\">En aquest segon torn d\u2019oferta formativa general al professorat i dins l\u2019\u00e0mbit d\u2019art, cultura i educaci\u00f3, us volem presentar i oferir la formaci\u00f3 en arts visuals:<\/p>\n<p style=\"font-weight: 400;\"><strong style=\"font-size: revert; background-color: rgba(0, 0, 0, 0);\"><em>No, el teu alumne no podria haver pintat aquest quadre abstracte. I entendr\u00e0s per qu\u00e8.<\/em><\/strong><\/p>\n<p style=\"font-weight: 400;\"><span style=\"font-size: revert; background-color: rgba(0, 0, 0, 0);\">Aquesta formaci\u00f3\u00a0<\/span>s\u2019adre\u00e7a a docents de prim\u00e0ria i secund\u00e0ria de totes les \u00e0rees<span style=\"font-size: revert; background-color: rgba(0, 0, 0, 0);\">. Els objectius s\u00f3n\u00a0<\/span>apropar l\u2019art contemporani a l\u2019\u00e0mbit educatiu com a recurs pedag\u00f2gic per connectar amb el m\u00f3n actual i comprendre realitats socials, culturals i ambientals aix\u00ed com proporcionar eines per crear i acompanyar projectes d\u2019arts visuals a l\u2019aula.<\/p>\n<p style=\"font-weight: 400;\">La formaci\u00f3 tindr\u00e0 lloc a tres espais de la ciutat de Vilafranca del Pened\u00e8s, entre el 5 i el 19 de febrer: Vinseum, Museu de les Cultures del Vi de Catalunya, Escola d\u2019Art Arsenal i Sala dels Trinitaris. La idea \u00e9s con\u00e8ixer els llocs des dels quals es crea, dissenya, produeix i difon l\u2019art contemporani.<\/p>\n<p style=\"font-weight: 400;\">La formaci\u00f3 de 25 hores de durada s\u2019estructura en 7 sessions i 5 hores de treball aut\u00f2nom. La formaci\u00f3 anir\u00e0 a c\u00e0rrec de\u00a0Loli Acebal i N\u00faria Tom\u00e0s.<\/p>\n<p style=\"font-weight: 400;\"><strong>Les inscripcions ja s\u00f3n obertes.<\/strong><\/p>\n<p style=\"font-weight: 400;\">Enlla\u00e7 al v\u00eddeo de la formaci\u00f3 breu\u00a0<strong><a href=\"https:\/\/youtu.be\/gXpa84fI3J0\" data-saferedirecturl=\"https:\/\/www.google.com\/url?q=https:\/\/youtu.be\/gXpa84fI3J0&amp;source=gmail&amp;ust=1768983251004000&amp;usg=AOvVaw05j-6ZTfbO5qEtbfaQXIoX\">Aqu\u00ed<\/a><\/strong><\/p>\n<p style=\"font-weight: 400;\">En aquest enlla\u00e7 podeu veure <a href=\"https:\/\/drive.google.com\/file\/d\/1Rn5dyN6JMqdQBF4fqV4UOW19U5oZRvMF\/view?usp=drive_link\" target=\"_blank\" rel=\"noopener\">el programa<\/a> i fer la inscripci\u00f3\u00a0 <a href=\"https:\/\/aplicacions.gestioeducativa.gencat.cat\/ords\/pls\/soloas\/pk_for_mod_ins.p_for_detall_activitat?p_codi=D007310547&amp;p_curs=2025-2026&amp;p_es_inscr=S\" data-saferedirecturl=\"https:\/\/www.google.com\/url?q=https:\/\/aplicacions.gestioeducativa.gencat.cat\/ords\/pls\/soloas\/pk_for_mod_ins.p_for_detall_activitat?p_codi%3DD007310547%26p_curs%3D2025-2026%26p_es_inscr%3DS&amp;source=gmail&amp;ust=1768983251004000&amp;usg=AOvVaw10NN3W4eeNnHrkzHOogzgl\">Aqu\u00ed<\/a>\u00a0<strong>abans del dimecres 4 de febrer de 2026, a les 18 h.<\/strong><\/p>\n<p>La primera sessi\u00f3 d&#8217;aquesta formaci\u00f3 correspon a la pon\u00e8ncia L&#8217;<a href=\"https:\/\/drive.google.com\/file\/d\/1PqzkZm9PEFDFdDWcsf2ipgh9p37BHWaj\/view?usp=drive_link\" target=\"_blank\" rel=\"noopener noreferrer\"><em>Art, substrat imprescindible de l&#8217;educaci\u00f3<\/em><\/a>.<\/p>\n<blockquote>\n<p><strong><img loading=\"lazy\" decoding=\"async\" class=\"wp-image-15938 size-thumbnail alignleft\" src=\"https:\/\/serveiseducatius.xtec.cat\/altpenedes\/wp-content\/uploads\/usu763\/2026\/01\/art-106x150.jpg\" alt=\"\" width=\"106\" height=\"150\" srcset=\"https:\/\/serveiseducatius.xtec.cat\/altpenedes\/wp-content\/uploads\/usu763\/2026\/01\/art-106x150.jpg 106w, https:\/\/serveiseducatius.xtec.cat\/altpenedes\/wp-content\/uploads\/usu763\/2026\/01\/art-212x300.jpg 212w, https:\/\/serveiseducatius.xtec.cat\/altpenedes\/wp-content\/uploads\/usu763\/2026\/01\/art-724x1024.jpg 724w, https:\/\/serveiseducatius.xtec.cat\/altpenedes\/wp-content\/uploads\/usu763\/2026\/01\/art-768x1086.jpg 768w, https:\/\/serveiseducatius.xtec.cat\/altpenedes\/wp-content\/uploads\/usu763\/2026\/01\/art-1086x1536.jpg 1086w, https:\/\/serveiseducatius.xtec.cat\/altpenedes\/wp-content\/uploads\/usu763\/2026\/01\/art-1448x2048.jpg 1448w, https:\/\/serveiseducatius.xtec.cat\/altpenedes\/wp-content\/uploads\/usu763\/2026\/01\/art.jpg 1587w\" sizes=\"auto, (max-width: 106px) 100vw, 106px\" \/>L&#8217;Art, substrat imprescindible de l&#8217;educaci\u00f3<\/strong> Pon\u00e8ncia adre\u00e7ada tant a docents i equips directius dels centres educatius, aix\u00ed com a professionals de les arts i dels equipaments culturals\u00a0interessats en la intersecci\u00f3 entre el m\u00f3n educatiu i la creaci\u00f3 art\u00edstica. Tindr\u00e0 lloc el <strong>dijous 5 de febrer de 2026, <\/strong>de 17:30\u00a0a 19:00 h,\u00a0a la Sala dels Trinitaris de Vilafranca del Pened\u00e8s, a c\u00e0rrec d\u2019Eul\u00e0lia Valldosera, artista visual multidisciplinar i mediadora. Per tal de facilitar l\u2019organitzaci\u00f3 cal que confirmeu\u00a0l&#8217;assist\u00e8ncia\u00a0a <a href=\"mailto:susannabernadi@gencat.cat\">susannabernadi@gencat.cat<\/a>.<\/p>\n<\/blockquote>\n<p>Per a qualsevol dubte o ampliaci\u00f3 d&#8217;informaci\u00f3 contacteu amb <a href=\"mailto:susannabernadi@gencat.cat?subject=Informaci%C3%B3%20sobre%20activitat%20D007310547%20\/%202025-2026\">susannabernadi@gencat.cat<\/a><\/p>\n<p><iframe loading=\"lazy\" src=\"https:\/\/drive.google.com\/file\/d\/1Rn5dyN6JMqdQBF4fqV4UOW19U5oZRvMF\/preview\" width=\"100%\" height=\"480\"><\/iframe><\/p>\n\n\n<p>Formaci\u00f3 adre\u00e7ada a docents de prim\u00e0ria i secund\u00e0ria de totes les \u00e0rees. Tindr\u00e0 lloc entre el&nbsp;5 i el 19 de febrer de 2026 a tres espais de la ciutat de Vilafranca del Pened\u00e8s. L&#8217;<a href=\"https:\/\/aplicacions.gestioeducativa.gencat.cat\/ords\/pls\/soloas\/pk_for_mod_ins.p_for_detall_activitat?p_codi=D007310547&amp;p_curs=2025-2026&amp;p_es_inscr=S\" data-type=\"link\" data-id=\"https:\/\/aplicacions.gestioeducativa.gencat.cat\/ords\/pls\/soloas\/pk_for_mod_ins.p_for_detall_activitat?p_codi=D007310547&amp;p_curs=2025-2026&amp;p_es_inscr=S\" target=\"_blank\" rel=\"noreferrer noopener\">inscripci\u00f3<\/a> ja est\u00e0 oberta.<\/p>\n","protected":false},"excerpt":{"rendered":"<p><iframe loading=\"lazy\" width=\"560\" height=\"315\" src=\"https:\/\/www.youtube.com\/embed\/gXpa84fI3J0?si=0pHh9CyPhhmEbTuH\" title=\"YouTube video player\" frameborder=\"0\" allow=\"accelerometer; autoplay; clipboard-write; encrypted-media; gyroscope; picture-in-picture; web-share\" referrerpolicy=\"strict-origin-when-cross-origin\" allowfullscreen><\/iframe><\/p>\n<p>Formaci\u00f3 adre\u00e7ada a docents de prim\u00e0ria i secund\u00e0ria de totes les \u00e0rees. Tindr\u00e0 lloc entre el\u00a05 i el 19 de febrer de 2026 a tres espais de la ciutat de Vilafranca del Pened\u00e8s. L&#8217; <a href=\"https:\/\/aplicacions.gestioeducativa.gencat.cat\/ords\/pls\/soloas\/pk_for_mod_ins.p_for_detall_activitat?p_codi=D007310547&#038;p_curs=2025-2026&#038;p_es_inscr=S\" data-type=\"link\" data-id=\"https:\/\/aplicacions.gestioeducativa.gencat.cat\/ords\/pls\/soloas\/pk_for_mod_ins.p_for_detall_activitat?p_codi=D007310547&#038;p_curs=2025-2026&#038;p_es_inscr=S\" target=\"_blank\" rel=\"noreferrer noopener\">inscripci\u00f3<\/a>  ja est\u00e0 oberta.<\/p>\n","protected":false},"author":6,"featured_media":0,"comment_status":"open","ping_status":"open","sticky":false,"template":"","format":"standard","meta":{"site-sidebar-layout":"default","site-content-layout":"","ast-site-content-layout":"default","site-content-style":"default","site-sidebar-style":"default","ast-global-header-display":"","ast-banner-title-visibility":"","ast-main-header-display":"","ast-hfb-above-header-display":"","ast-hfb-below-header-display":"","ast-hfb-mobile-header-display":"","site-post-title":"","ast-breadcrumbs-content":"","ast-featured-img":"","footer-sml-layout":"","theme-transparent-header-meta":"","adv-header-id-meta":"","stick-header-meta":"","header-above-stick-meta":"","header-main-stick-meta":"","header-below-stick-meta":"","astra-migrate-meta-layouts":"set","ast-page-background-enabled":"default","ast-page-background-meta":{"desktop":{"background-color":"var(--ast-global-color-4)","background-image":"","background-repeat":"repeat","background-position":"center center","background-size":"auto","background-attachment":"scroll","background-type":"","background-media":"","overlay-type":"","overlay-color":"","overlay-opacity":"","overlay-gradient":""},"tablet":{"background-color":"","background-image":"","background-repeat":"repeat","background-position":"center center","background-size":"auto","background-attachment":"scroll","background-type":"","background-media":"","overlay-type":"","overlay-color":"","overlay-opacity":"","overlay-gradient":""},"mobile":{"background-color":"","background-image":"","background-repeat":"repeat","background-position":"center center","background-size":"auto","background-attachment":"scroll","background-type":"","background-media":"","overlay-type":"","overlay-color":"","overlay-opacity":"","overlay-gradient":""}},"ast-content-background-meta":{"desktop":{"background-color":"var(--ast-global-color-5)","background-image":"","background-repeat":"repeat","background-position":"center center","background-size":"auto","background-attachment":"scroll","background-type":"","background-media":"","overlay-type":"","overlay-color":"","overlay-opacity":"","overlay-gradient":""},"tablet":{"background-color":"var(--ast-global-color-5)","background-image":"","background-repeat":"repeat","background-position":"center center","background-size":"auto","background-attachment":"scroll","background-type":"","background-media":"","overlay-type":"","overlay-color":"","overlay-opacity":"","overlay-gradient":""},"mobile":{"background-color":"var(--ast-global-color-5)","background-image":"","background-repeat":"repeat","background-position":"center center","background-size":"auto","background-attachment":"scroll","background-type":"","background-media":"","overlay-type":"","overlay-color":"","overlay-opacity":"","overlay-gradient":""}},"footnotes":""},"categories":[1],"tags":[869],"class_list":["post-15864","post","type-post","status-publish","format-standard","hentry","category-general","tag-curs-2025-2026"],"post_mailing_queue_ids":[],"_links":{"self":[{"href":"https:\/\/serveiseducatius.xtec.cat\/altpenedes\/wp-json\/wp\/v2\/posts\/15864","targetHints":{"allow":["GET"]}}],"collection":[{"href":"https:\/\/serveiseducatius.xtec.cat\/altpenedes\/wp-json\/wp\/v2\/posts"}],"about":[{"href":"https:\/\/serveiseducatius.xtec.cat\/altpenedes\/wp-json\/wp\/v2\/types\/post"}],"author":[{"embeddable":true,"href":"https:\/\/serveiseducatius.xtec.cat\/altpenedes\/wp-json\/wp\/v2\/users\/6"}],"replies":[{"embeddable":true,"href":"https:\/\/serveiseducatius.xtec.cat\/altpenedes\/wp-json\/wp\/v2\/comments?post=15864"}],"version-history":[{"count":6,"href":"https:\/\/serveiseducatius.xtec.cat\/altpenedes\/wp-json\/wp\/v2\/posts\/15864\/revisions"}],"predecessor-version":[{"id":15939,"href":"https:\/\/serveiseducatius.xtec.cat\/altpenedes\/wp-json\/wp\/v2\/posts\/15864\/revisions\/15939"}],"wp:attachment":[{"href":"https:\/\/serveiseducatius.xtec.cat\/altpenedes\/wp-json\/wp\/v2\/media?parent=15864"}],"wp:term":[{"taxonomy":"category","embeddable":true,"href":"https:\/\/serveiseducatius.xtec.cat\/altpenedes\/wp-json\/wp\/v2\/categories?post=15864"},{"taxonomy":"post_tag","embeddable":true,"href":"https:\/\/serveiseducatius.xtec.cat\/altpenedes\/wp-json\/wp\/v2\/tags?post=15864"}],"curies":[{"name":"wp","href":"https:\/\/api.w.org\/{rel}","templated":true}]}}