{"id":15734,"date":"2026-04-08T11:58:00","date_gmt":"2026-04-08T09:58:00","guid":{"rendered":"https:\/\/serveiseducatius.xtec.cat\/altpenedes\/?p=15734"},"modified":"2026-04-08T13:23:28","modified_gmt":"2026-04-08T11:23:28","slug":"una-mirada-pictorica-sobre-lobra-de-pau-boada","status":"publish","type":"post","link":"https:\/\/serveiseducatius.xtec.cat\/altpenedes\/general\/una-mirada-pictorica-sobre-lobra-de-pau-boada\/","title":{"rendered":"Una mirada pict\u00f2rica sobre l\u2019obra de Pau Boada"},"content":{"rendered":"<p data-start=\"174\" data-end=\"621\"><img loading=\"lazy\" decoding=\"async\" class=\"alignleft wp-image-15735\" src=\"https:\/\/serveiseducatius.xtec.cat\/altpenedes\/wp-content\/uploads\/usu763\/2025\/12\/Imatge-Pau-Boada-174x300.jpg\" alt=\"\" width=\"230\" height=\"398\" srcset=\"https:\/\/serveiseducatius.xtec.cat\/altpenedes\/wp-content\/uploads\/usu763\/2025\/12\/Imatge-Pau-Boada-174x300.jpg 174w, https:\/\/serveiseducatius.xtec.cat\/altpenedes\/wp-content\/uploads\/usu763\/2025\/12\/Imatge-Pau-Boada-592x1024.jpg 592w, https:\/\/serveiseducatius.xtec.cat\/altpenedes\/wp-content\/uploads\/usu763\/2025\/12\/Imatge-Pau-Boada-87x150.jpg 87w, https:\/\/serveiseducatius.xtec.cat\/altpenedes\/wp-content\/uploads\/usu763\/2025\/12\/Imatge-Pau-Boada-768x1328.jpg 768w, https:\/\/serveiseducatius.xtec.cat\/altpenedes\/wp-content\/uploads\/usu763\/2025\/12\/Imatge-Pau-Boada-888x1536.jpg 888w, https:\/\/serveiseducatius.xtec.cat\/altpenedes\/wp-content\/uploads\/usu763\/2025\/12\/Imatge-Pau-Boada.jpg 911w\" sizes=\"auto, (max-width: 230px) 100vw, 230px\" \/>El proper mes d\u2019abril de 2026, la sala d\u2019exposicions del F\u00f2rum Berger de Vilafranca acollir\u00e0 una mostra pict\u00f2rica de Dolors Rovira dedicada a l\u2019obra del pintor Pau Boada i Mercader. L\u2019exposici\u00f3, que es podr\u00e0 visitar del 17 d\u2019abril al 26 de maig, porta per t\u00edtol <strong data-start=\"436\" data-end=\"496\">\u201cUna mirada pict\u00f2rica sobre l\u2019obra del pintor Pau Boada\u201d<\/strong> i vol retre homenatge a un artista que ha deixat una empremta fonda en la representaci\u00f3 del m\u00f3n de la vinya i el seu entorn.<\/p>\n<p data-start=\"623\" data-end=\"919\">Rovira presenta un conjunt de quadres on desfilen personatges, eines i escenes vinculades al treball de la vinya. S\u00f3n peces plenes de color, tra\u00e7 segur i intenci\u00f3 pedag\u00f2gica, que reflecteixen la mirada persistent d\u2019un pintor que ha sabut captar l\u2019ess\u00e8ncia del nostre territori al llarg dels anys.<\/p>\n<p data-start=\"921\" data-end=\"1214\">Amb voluntat divulgadora, l\u2019autora ha previst un seguit de <strong>tallers adre\u00e7ats principalment a l\u2019alumnat de 1r i 2n de prim\u00e0ria, tot i que es poden adaptar als altres nivells educatius que proposi el centre en funci\u00f3 de les seves necessitats.<\/strong>\u00a0Les escoles interessades hauran de reservar dia i hora per a la visita contactant per correu electr\u00f2nic a <strong data-start=\"372\" data-end=\"392\"><a class=\"decorated-link cursor-pointer\" rel=\"noopener\" data-start=\"374\" data-end=\"390\">forum@pinnae.cat<\/a><\/strong>. Aquests tallers es duran a terme a la mateixa sala d\u2019exposicions, en horari lectiu de mat\u00ed, <strong data-start=\"486\" data-end=\"530\">els dilluns, dimarts, dijous i divendres<\/strong>, en <strong data-start=\"535\" data-end=\"634\">dues franges hor\u00e0ries d\u2019uns 50 minuts aproximadament: de 9.30 h a 10.30 h i d\u201911.00 h a 12.00 h<\/strong>.<\/p>\n<p data-start=\"1216\" data-end=\"1649\"><img loading=\"lazy\" decoding=\"async\" class=\"alignright wp-image-15839 size-medium\" src=\"https:\/\/serveiseducatius.xtec.cat\/altpenedes\/wp-content\/uploads\/usu763\/2025\/12\/logo_any_Pau_Boada-300x300.jpg\" alt=\"\" width=\"300\" height=\"300\" srcset=\"https:\/\/serveiseducatius.xtec.cat\/altpenedes\/wp-content\/uploads\/usu763\/2025\/12\/logo_any_Pau_Boada-300x300.jpg 300w, https:\/\/serveiseducatius.xtec.cat\/altpenedes\/wp-content\/uploads\/usu763\/2025\/12\/logo_any_Pau_Boada-150x150.jpg 150w, https:\/\/serveiseducatius.xtec.cat\/altpenedes\/wp-content\/uploads\/usu763\/2025\/12\/logo_any_Pau_Boada.jpg 640w\" sizes=\"auto, (max-width: 300px) 100vw, 300px\" \/>L\u2019activitat inclour\u00e0 una explicaci\u00f3 de la biografia i l\u2019obra de Pau Boada, una visita guiada comentada per Dolors Rovira i la narraci\u00f3 d\u2019uns contes vinculats a l\u2019univers del pintor, extrets del llibre <em data-start=\"742\" data-end=\"816\">L\u2019ocell Piulaf\u00ed i altres contes inspirats en l\u2019obra del pintor Pau Boada<\/em> (publicat per Edicions i Propostes Culturals Andana), que ha tingut una nova edici\u00f3 i estar\u00e0 a la venda a la mateixa sala durant la mostra. Aquest recull de contes, escrit i il\u00b7lustrat per Dolors Rovira Rovira, pren elements directament de les pintures de Boada per construir relats adre\u00e7ats al p\u00fablic infantil. Tot seguit, els infants podran escollir el quadre que m\u00e9s els hagi cridat l\u2019atenci\u00f3 i reproduir-ne la seva pr\u00f2pia versi\u00f3 amb el material preparat a la sala. En acabar, cada alumne rebr\u00e0 un dossier de dibuixos relacionats amb els continguts treballats.<\/p>\n<p data-start=\"1651\" data-end=\"1886\" data-is-last-node=\"\" data-is-only-node=\"\">L\u2019exposici\u00f3 i els tallers configuren una bona oportunitat perqu\u00e8 els m\u00e9s petits coneguin de primera m\u00e0 l\u2019obra d\u2019un artista arrelat al paisatge penedesenc i al seu ofici. Que en puguin treure profit \u00e9s, sens dubte, la millor recompensa.<\/p>\n\n\n<p><\/p>\n","protected":false},"excerpt":{"rendered":"<p>El proper mes d\u2019abril de 2026, la sala d\u2019exposicions del F\u00f2rum Berger de Vilafranca acollir\u00e0 una mostra pict\u00f2rica de Dolors Rovira dedicada a l\u2019obra del pintor Pau Boada i Mercader.<\/p>\n","protected":false},"author":6,"featured_media":16084,"comment_status":"open","ping_status":"open","sticky":false,"template":"","format":"standard","meta":{"site-sidebar-layout":"default","site-content-layout":"","ast-site-content-layout":"default","site-content-style":"default","site-sidebar-style":"default","ast-global-header-display":"","ast-banner-title-visibility":"","ast-main-header-display":"","ast-hfb-above-header-display":"","ast-hfb-below-header-display":"","ast-hfb-mobile-header-display":"","site-post-title":"","ast-breadcrumbs-content":"","ast-featured-img":"","footer-sml-layout":"","theme-transparent-header-meta":"","adv-header-id-meta":"","stick-header-meta":"","header-above-stick-meta":"","header-main-stick-meta":"","header-below-stick-meta":"","astra-migrate-meta-layouts":"set","ast-page-background-enabled":"default","ast-page-background-meta":{"desktop":{"background-color":"var(--ast-global-color-4)","background-image":"","background-repeat":"repeat","background-position":"center center","background-size":"auto","background-attachment":"scroll","background-type":"","background-media":"","overlay-type":"","overlay-color":"","overlay-opacity":"","overlay-gradient":""},"tablet":{"background-color":"","background-image":"","background-repeat":"repeat","background-position":"center center","background-size":"auto","background-attachment":"scroll","background-type":"","background-media":"","overlay-type":"","overlay-color":"","overlay-opacity":"","overlay-gradient":""},"mobile":{"background-color":"","background-image":"","background-repeat":"repeat","background-position":"center center","background-size":"auto","background-attachment":"scroll","background-type":"","background-media":"","overlay-type":"","overlay-color":"","overlay-opacity":"","overlay-gradient":""}},"ast-content-background-meta":{"desktop":{"background-color":"var(--ast-global-color-5)","background-image":"","background-repeat":"repeat","background-position":"center center","background-size":"auto","background-attachment":"scroll","background-type":"","background-media":"","overlay-type":"","overlay-color":"","overlay-opacity":"","overlay-gradient":""},"tablet":{"background-color":"var(--ast-global-color-5)","background-image":"","background-repeat":"repeat","background-position":"center center","background-size":"auto","background-attachment":"scroll","background-type":"","background-media":"","overlay-type":"","overlay-color":"","overlay-opacity":"","overlay-gradient":""},"mobile":{"background-color":"var(--ast-global-color-5)","background-image":"","background-repeat":"repeat","background-position":"center center","background-size":"auto","background-attachment":"scroll","background-type":"","background-media":"","overlay-type":"","overlay-color":"","overlay-opacity":"","overlay-gradient":""}},"footnotes":""},"categories":[1,29],"tags":[869],"class_list":["post-15734","post","type-post","status-publish","format-standard","has-post-thumbnail","hentry","category-general","category-portada","tag-curs-2025-2026"],"post_mailing_queue_ids":[],"_links":{"self":[{"href":"https:\/\/serveiseducatius.xtec.cat\/altpenedes\/wp-json\/wp\/v2\/posts\/15734","targetHints":{"allow":["GET"]}}],"collection":[{"href":"https:\/\/serveiseducatius.xtec.cat\/altpenedes\/wp-json\/wp\/v2\/posts"}],"about":[{"href":"https:\/\/serveiseducatius.xtec.cat\/altpenedes\/wp-json\/wp\/v2\/types\/post"}],"author":[{"embeddable":true,"href":"https:\/\/serveiseducatius.xtec.cat\/altpenedes\/wp-json\/wp\/v2\/users\/6"}],"replies":[{"embeddable":true,"href":"https:\/\/serveiseducatius.xtec.cat\/altpenedes\/wp-json\/wp\/v2\/comments?post=15734"}],"version-history":[{"count":6,"href":"https:\/\/serveiseducatius.xtec.cat\/altpenedes\/wp-json\/wp\/v2\/posts\/15734\/revisions"}],"predecessor-version":[{"id":15960,"href":"https:\/\/serveiseducatius.xtec.cat\/altpenedes\/wp-json\/wp\/v2\/posts\/15734\/revisions\/15960"}],"wp:featuredmedia":[{"embeddable":true,"href":"https:\/\/serveiseducatius.xtec.cat\/altpenedes\/wp-json\/wp\/v2\/media\/16084"}],"wp:attachment":[{"href":"https:\/\/serveiseducatius.xtec.cat\/altpenedes\/wp-json\/wp\/v2\/media?parent=15734"}],"wp:term":[{"taxonomy":"category","embeddable":true,"href":"https:\/\/serveiseducatius.xtec.cat\/altpenedes\/wp-json\/wp\/v2\/categories?post=15734"},{"taxonomy":"post_tag","embeddable":true,"href":"https:\/\/serveiseducatius.xtec.cat\/altpenedes\/wp-json\/wp\/v2\/tags?post=15734"}],"curies":[{"name":"wp","href":"https:\/\/api.w.org\/{rel}","templated":true}]}}