{"id":15652,"date":"2025-11-04T14:53:36","date_gmt":"2025-11-04T13:53:36","guid":{"rendered":"https:\/\/serveiseducatius.xtec.cat\/altpenedes\/?p=15652"},"modified":"2025-11-04T14:54:19","modified_gmt":"2025-11-04T13:54:19","slug":"programa-de-reconeixement-dinnovacio-educativa","status":"publish","type":"post","link":"https:\/\/serveiseducatius.xtec.cat\/altpenedes\/general\/programa-de-reconeixement-dinnovacio-educativa\/","title":{"rendered":"Programa de reconeixement d\u2019innovaci\u00f3 educativa"},"content":{"rendered":"<p><strong>Resoluci\u00f3 EDF\/3819\/2025, de 15 d&#8217;octubre<\/strong>, per la qual es fa p\u00fablica la convocat\u00f2ria per al reconeixement de pr\u00e0ctiques educatives de refer\u00e8ncia, projectes d\u2019innovaci\u00f3 educativa i iniciatives d&#8217;innovaci\u00f3 vinculades a la millora dels resultats educatius en els centres educatius sostinguts amb fons p\u00fablics de Catalunya.<\/p>\n<p>Consulteu les infografies:<\/p>\n<ul style=\"list-style-type: circle;\">\n<li><a href=\"https:\/\/drive.google.com\/file\/d\/1T_2Sa4ha4OwDwuRYylbsVrw2EnR9uh6N\/view?usp=drive_link\" target=\"_blank\" rel=\"noopener\">Iniciatives d&#8217;innovaci\u00f3<\/a><\/li>\n<li><a href=\"https:\/\/drive.google.com\/file\/d\/1Rkn2XjCJwb7iVRyvk5mFWNgyZr6yjQpW\/view?usp=drive_link\" target=\"_blank\" rel=\"noopener\">Pr\u00e0ctiques educatives<\/a><\/li>\n<li><a href=\"https:\/\/drive.google.com\/file\/d\/1tRPEoSID13iq6ywdYU43YyTjwxGwtLY-\/view?usp=drive_link\" target=\"_blank\" rel=\"noopener\">Projectes d&#8217;innovaci\u00f3<\/a><\/li>\n<\/ul>\n<p>Tota la documentaci\u00f3 (sol\u00b7licituds, mem\u00f2ries i informaci\u00f3 complement\u00e0ria) est\u00e0 disponible al\u00a0<strong><a href=\"https:\/\/espai.educacio.gencat.cat\/Centres\/Innovacio-pedagogica\/Pagines\/default.aspx\" target=\"_blank\" rel=\"noopener\" data-saferedirecturl=\"https:\/\/www.google.com\/url?q=https:\/\/espai.educacio.gencat.cat\/Centres\/Innovacio-pedagogica\/Pagines\/default.aspx&amp;source=gmail&amp;ust=1762329322103000&amp;usg=AOvVaw1xcvQaGrOCBtd-t0oCbWBZ\">Portal de centre<\/a>.<\/strong><\/p>\n<p><b>Per a qualsevol consulta, us podeu adre\u00e7ar al correu\u00a0<a href=\"mailto:innovacio@xtec.cat\" target=\"_blank\" rel=\"noopener\">innovacio@xtec.cat<\/a><\/b><\/p>\n\n\n<p><\/p>\n","protected":false},"excerpt":{"rendered":"<p>El dilluns 27 d&#8217;octubre de 2025 va sortir publicada la resoluci\u00f3 per la qual es fa p\u00fablica la convocat\u00f2ria per al reconeixement de pr\u00e0ctiques educatives de refer\u00e8ncia, projectes d\u2019innovaci\u00f3 educativa i iniciatives d&#8217;innovaci\u00f3.<\/p>\n","protected":false},"author":6,"featured_media":15653,"comment_status":"open","ping_status":"open","sticky":false,"template":"","format":"standard","meta":{"site-sidebar-layout":"default","site-content-layout":"","ast-site-content-layout":"default","site-content-style":"default","site-sidebar-style":"default","ast-global-header-display":"","ast-banner-title-visibility":"","ast-main-header-display":"","ast-hfb-above-header-display":"","ast-hfb-below-header-display":"","ast-hfb-mobile-header-display":"","site-post-title":"","ast-breadcrumbs-content":"","ast-featured-img":"","footer-sml-layout":"","theme-transparent-header-meta":"","adv-header-id-meta":"","stick-header-meta":"","header-above-stick-meta":"","header-main-stick-meta":"","header-below-stick-meta":"","astra-migrate-meta-layouts":"set","ast-page-background-enabled":"default","ast-page-background-meta":{"desktop":{"background-color":"var(--ast-global-color-4)","background-image":"","background-repeat":"repeat","background-position":"center center","background-size":"auto","background-attachment":"scroll","background-type":"","background-media":"","overlay-type":"","overlay-color":"","overlay-opacity":"","overlay-gradient":""},"tablet":{"background-color":"","background-image":"","background-repeat":"repeat","background-position":"center center","background-size":"auto","background-attachment":"scroll","background-type":"","background-media":"","overlay-type":"","overlay-color":"","overlay-opacity":"","overlay-gradient":""},"mobile":{"background-color":"","background-image":"","background-repeat":"repeat","background-position":"center center","background-size":"auto","background-attachment":"scroll","background-type":"","background-media":"","overlay-type":"","overlay-color":"","overlay-opacity":"","overlay-gradient":""}},"ast-content-background-meta":{"desktop":{"background-color":"var(--ast-global-color-5)","background-image":"","background-repeat":"repeat","background-position":"center center","background-size":"auto","background-attachment":"scroll","background-type":"","background-media":"","overlay-type":"","overlay-color":"","overlay-opacity":"","overlay-gradient":""},"tablet":{"background-color":"var(--ast-global-color-5)","background-image":"","background-repeat":"repeat","background-position":"center center","background-size":"auto","background-attachment":"scroll","background-type":"","background-media":"","overlay-type":"","overlay-color":"","overlay-opacity":"","overlay-gradient":""},"mobile":{"background-color":"var(--ast-global-color-5)","background-image":"","background-repeat":"repeat","background-position":"center center","background-size":"auto","background-attachment":"scroll","background-type":"","background-media":"","overlay-type":"","overlay-color":"","overlay-opacity":"","overlay-gradient":""}},"footnotes":""},"categories":[1,29],"tags":[869],"class_list":["post-15652","post","type-post","status-publish","format-standard","has-post-thumbnail","hentry","category-general","category-portada","tag-curs-2025-2026"],"post_mailing_queue_ids":[],"_links":{"self":[{"href":"https:\/\/serveiseducatius.xtec.cat\/altpenedes\/wp-json\/wp\/v2\/posts\/15652","targetHints":{"allow":["GET"]}}],"collection":[{"href":"https:\/\/serveiseducatius.xtec.cat\/altpenedes\/wp-json\/wp\/v2\/posts"}],"about":[{"href":"https:\/\/serveiseducatius.xtec.cat\/altpenedes\/wp-json\/wp\/v2\/types\/post"}],"author":[{"embeddable":true,"href":"https:\/\/serveiseducatius.xtec.cat\/altpenedes\/wp-json\/wp\/v2\/users\/6"}],"replies":[{"embeddable":true,"href":"https:\/\/serveiseducatius.xtec.cat\/altpenedes\/wp-json\/wp\/v2\/comments?post=15652"}],"version-history":[{"count":2,"href":"https:\/\/serveiseducatius.xtec.cat\/altpenedes\/wp-json\/wp\/v2\/posts\/15652\/revisions"}],"predecessor-version":[{"id":15655,"href":"https:\/\/serveiseducatius.xtec.cat\/altpenedes\/wp-json\/wp\/v2\/posts\/15652\/revisions\/15655"}],"wp:featuredmedia":[{"embeddable":true,"href":"https:\/\/serveiseducatius.xtec.cat\/altpenedes\/wp-json\/wp\/v2\/media\/15653"}],"wp:attachment":[{"href":"https:\/\/serveiseducatius.xtec.cat\/altpenedes\/wp-json\/wp\/v2\/media?parent=15652"}],"wp:term":[{"taxonomy":"category","embeddable":true,"href":"https:\/\/serveiseducatius.xtec.cat\/altpenedes\/wp-json\/wp\/v2\/categories?post=15652"},{"taxonomy":"post_tag","embeddable":true,"href":"https:\/\/serveiseducatius.xtec.cat\/altpenedes\/wp-json\/wp\/v2\/tags?post=15652"}],"curies":[{"name":"wp","href":"https:\/\/api.w.org\/{rel}","templated":true}]}}