{"id":15520,"date":"2025-10-16T13:29:54","date_gmt":"2025-10-16T11:29:54","guid":{"rendered":"https:\/\/serveiseducatius.xtec.cat\/altpenedes\/?p=15520"},"modified":"2025-10-16T13:37:11","modified_gmt":"2025-10-16T11:37:11","slug":"recerkids-celebra-10-anys-porta-la-recerca-cientifica-a-les-aules-de-primaria","status":"publish","type":"post","link":"https:\/\/serveiseducatius.xtec.cat\/altpenedes\/general\/recerkids-celebra-10-anys-porta-la-recerca-cientifica-a-les-aules-de-primaria\/","title":{"rendered":"Recerkids celebra 10 anys: porta la recerca cient\u00edfica a les aules de Prim\u00e0ria"},"content":{"rendered":"\n<figure class=\"wp-block-image size-full\"><img loading=\"lazy\" decoding=\"async\" width=\"652\" height=\"164\" src=\"https:\/\/serveiseducatius.xtec.cat\/altpenedes\/wp-content\/uploads\/usu763\/2025\/10\/recerkids.jpg\" alt=\"\" class=\"wp-image-15521\" srcset=\"https:\/\/serveiseducatius.xtec.cat\/altpenedes\/wp-content\/uploads\/usu763\/2025\/10\/recerkids.jpg 652w, https:\/\/serveiseducatius.xtec.cat\/altpenedes\/wp-content\/uploads\/usu763\/2025\/10\/recerkids-300x75.jpg 300w, https:\/\/serveiseducatius.xtec.cat\/altpenedes\/wp-content\/uploads\/usu763\/2025\/10\/recerkids-150x38.jpg 150w\" sizes=\"auto, (max-width: 652px) 100vw, 652px\" \/><\/figure>\n\n\n\n<p><a href=\"https:\/\/recercaiuniversitats.gencat.cat\/ca\/03_ambits_dactuacio\/ciencia_i_societat\/la_ciencia_a_les_escoles\/Recerkids\/edicio-2025-2026\/\">Recerkids <\/a>arriba a la <strong>10a edici\u00f3<\/strong> i ho fa amb una crida a totes les escoles: ajudeu-nos a apropar la recerca cient\u00edfica a l\u2019alumnat de <strong>5\u00e8 i 6\u00e8 de Prim\u00e0ria<\/strong> amb un projecte engrescador, acompanyat i compartit amb altres centres de Catalunya.<\/p>\n\n\n\n<p>\ud83c\udfaf <strong>Objectiu del programa<\/strong><\/p>\n\n\n\n<blockquote class=\"wp-block-quote is-layout-flow wp-block-quote-is-layout-flow\">\n<p>Fomentar el pensament cient\u00edfic a l\u2019aula amb <strong>materials did\u00e0ctics pautats<\/strong>, <strong>assessorament personalitzat<\/strong> i l\u2019oportunitat de <strong>presentar els resultats<\/strong> en congressos cient\u00edfics territorials.<\/p>\n<\/blockquote>\n\n\n\n<h2 class=\"wp-block-heading\">Tem\u00e0tica de la 10a edici\u00f3<\/h2>\n\n\n\n<p>Aquest curs, Recerkids posa el focus en <strong>les matem\u00e0tiques i l\u2019astronomia<\/strong> per <strong>commemorar la figura de Maria Assumpci\u00f3 Catal\u00e0 i Poch (1925\u20132009)<\/strong>, matem\u00e0tica i astr\u00f2noma catalana. La seva traject\u00f2ria inspira els <strong>tres eixos d\u2019investigaci\u00f3<\/strong> d\u2019enguany:<\/p>\n\n\n\n<ul class=\"wp-block-list\">\n<li>Com ens ajuden les matem\u00e0tiques a representar la realitat?<\/li>\n\n\n\n<li>Qu\u00e8 podem aprendre mirant el cel?<\/li>\n\n\n\n<li>Qu\u00e8 necessitem per observar les estrelles? (introducci\u00f3 a la llum i als telescopis)<\/li>\n<\/ul>\n\n\n\n<h2 class=\"wp-block-heading\">Com funciona el programa<\/h2>\n\n\n\n<p><strong>Recerkids<\/strong> combina treball a l\u2019aula i trobada entre escoles en <strong>dues fases<\/strong>:<\/p>\n\n\n\n<h3 class=\"wp-block-heading\">Fase 1 \u00b7 Projecte de recerca a l\u2019aula<\/h3>\n\n\n\n<ul class=\"wp-block-list\">\n<li>Sense l\u00edmit de places.<\/li>\n\n\n\n<li>Materials de suport per al professorat i assessorament did\u00e0ctic personalitzat.<\/li>\n\n\n\n<li>Xerrada d\u2019una persona experta en la tem\u00e0tica d\u2019aquesta edici\u00f3.<\/li>\n<\/ul>\n\n\n\n<h3 class=\"wp-block-heading\">Fase 2 \u00b7 Congressos cient\u00edfics territorials<\/h3>\n\n\n\n<ul class=\"wp-block-list\">\n<li>Tindran lloc a Barcelona, Girona, Tarragona, Lleida i Vic.<\/li>\n\n\n\n<li>Els grups classe exposaran i compartiran els resultats de la seva recerca.<\/li>\n\n\n\n<li>Inclou un espectacle i tallers cient\u00edfics.<\/li>\n\n\n\n<li>Places limitades i assignaci\u00f3 per ordre d\u2019inscripci\u00f3.<\/li>\n<\/ul>\n\n\n\n<h2 class=\"wp-block-heading\">Calendari 2025\u20132026<\/h2>\n\n\n\n<ul class=\"wp-block-list\">\n<li>Inscripcions: fins al 31 d\u2019octubre de 2025 <\/li>\n\n\n\n<li>Projecte de recerca a l\u2019aula: del 8 de gener al 10 d\u2019abril de 2026<\/li>\n\n\n\n<li>Congressos cient\u00edfics: abril i maig de 2026 <\/li>\n<\/ul>\n\n\n\n<h2 class=\"wp-block-heading\">Per qu\u00e8 participar?<\/h2>\n\n\n\n<ul class=\"wp-block-list\">\n<li>Aprenentatge competencial a partir de preguntes reals i significatives.<\/li>\n\n\n\n<li>Acompanyament i recursos per facilitar la tasca docent.<\/li>\n\n\n\n<li>Visibilitat del treball de l\u2019alumnat en un entorn compartit amb altres centres.<\/li>\n\n\n\n<li>Connexi\u00f3 de matem\u00e0tiques, astronomia i m\u00e8tode cient\u00edfic amb la realitat de l\u2019aula.<\/li>\n<\/ul>\n\n\n\n<h2 class=\"wp-block-heading\">Inscripcions<\/h2>\n\n\n\n<p>Feu la vostra inscripci\u00f3 abans del <strong>31 d\u2019octubre<\/strong> de 2025:<br>\ud83d\udc49 <strong><a href=\"https:\/\/docs.google.com\/forms\/d\/e\/1FAIpQLSfgdCI1M2S5gWCgNZoKtbM7zNjJZEHVWTFSEazxLZIYAacOoA\/viewform\">Formulari d\u2019inscripci\u00f3<\/a><\/strong><\/p>\n\n\n\n<h2 class=\"wp-block-heading\">Contacte<\/h2>\n\n\n\n<p>Per a <strong>dubtes o aclariments<\/strong>, ens podeu contactar:<\/p>\n\n\n\n<ul class=\"wp-block-list\">\n<li><strong>Correu electr\u00f2nic:<\/strong> <a>recerkids.recercaiuniversitats@gencat.cat<\/a><\/li>\n\n\n\n<li><strong>Tel\u00e8fon:<\/strong> 646 033 256<\/li>\n<\/ul>\n\n\n\n<h3 class=\"wp-block-heading\">Fem cr\u00e9ixer la ci\u00e8ncia a les escoles<\/h3>\n\n\n\n<p>Amb Recerkids, l\u2019alumnat descobreix com el coneixement cient\u00edfic ajuda a entendre l\u2019entorn, a formular bones preguntes i a comunicar resultats. Engresqueu-vos-hi i celebreu amb nosaltres aquests 10 anys d\u2019aprendre fent ci\u00e8ncia!<\/p>\n\n\n\n<figure class=\"wp-block-image size-large\"><img loading=\"lazy\" decoding=\"async\" width=\"1024\" height=\"683\" src=\"https:\/\/serveiseducatius.xtec.cat\/altpenedes\/wp-content\/uploads\/usu763\/2025\/10\/recerkids-2-1024x683.jpg\" alt=\"\" class=\"wp-image-15524\" srcset=\"https:\/\/serveiseducatius.xtec.cat\/altpenedes\/wp-content\/uploads\/usu763\/2025\/10\/recerkids-2-1024x683.jpg 1024w, https:\/\/serveiseducatius.xtec.cat\/altpenedes\/wp-content\/uploads\/usu763\/2025\/10\/recerkids-2-300x200.jpg 300w, https:\/\/serveiseducatius.xtec.cat\/altpenedes\/wp-content\/uploads\/usu763\/2025\/10\/recerkids-2-150x100.jpg 150w, https:\/\/serveiseducatius.xtec.cat\/altpenedes\/wp-content\/uploads\/usu763\/2025\/10\/recerkids-2-768x512.jpg 768w, https:\/\/serveiseducatius.xtec.cat\/altpenedes\/wp-content\/uploads\/usu763\/2025\/10\/recerkids-2-1536x1024.jpg 1536w, https:\/\/serveiseducatius.xtec.cat\/altpenedes\/wp-content\/uploads\/usu763\/2025\/10\/recerkids-2.jpg 1630w\" sizes=\"auto, (max-width: 1024px) 100vw, 1024px\" \/><\/figure>\n","protected":false},"excerpt":{"rendered":"<p>Recerkids arriba a la 10a edici\u00f3 i ho fa amb una crida a totes les escoles: ajudeu-nos a apropar la [&hellip;]<\/p>\n","protected":false},"author":6,"featured_media":15524,"comment_status":"open","ping_status":"open","sticky":false,"template":"","format":"standard","meta":{"site-sidebar-layout":"default","site-content-layout":"","ast-site-content-layout":"default","site-content-style":"default","site-sidebar-style":"default","ast-global-header-display":"","ast-banner-title-visibility":"","ast-main-header-display":"","ast-hfb-above-header-display":"","ast-hfb-below-header-display":"","ast-hfb-mobile-header-display":"","site-post-title":"","ast-breadcrumbs-content":"","ast-featured-img":"","footer-sml-layout":"","theme-transparent-header-meta":"","adv-header-id-meta":"","stick-header-meta":"","header-above-stick-meta":"","header-main-stick-meta":"","header-below-stick-meta":"","astra-migrate-meta-layouts":"set","ast-page-background-enabled":"default","ast-page-background-meta":{"desktop":{"background-color":"var(--ast-global-color-4)","background-image":"","background-repeat":"repeat","background-position":"center center","background-size":"auto","background-attachment":"scroll","background-type":"","background-media":"","overlay-type":"","overlay-color":"","overlay-opacity":"","overlay-gradient":""},"tablet":{"background-color":"","background-image":"","background-repeat":"repeat","background-position":"center center","background-size":"auto","background-attachment":"scroll","background-type":"","background-media":"","overlay-type":"","overlay-color":"","overlay-opacity":"","overlay-gradient":""},"mobile":{"background-color":"","background-image":"","background-repeat":"repeat","background-position":"center center","background-size":"auto","background-attachment":"scroll","background-type":"","background-media":"","overlay-type":"","overlay-color":"","overlay-opacity":"","overlay-gradient":""}},"ast-content-background-meta":{"desktop":{"background-color":"var(--ast-global-color-5)","background-image":"","background-repeat":"repeat","background-position":"center center","background-size":"auto","background-attachment":"scroll","background-type":"","background-media":"","overlay-type":"","overlay-color":"","overlay-opacity":"","overlay-gradient":""},"tablet":{"background-color":"var(--ast-global-color-5)","background-image":"","background-repeat":"repeat","background-position":"center center","background-size":"auto","background-attachment":"scroll","background-type":"","background-media":"","overlay-type":"","overlay-color":"","overlay-opacity":"","overlay-gradient":""},"mobile":{"background-color":"var(--ast-global-color-5)","background-image":"","background-repeat":"repeat","background-position":"center center","background-size":"auto","background-attachment":"scroll","background-type":"","background-media":"","overlay-type":"","overlay-color":"","overlay-opacity":"","overlay-gradient":""}},"footnotes":""},"categories":[1,29],"tags":[869],"class_list":["post-15520","post","type-post","status-publish","format-standard","has-post-thumbnail","hentry","category-general","category-portada","tag-curs-2025-2026"],"post_mailing_queue_ids":[],"_links":{"self":[{"href":"https:\/\/serveiseducatius.xtec.cat\/altpenedes\/wp-json\/wp\/v2\/posts\/15520","targetHints":{"allow":["GET"]}}],"collection":[{"href":"https:\/\/serveiseducatius.xtec.cat\/altpenedes\/wp-json\/wp\/v2\/posts"}],"about":[{"href":"https:\/\/serveiseducatius.xtec.cat\/altpenedes\/wp-json\/wp\/v2\/types\/post"}],"author":[{"embeddable":true,"href":"https:\/\/serveiseducatius.xtec.cat\/altpenedes\/wp-json\/wp\/v2\/users\/6"}],"replies":[{"embeddable":true,"href":"https:\/\/serveiseducatius.xtec.cat\/altpenedes\/wp-json\/wp\/v2\/comments?post=15520"}],"version-history":[{"count":3,"href":"https:\/\/serveiseducatius.xtec.cat\/altpenedes\/wp-json\/wp\/v2\/posts\/15520\/revisions"}],"predecessor-version":[{"id":15532,"href":"https:\/\/serveiseducatius.xtec.cat\/altpenedes\/wp-json\/wp\/v2\/posts\/15520\/revisions\/15532"}],"wp:featuredmedia":[{"embeddable":true,"href":"https:\/\/serveiseducatius.xtec.cat\/altpenedes\/wp-json\/wp\/v2\/media\/15524"}],"wp:attachment":[{"href":"https:\/\/serveiseducatius.xtec.cat\/altpenedes\/wp-json\/wp\/v2\/media?parent=15520"}],"wp:term":[{"taxonomy":"category","embeddable":true,"href":"https:\/\/serveiseducatius.xtec.cat\/altpenedes\/wp-json\/wp\/v2\/categories?post=15520"},{"taxonomy":"post_tag","embeddable":true,"href":"https:\/\/serveiseducatius.xtec.cat\/altpenedes\/wp-json\/wp\/v2\/tags?post=15520"}],"curies":[{"name":"wp","href":"https:\/\/api.w.org\/{rel}","templated":true}]}}