{"id":15387,"date":"2025-09-15T12:36:40","date_gmt":"2025-09-15T10:36:40","guid":{"rendered":"https:\/\/serveiseducatius.xtec.cat\/altpenedes\/?p=15387"},"modified":"2025-09-16T13:29:47","modified_gmt":"2025-09-16T11:29:47","slug":"formacio-servei-comunitari-alt-penedes","status":"publish","type":"post","link":"https:\/\/serveiseducatius.xtec.cat\/altpenedes\/general\/formacio-servei-comunitari-alt-penedes\/","title":{"rendered":"Formaci\u00f3 Servei Comunitari i Aprenentatge Servei"},"content":{"rendered":"\n<p>Per als referents de Servei Comunitari i per a tots els interessats en l\u2019Aprenentatge Servei (ApS) a l&#8217;Alt Pened\u00e8s<\/p>\n\n\n\n<p>El <strong>Servei Comunitari (SC)<\/strong> \u00e9s una bona oportunitat perqu\u00e8 l\u2019alumnat connecti amb el territori, posi en pr\u00e0ctica els seus aprenentatges i es comprometi amb la comunitat. Per aix\u00f2, aquest curs obrim el grup de treball <strong>del Servei Comunitari a l\u2019Alt Pened\u00e8s<\/strong>, un espai de trobada, orientaci\u00f3 i suport per a docents.<\/p>\n\n\n\n<h3 class=\"wp-block-heading\">Qu\u00e8 hi trobar\u00e0s?<\/h3>\n\n\n\n<p>\u2714\ufe0f <strong>Orientacions i recursos<\/strong> per implantar o consolidar el Servei Comunitari al teu centre<br>\u2714\ufe0f <strong>Metodologia ApS<\/strong>: com transformar necessitats reals en projectes Aps (aprenentatge servei)<br>\u2714\ufe0f <strong>Cercle de suport<\/strong> amb altres docents i entitats per compartir experi\u00e8ncies i bones pr\u00e0ctiques<br>\u2714\ufe0f <strong>Recon\u00e8ixer i donar visibilitat<\/strong> a la tasca del professorat, l\u2019alumnat i les entitats<\/p>\n\n\n\n<h3 class=\"wp-block-heading\">Calendari de sessions<\/h3>\n\n\n\n<p>\ud83d\udccd <strong>Mediateca del Servei Educatiu de l\u2019Alt Pened\u00e8s<\/strong><br>\ud83d\udc81\ud83c\udffc\u200d\u2640\ufe0f Coordinadora: Elisabet Forns<br>\ud83d\udd54 De 17:00 a 19:00 h<\/p>\n\n\n\n<ul class=\"wp-block-list\">\n<li><strong>15 d\u2019octubre 2025<\/strong> \u2013 Sensibilitzaci\u00f3 i valors de l\u2019ApS <\/li>\n\n\n\n<li><strong>12 de novembre 2025<\/strong> \u2013 Models de centre i vincles amb el territori <\/li>\n\n\n\n<li><strong>21 de gener 2026<\/strong> \u2013 Disseny de projectes transformadors<\/li>\n\n\n\n<li><strong>4 de mar\u00e7 2026<\/strong> \u2013 Compartim experi\u00e8ncies i bones pr\u00e0ctiques <\/li>\n\n\n\n<li><strong>15 d\u2019abril 2026<\/strong> \u2013 Actes de reconeixement i xarxa de centres<\/li>\n<\/ul>\n\n\n\n<p><strong>Ponents convidats<\/strong><\/p>\n\n\n\n<div class=\"wp-block-columns is-layout-flex wp-container-core-columns-is-layout-1 wp-block-columns-is-layout-flex\" style=\"padding-top:var(--wp--preset--spacing--20);padding-bottom:var(--wp--preset--spacing--20)\">\n<div class=\"wp-block-column is-layout-flow wp-block-column-is-layout-flow\">\n<div class=\"wp-block-media-text is-stacked-on-mobile\" style=\"grid-template-columns:41% auto\"><figure class=\"wp-block-media-text__media\"><img loading=\"lazy\" decoding=\"async\" width=\"500\" height=\"500\" src=\"https:\/\/serveiseducatius.xtec.cat\/altpenedes\/wp-content\/uploads\/usu763\/2025\/09\/marti-boneta-boada_avatar-500x500-7.jpg\" alt=\"\" class=\"wp-image-15397 size-full\" srcset=\"https:\/\/serveiseducatius.xtec.cat\/altpenedes\/wp-content\/uploads\/usu763\/2025\/09\/marti-boneta-boada_avatar-500x500-7.jpg 500w, https:\/\/serveiseducatius.xtec.cat\/altpenedes\/wp-content\/uploads\/usu763\/2025\/09\/marti-boneta-boada_avatar-500x500-7-300x300.jpg 300w, https:\/\/serveiseducatius.xtec.cat\/altpenedes\/wp-content\/uploads\/usu763\/2025\/09\/marti-boneta-boada_avatar-500x500-7-150x150.jpg 150w\" sizes=\"auto, (max-width: 500px) 100vw, 500px\" \/><\/figure><div class=\"wp-block-media-text__content\">\n<p><strong>Mart\u00ed Boneta <\/strong><\/p>\n\n\n\n<p>Membre del grup coordinador del centre promotor d&#8217;Aprenentatge Servei, historiador i docent<\/p>\n<\/div><\/div>\n<\/div>\n\n\n\n<div class=\"wp-block-column is-layout-flow wp-block-column-is-layout-flow\">\n<div class=\"wp-block-media-text is-stacked-on-mobile\"><figure class=\"wp-block-media-text__media\"><img loading=\"lazy\" decoding=\"async\" width=\"511\" height=\"421\" src=\"https:\/\/serveiseducatius.xtec.cat\/altpenedes\/wp-content\/uploads\/usu763\/2025\/09\/monica3-4.jpg\" alt=\"\" class=\"wp-image-15399 size-full\" srcset=\"https:\/\/serveiseducatius.xtec.cat\/altpenedes\/wp-content\/uploads\/usu763\/2025\/09\/monica3-4.jpg 511w, https:\/\/serveiseducatius.xtec.cat\/altpenedes\/wp-content\/uploads\/usu763\/2025\/09\/monica3-4-300x247.jpg 300w, https:\/\/serveiseducatius.xtec.cat\/altpenedes\/wp-content\/uploads\/usu763\/2025\/09\/monica3-4-150x124.jpg 150w\" sizes=\"auto, (max-width: 511px) 100vw, 511px\" \/><\/figure><div class=\"wp-block-media-text__content\">\n<p><strong>M\u00f3nica Gij\u00f3n<\/strong><\/p>\n\n\n\n<p>Membre del GREM (Grup de Recerca en Educaci\u00f3 en Valors de la UB), professora d&#8217;universitat de la UB<\/p>\n<\/div><\/div>\n<\/div>\n<\/div>\n\n\n\n<h3 class=\"wp-block-heading\">Per qu\u00e8 participar-hi?<\/h3>\n\n\n\n<p>\ud83d\udc49 Perqu\u00e8 rebr\u00e0s <strong>acompanyament i eines concretes<\/strong> per fer cr\u00e9ixer el teu projecte de SC.<br>\ud83d\udc49 Perqu\u00e8 podr\u00e0s <strong>intercanviar experi\u00e8ncies reals<\/strong> i endur-te idees aplicables al teu centre.<\/p>\n\n\n\n<p>\ud83d\udce2 <strong>Inscriu-te al Servei Comunitari 2025-2026<\/strong>!<br> <a href=\"https:\/\/lc.cx\/jnL5KH\">2011081201 Servei Comunitari<\/a><\/p>\n\n\n\n<p><\/p>\n","protected":false},"excerpt":{"rendered":"<p>Per als referents de Servei Comunitari i per a tots els interessats en l\u2019Aprenentatge Servei (ApS) a l&#8217;Alt Pened\u00e8s El [&hellip;]<\/p>\n","protected":false},"author":6,"featured_media":15417,"comment_status":"open","ping_status":"open","sticky":false,"template":"","format":"standard","meta":{"site-sidebar-layout":"default","site-content-layout":"","ast-site-content-layout":"default","site-content-style":"default","site-sidebar-style":"default","ast-global-header-display":"","ast-banner-title-visibility":"","ast-main-header-display":"","ast-hfb-above-header-display":"","ast-hfb-below-header-display":"","ast-hfb-mobile-header-display":"","site-post-title":"","ast-breadcrumbs-content":"","ast-featured-img":"","footer-sml-layout":"","theme-transparent-header-meta":"","adv-header-id-meta":"","stick-header-meta":"","header-above-stick-meta":"","header-main-stick-meta":"","header-below-stick-meta":"","astra-migrate-meta-layouts":"set","ast-page-background-enabled":"default","ast-page-background-meta":{"desktop":{"background-color":"var(--ast-global-color-4)","background-image":"","background-repeat":"repeat","background-position":"center center","background-size":"auto","background-attachment":"scroll","background-type":"","background-media":"","overlay-type":"","overlay-color":"","overlay-opacity":"","overlay-gradient":""},"tablet":{"background-color":"","background-image":"","background-repeat":"repeat","background-position":"center center","background-size":"auto","background-attachment":"scroll","background-type":"","background-media":"","overlay-type":"","overlay-color":"","overlay-opacity":"","overlay-gradient":""},"mobile":{"background-color":"","background-image":"","background-repeat":"repeat","background-position":"center center","background-size":"auto","background-attachment":"scroll","background-type":"","background-media":"","overlay-type":"","overlay-color":"","overlay-opacity":"","overlay-gradient":""}},"ast-content-background-meta":{"desktop":{"background-color":"var(--ast-global-color-5)","background-image":"","background-repeat":"repeat","background-position":"center center","background-size":"auto","background-attachment":"scroll","background-type":"","background-media":"","overlay-type":"","overlay-color":"","overlay-opacity":"","overlay-gradient":""},"tablet":{"background-color":"var(--ast-global-color-5)","background-image":"","background-repeat":"repeat","background-position":"center center","background-size":"auto","background-attachment":"scroll","background-type":"","background-media":"","overlay-type":"","overlay-color":"","overlay-opacity":"","overlay-gradient":""},"mobile":{"background-color":"var(--ast-global-color-5)","background-image":"","background-repeat":"repeat","background-position":"center center","background-size":"auto","background-attachment":"scroll","background-type":"","background-media":"","overlay-type":"","overlay-color":"","overlay-opacity":"","overlay-gradient":""}},"footnotes":""},"categories":[64,1,29,77,881],"tags":[869],"class_list":["post-15387","post","type-post","status-publish","format-standard","has-post-thumbnail","hentry","category-comunitat","category-general","category-portada","category-servei-comunitari","category-servei-comunitari-2","tag-curs-2025-2026"],"post_mailing_queue_ids":[],"_links":{"self":[{"href":"https:\/\/serveiseducatius.xtec.cat\/altpenedes\/wp-json\/wp\/v2\/posts\/15387","targetHints":{"allow":["GET"]}}],"collection":[{"href":"https:\/\/serveiseducatius.xtec.cat\/altpenedes\/wp-json\/wp\/v2\/posts"}],"about":[{"href":"https:\/\/serveiseducatius.xtec.cat\/altpenedes\/wp-json\/wp\/v2\/types\/post"}],"author":[{"embeddable":true,"href":"https:\/\/serveiseducatius.xtec.cat\/altpenedes\/wp-json\/wp\/v2\/users\/6"}],"replies":[{"embeddable":true,"href":"https:\/\/serveiseducatius.xtec.cat\/altpenedes\/wp-json\/wp\/v2\/comments?post=15387"}],"version-history":[{"count":6,"href":"https:\/\/serveiseducatius.xtec.cat\/altpenedes\/wp-json\/wp\/v2\/posts\/15387\/revisions"}],"predecessor-version":[{"id":15418,"href":"https:\/\/serveiseducatius.xtec.cat\/altpenedes\/wp-json\/wp\/v2\/posts\/15387\/revisions\/15418"}],"wp:featuredmedia":[{"embeddable":true,"href":"https:\/\/serveiseducatius.xtec.cat\/altpenedes\/wp-json\/wp\/v2\/media\/15417"}],"wp:attachment":[{"href":"https:\/\/serveiseducatius.xtec.cat\/altpenedes\/wp-json\/wp\/v2\/media?parent=15387"}],"wp:term":[{"taxonomy":"category","embeddable":true,"href":"https:\/\/serveiseducatius.xtec.cat\/altpenedes\/wp-json\/wp\/v2\/categories?post=15387"},{"taxonomy":"post_tag","embeddable":true,"href":"https:\/\/serveiseducatius.xtec.cat\/altpenedes\/wp-json\/wp\/v2\/tags?post=15387"}],"curies":[{"name":"wp","href":"https:\/\/api.w.org\/{rel}","templated":true}]}}