{"id":15212,"date":"2025-05-29T19:18:26","date_gmt":"2025-05-29T17:18:26","guid":{"rendered":"https:\/\/serveiseducatius.xtec.cat\/altpenedes\/?p=15212"},"modified":"2025-05-29T19:20:06","modified_gmt":"2025-05-29T17:20:06","slug":"instituts-de-lalt-penedes-i-del-garraf-presenten-conjuntament-el-projecte-de-parelles-linguistiques-a-la-festa-sambori","status":"publish","type":"post","link":"https:\/\/serveiseducatius.xtec.cat\/altpenedes\/general\/instituts-de-lalt-penedes-i-del-garraf-presenten-conjuntament-el-projecte-de-parelles-linguistiques-a-la-festa-sambori\/","title":{"rendered":"Instituts de l\u2019Alt Pened\u00e8s i del Garraf presenten conjuntament el projecte de parelles ling\u00fc\u00edstiques a la Festa Sambori"},"content":{"rendered":"\n\n\n\n\n<p>\u00a0<\/p>\n<p><span style=\"font-weight: 400;\">El passat 22 de maig, Vilafranca del Pened\u00e8s va ser escenari d\u2019una nova edici\u00f3 de la Festa Sambori. En aquesta edici\u00f3, tres centres de secund\u00e0ria de l\u2019Alt Pened\u00e8s, conjuntament amb quatre centres del Garraf, han presentat el projecte de <\/span><b>parelles ling\u00fc\u00edstiques<\/b><span style=\"font-weight: 400;\"> que s\u2019ha dut a terme cadascun dels centres. <a href=\"https:\/\/serveiseducatius.xtec.cat\/altpenedes\/wp-content\/uploads\/usu763\/2025\/05\/sambori.jpg\"><img loading=\"lazy\" decoding=\"async\" class=\"size-medium wp-image-15213 alignright\" src=\"https:\/\/serveiseducatius.xtec.cat\/altpenedes\/wp-content\/uploads\/usu763\/2025\/05\/sambori-300x240.jpg\" alt=\"\" width=\"300\" height=\"240\" srcset=\"https:\/\/serveiseducatius.xtec.cat\/altpenedes\/wp-content\/uploads\/usu763\/2025\/05\/sambori-300x240.jpg 300w, https:\/\/serveiseducatius.xtec.cat\/altpenedes\/wp-content\/uploads\/usu763\/2025\/05\/sambori-150x120.jpg 150w, https:\/\/serveiseducatius.xtec.cat\/altpenedes\/wp-content\/uploads\/usu763\/2025\/05\/sambori-768x613.jpg 768w, https:\/\/serveiseducatius.xtec.cat\/altpenedes\/wp-content\/uploads\/usu763\/2025\/05\/sambori.jpg 849w\" sizes=\"auto, (max-width: 300px) 100vw, 300px\" \/><\/a><\/span><\/p>\n<p><span style=\"font-weight: 400;\">Aquesta proposta s&#8217;ha materialitzat en un v\u00eddeo col\u00b7laboratiu, coordinat per l\u2019ELIC Garraf i l\u2019ELIC Alt Pened\u00e8s, que valora la interacci\u00f3 entre iguals i l\u2019\u00fas oral de la llengua catalana com a eina de cohesi\u00f3 i inclusi\u00f3.\u00a0<\/span><\/p>\n<p><span style=\"font-weight: 400;\">L\u2019alumnat d\u2019aquests centres va poder gaudir d\u2019activitats art\u00edstiques i manualitats, de tallers de circ, castells i sardanes, jocs de taula, tir a l&#8217;arc, graffiti \u2026 i a l&#8217;escenari, es van poder compartir totes les obres participants. <\/span><\/p>\n<p>\u00a0<\/p>\n","protected":false},"excerpt":{"rendered":"<p>\u00a0 El passat 22 de maig, Vilafranca del Pened\u00e8s va ser escenari d\u2019una nova edici\u00f3 de la Festa Sambori. En [&hellip;]<\/p>\n","protected":false},"author":25,"featured_media":0,"comment_status":"open","ping_status":"open","sticky":false,"template":"","format":"standard","meta":{"site-sidebar-layout":"default","site-content-layout":"","ast-site-content-layout":"default","site-content-style":"default","site-sidebar-style":"default","ast-global-header-display":"","ast-banner-title-visibility":"","ast-main-header-display":"","ast-hfb-above-header-display":"","ast-hfb-below-header-display":"","ast-hfb-mobile-header-display":"","site-post-title":"","ast-breadcrumbs-content":"","ast-featured-img":"","footer-sml-layout":"","theme-transparent-header-meta":"","adv-header-id-meta":"","stick-header-meta":"","header-above-stick-meta":"","header-main-stick-meta":"","header-below-stick-meta":"","astra-migrate-meta-layouts":"set","ast-page-background-enabled":"default","ast-page-background-meta":{"desktop":{"background-color":"var(--ast-global-color-4)","background-image":"","background-repeat":"repeat","background-position":"center center","background-size":"auto","background-attachment":"scroll","background-type":"","background-media":"","overlay-type":"","overlay-color":"","overlay-opacity":"","overlay-gradient":""},"tablet":{"background-color":"","background-image":"","background-repeat":"repeat","background-position":"center center","background-size":"auto","background-attachment":"scroll","background-type":"","background-media":"","overlay-type":"","overlay-color":"","overlay-opacity":"","overlay-gradient":""},"mobile":{"background-color":"","background-image":"","background-repeat":"repeat","background-position":"center center","background-size":"auto","background-attachment":"scroll","background-type":"","background-media":"","overlay-type":"","overlay-color":"","overlay-opacity":"","overlay-gradient":""}},"ast-content-background-meta":{"desktop":{"background-color":"var(--ast-global-color-5)","background-image":"","background-repeat":"repeat","background-position":"center center","background-size":"auto","background-attachment":"scroll","background-type":"","background-media":"","overlay-type":"","overlay-color":"","overlay-opacity":"","overlay-gradient":""},"tablet":{"background-color":"var(--ast-global-color-5)","background-image":"","background-repeat":"repeat","background-position":"center center","background-size":"auto","background-attachment":"scroll","background-type":"","background-media":"","overlay-type":"","overlay-color":"","overlay-opacity":"","overlay-gradient":""},"mobile":{"background-color":"var(--ast-global-color-5)","background-image":"","background-repeat":"repeat","background-position":"center center","background-size":"auto","background-attachment":"scroll","background-type":"","background-media":"","overlay-type":"","overlay-color":"","overlay-opacity":"","overlay-gradient":""}},"footnotes":""},"categories":[472,68,1,892],"tags":[],"class_list":["post-15212","post","type-post","status-publish","format-standard","hentry","category-aula-acollida","category-elic","category-general","category-immersio"],"post_mailing_queue_ids":[],"_links":{"self":[{"href":"https:\/\/serveiseducatius.xtec.cat\/altpenedes\/wp-json\/wp\/v2\/posts\/15212","targetHints":{"allow":["GET"]}}],"collection":[{"href":"https:\/\/serveiseducatius.xtec.cat\/altpenedes\/wp-json\/wp\/v2\/posts"}],"about":[{"href":"https:\/\/serveiseducatius.xtec.cat\/altpenedes\/wp-json\/wp\/v2\/types\/post"}],"author":[{"embeddable":true,"href":"https:\/\/serveiseducatius.xtec.cat\/altpenedes\/wp-json\/wp\/v2\/users\/25"}],"replies":[{"embeddable":true,"href":"https:\/\/serveiseducatius.xtec.cat\/altpenedes\/wp-json\/wp\/v2\/comments?post=15212"}],"version-history":[{"count":2,"href":"https:\/\/serveiseducatius.xtec.cat\/altpenedes\/wp-json\/wp\/v2\/posts\/15212\/revisions"}],"predecessor-version":[{"id":15215,"href":"https:\/\/serveiseducatius.xtec.cat\/altpenedes\/wp-json\/wp\/v2\/posts\/15212\/revisions\/15215"}],"wp:attachment":[{"href":"https:\/\/serveiseducatius.xtec.cat\/altpenedes\/wp-json\/wp\/v2\/media?parent=15212"}],"wp:term":[{"taxonomy":"category","embeddable":true,"href":"https:\/\/serveiseducatius.xtec.cat\/altpenedes\/wp-json\/wp\/v2\/categories?post=15212"},{"taxonomy":"post_tag","embeddable":true,"href":"https:\/\/serveiseducatius.xtec.cat\/altpenedes\/wp-json\/wp\/v2\/tags?post=15212"}],"curies":[{"name":"wp","href":"https:\/\/api.w.org\/{rel}","templated":true}]}}