{"id":14867,"date":"2025-03-24T18:08:31","date_gmt":"2025-03-24T17:08:31","guid":{"rendered":"https:\/\/serveiseducatius.xtec.cat\/altpenedes\/?p=14867"},"modified":"2025-03-24T18:08:31","modified_gmt":"2025-03-24T17:08:31","slug":"responsables-de-la-llengua-mestres-amb-llengua","status":"publish","type":"post","link":"https:\/\/serveiseducatius.xtec.cat\/altpenedes\/elic\/responsables-de-la-llengua-mestres-amb-llengua\/","title":{"rendered":"Responsables de la llengua. Mestres amb llengua."},"content":{"rendered":"\n<p><strong><a href=\"https:\/\/www.mestresambllengua.cat\/consciencia-linguistica\">Responsables de la llengua<\/a><\/strong>\u00a0\u00e9s un recurs elaborat pels serveis ling\u00fc\u00edstics de la Universitat de Barcelona, la Universitat Aut\u00f2noma de Barcelona, la Universitat de Girona, la Universitat Rovira i Virgili, la Universitat de Lleida, la Universitat de Vic \u2013 Universitat Central de Catalunya, la Universitat Internacional de Catalunya i la Universitat Abat Oliba.<\/p>\n<p>Aquest recurs est\u00e0 incl\u00f2s a\u00a0<strong><a href=\"https:\/\/www.mestresambllengua.cat\/\">Mestres amb llengua<\/a><\/strong>,\u00a0 web de refer\u00e8ncia dels serveis ling\u00fc\u00edstics universitaris catalans per a l\u2019aprenentatge de la llengua catalana en l\u2019\u00e0mbit dels estudis d\u2019educaci\u00f3.<\/p>\n<p>Est\u00e0 format per tres v\u00eddeos breus, que tenen l\u2019objectiu de posar de manifest la responsabilitat que tenen tots els professionals de l\u2019educaci\u00f3 en els processos d\u2019aprenentatge de la llengua catalana per part de l\u2019alumnat.<\/p>\n<p><a href=\"https:\/\/serveiseducatius.xtec.cat\/altpenedes\/wp-content\/uploads\/usu763\/2025\/03\/Captura-de-pantalla-2025-03-24-180546.jpg\"><img loading=\"lazy\" decoding=\"async\" class=\"size-full wp-image-14868 alignleft\" src=\"https:\/\/serveiseducatius.xtec.cat\/altpenedes\/wp-content\/uploads\/usu763\/2025\/03\/Captura-de-pantalla-2025-03-24-180546.jpg\" alt=\"\" width=\"201\" height=\"196\" srcset=\"https:\/\/serveiseducatius.xtec.cat\/altpenedes\/wp-content\/uploads\/usu763\/2025\/03\/Captura-de-pantalla-2025-03-24-180546.jpg 201w, https:\/\/serveiseducatius.xtec.cat\/altpenedes\/wp-content\/uploads\/usu763\/2025\/03\/Captura-de-pantalla-2025-03-24-180546-150x146.jpg 150w\" sizes=\"auto, (max-width: 201px) 100vw, 201px\" \/><\/a><\/p>\n<p><a href=\"https:\/\/projectes.xtec.cat\/acollidasuport\/portada\/mestres-amb-llengua-videos-per-reflexionar\/\">V\u00eddeo 1 El valor del catal\u00e0 a infantil i prim\u00e0ria.\u00a0<\/a><\/p>\n<p><a href=\"https:\/\/www.youtube.com\/watch?v=v6K9EqmqFdY\">V\u00eddeo 2 La llengua dels docents, una llengua de qualitat<\/a><\/p>\n<p><a href=\"https:\/\/www.youtube.com\/watch?v=oua0-Jjb5AI\">V\u00eddeo 3 Fer servir la llengua.<\/a><\/p>\n<pre><a href=\"https:\/\/projectes.xtec.cat\/acollidasuport\/portada\/mestres-amb-llengua-videos-per-reflexionar\/\"><em>Article publicat al Nodes d'alumnat d'Origen Estranger<\/em><\/a><\/pre>\n\n\n\n<p><\/p>\n\n\n\n<p><\/p>\n","protected":false},"excerpt":{"rendered":"<p>Responsables de la llengua\u00a0\u00e9s un recurs elaborat pels serveis ling\u00fc\u00edstics de la Universitat de Barcelona, la Universitat Aut\u00f2noma de Barcelona, [&hellip;]<\/p>\n","protected":false},"author":25,"featured_media":0,"comment_status":"open","ping_status":"open","sticky":false,"template":"","format":"standard","meta":{"site-sidebar-layout":"default","site-content-layout":"","ast-site-content-layout":"default","site-content-style":"default","site-sidebar-style":"default","ast-global-header-display":"","ast-banner-title-visibility":"","ast-main-header-display":"","ast-hfb-above-header-display":"","ast-hfb-below-header-display":"","ast-hfb-mobile-header-display":"","site-post-title":"","ast-breadcrumbs-content":"","ast-featured-img":"","footer-sml-layout":"","theme-transparent-header-meta":"","adv-header-id-meta":"","stick-header-meta":"","header-above-stick-meta":"","header-main-stick-meta":"","header-below-stick-meta":"","astra-migrate-meta-layouts":"set","ast-page-background-enabled":"default","ast-page-background-meta":{"desktop":{"background-color":"var(--ast-global-color-4)","background-image":"","background-repeat":"repeat","background-position":"center center","background-size":"auto","background-attachment":"scroll","background-type":"","background-media":"","overlay-type":"","overlay-color":"","overlay-opacity":"","overlay-gradient":""},"tablet":{"background-color":"","background-image":"","background-repeat":"repeat","background-position":"center center","background-size":"auto","background-attachment":"scroll","background-type":"","background-media":"","overlay-type":"","overlay-color":"","overlay-opacity":"","overlay-gradient":""},"mobile":{"background-color":"","background-image":"","background-repeat":"repeat","background-position":"center center","background-size":"auto","background-attachment":"scroll","background-type":"","background-media":"","overlay-type":"","overlay-color":"","overlay-opacity":"","overlay-gradient":""}},"ast-content-background-meta":{"desktop":{"background-color":"var(--ast-global-color-5)","background-image":"","background-repeat":"repeat","background-position":"center center","background-size":"auto","background-attachment":"scroll","background-type":"","background-media":"","overlay-type":"","overlay-color":"","overlay-opacity":"","overlay-gradient":""},"tablet":{"background-color":"var(--ast-global-color-5)","background-image":"","background-repeat":"repeat","background-position":"center center","background-size":"auto","background-attachment":"scroll","background-type":"","background-media":"","overlay-type":"","overlay-color":"","overlay-opacity":"","overlay-gradient":""},"mobile":{"background-color":"var(--ast-global-color-5)","background-image":"","background-repeat":"repeat","background-position":"center center","background-size":"auto","background-attachment":"scroll","background-type":"","background-media":"","overlay-type":"","overlay-color":"","overlay-opacity":"","overlay-gradient":""}},"footnotes":""},"categories":[68,892,525,856,742],"tags":[],"class_list":["post-14867","post","type-post","status-publish","format-standard","hentry","category-elic","category-immersio","category-seminariclic","category-xarxaulae","category-xco-tenim-la-paraula"],"post_mailing_queue_ids":[],"_links":{"self":[{"href":"https:\/\/serveiseducatius.xtec.cat\/altpenedes\/wp-json\/wp\/v2\/posts\/14867","targetHints":{"allow":["GET"]}}],"collection":[{"href":"https:\/\/serveiseducatius.xtec.cat\/altpenedes\/wp-json\/wp\/v2\/posts"}],"about":[{"href":"https:\/\/serveiseducatius.xtec.cat\/altpenedes\/wp-json\/wp\/v2\/types\/post"}],"author":[{"embeddable":true,"href":"https:\/\/serveiseducatius.xtec.cat\/altpenedes\/wp-json\/wp\/v2\/users\/25"}],"replies":[{"embeddable":true,"href":"https:\/\/serveiseducatius.xtec.cat\/altpenedes\/wp-json\/wp\/v2\/comments?post=14867"}],"version-history":[{"count":1,"href":"https:\/\/serveiseducatius.xtec.cat\/altpenedes\/wp-json\/wp\/v2\/posts\/14867\/revisions"}],"predecessor-version":[{"id":14869,"href":"https:\/\/serveiseducatius.xtec.cat\/altpenedes\/wp-json\/wp\/v2\/posts\/14867\/revisions\/14869"}],"wp:attachment":[{"href":"https:\/\/serveiseducatius.xtec.cat\/altpenedes\/wp-json\/wp\/v2\/media?parent=14867"}],"wp:term":[{"taxonomy":"category","embeddable":true,"href":"https:\/\/serveiseducatius.xtec.cat\/altpenedes\/wp-json\/wp\/v2\/categories?post=14867"},{"taxonomy":"post_tag","embeddable":true,"href":"https:\/\/serveiseducatius.xtec.cat\/altpenedes\/wp-json\/wp\/v2\/tags?post=14867"}],"curies":[{"name":"wp","href":"https:\/\/api.w.org\/{rel}","templated":true}]}}