{"id":1484,"date":"2016-03-10T19:00:56","date_gmt":"2016-03-10T18:00:56","guid":{"rendered":"http:\/\/serveiseducatius.xtec.cat\/se-altpenedes\/?p=1484"},"modified":"2017-10-23T16:45:59","modified_gmt":"2017-10-23T14:45:59","slug":"contingut-m-26","status":"publish","type":"post","link":"https:\/\/serveiseducatius.xtec.cat\/altpenedes\/m26\/contingut-m-26\/","title":{"rendered":"M-26 &#8220;Fam\u00edlia? Fam\u00edlies!&#8221;"},"content":{"rendered":"<p>El Servei Educatiu posa a disposici\u00f3 la maleta <em><strong>Fam\u00edlia? Fam\u00edlies!<\/strong> <\/em>per a l\u2019alumnat d&#8217;educaci\u00f3 prim\u00e0ria.<\/p>\n<p>Per a la seva confecci\u00f3 hem rebut el suport econ\u00f2mic del Grup de Mestres de l&#8217;Alt Pened\u00e8s.<\/p>\n<h4><span style=\"color: #ff6600;\">Contingut de la Maleta \u201cFam\u00edlia? Fam\u00edlies!\u201d<\/span><\/h4>\n<p>Els llibres que cont\u00e9 s\u00f3n els de la bibliografia recomanada als dossiers i propostes did\u00e0ctiques de <em>El gust per la lectura 2015-2016<\/em> sobre el tema de la diversitat familiar.<\/p>\n<p>La gu\u00eda de contingut de la maleta <strong>Fam\u00edlia? Fam\u00edlies!<\/strong> la podeu consultar en aquest <strong><span style=\"text-decoration: underline;\"><span style=\"color: #0000ff;\"><a style=\"color: #0000ff; text-decoration: underline;\" href=\"https:\/\/drive.google.com\/a\/xtec.cat\/file\/d\/0B3dg_OmhLE8MeWppVk1SdWQzY0U\/view\" target=\"_blank\" rel=\"noopener noreferrer\">enlla\u00e7<\/a><\/span><\/span><\/strong><\/p>\n<h4><span style=\"color: #ff6600;\">Q\u00fcestionari de valoraci\u00f3<\/span><\/h4>\n<p>Despr\u00e9s d&#8217;haver disposat en pr\u00e9stec la maleta <strong>Fam\u00edlia? Fam\u00edlies!<\/strong> s&#8217;ha d&#8217;emplenar una breu <strong>formulari<\/strong> sobre la seva utilitzaci\u00f3. La persona responsable de la maleta pedag\u00f2gica del CRP al centre \u00e9s qui ha d&#8217;emplenar l<strong><a href=\"https:\/\/docs.google.com\/forms\/d\/1z1T57uBUtlXXDrp53egMmYMInnFe5peLcYTx5Vo-MQU\/viewform\" target=\"_blank\" rel=\"noopener noreferrer\">&#8216;<span style=\"text-decoration: underline;\"><span style=\"color: #0000ff; text-decoration: underline;\">Enquesta de valoraci\u00f3: M-26 Fam\u00edlia? Fam\u00edlies!<\/span><\/span><\/a><\/strong><\/p>\n<h4><span style=\"color: #ff6600;\">Espai web de la maleta M-26 Fam\u00edlia? Fam\u00edlies!<\/span><\/h4>\n<p>Aquest \u00e9s l&#8217;<strong><span style=\"color: #0000ff;\"><a style=\"color: #0000ff;\" href=\"http:\/\/serveiseducatius.xtec.cat\/se-altpenedes\/categoria\/recursos\/maletes-pedagogiques\/M26\/\" target=\"_blank\" rel=\"noopener noreferrer\">espai din\u00e0mic de la maleta &#8220;Fam\u00edlia? Fam\u00edlies!&#8221;<\/a><\/span><\/strong> A m\u00e9s de trobar-hi una breu descripci\u00f3 i la ruta que far\u00e0 la maleta pels centres, tamb\u00e9 s&#8217;hi afegiran articles amb les vostres aportacions.<\/p>\n<p>Per aix\u00f2 us demanem que si disposeu d&#8217;alguna activitat publicada (document, v\u00eddeo, foto, presentaci\u00f3 &#8230;) relacionada amb l&#8217;\u00fas d&#8217;aquesta maleta, ens ho feu saber a trav\u00e9s d&#8217;algun d&#8217;aquests canals:<\/p>\n<ul>\n<li>Enganxant l&#8217;URL en l&#8217;apartat <em>Activitats realitzades<\/em> de l&#8217;Enquesta de valoraci\u00f3.<\/li>\n<li>Deixant un comentari en aquest article M-26 &#8220;Fam\u00edlia? Fam\u00edlies!&#8221;<\/li>\n<li>Enviant un correu al crp-altpenedes@xtec.cat escrivint com a assumpte: Activitat M-26<\/li>\n<\/ul>\n<h4><span style=\"color: #ff6600;\">Enlla\u00e7os relacionats<\/span><\/h4>\n<p>Els quatre primers enlla\u00e7os s\u00f3n materials de EL GUST PER LA LECTURA 2015-2016. Prim\u00e0ria. FAM\u00cdLIA? FAM\u00cdLIES! Llu\u00efsa Salvador Graus i Pepa Varreras Albert. Departament d\u2019Ensenyament. Subdirecci\u00f3 General de Llengua i Pluriling\u00fcisme. Servei d\u2019Immersi\u00f3 i Acolliment Ling\u00fc\u00edstics<\/p>\n<ul>\n<li><a href=\"https:\/\/drive.google.com\/open?id=0B3dg_OmhLE8MYnhHLXJBeEIxS0U\" target=\"_blank\" rel=\"noopener noreferrer\">Introducci\u00f3 \/ Proposta de lectures i activitats<\/a><\/li>\n<li><a href=\"https:\/\/drive.google.com\/open?id=0B3dg_OmhLE8MTGp1N2d0NnNFd2M\" target=\"_blank\" rel=\"noopener noreferrer\">Cicle Inicial d\u2019Educaci\u00f3 Prim\u00e0ria. COCO i PIU d\u2019Alexis Deacon.<\/a><\/li>\n<li><a href=\"https:\/\/drive.google.com\/open?id=0B3dg_OmhLE8MVUJoSjB1YmRGaVE\" target=\"_blank\" rel=\"noopener noreferrer\">Cicle Mitj\u00e0 d\u2019Educaci\u00f3 Prim\u00e0ria. QUAN MARXARAN AQUESTS? D\u2019Ute Krause<\/a><\/li>\n<li><a href=\"https:\/\/drive.google.com\/open?id=0B3dg_OmhLE8McGluOUNIQUNTc1k\" target=\"_blank\" rel=\"noopener noreferrer\">Cicle Superior d\u2019Educaci\u00f3 Prim\u00e0ria. QUAN EL MEU PARE ERA UN ARBUST. Joke van Leewen<\/a><\/li>\n<li><a href=\"https:\/\/drive.google.com\/open?id=0B3dg_OmhLE8MakR5a3RMVzYxN1E\" target=\"_blank\" rel=\"noopener noreferrer\">Guia psicopedag\u00f2gica de Fam\u00edlium XX1<\/a><\/li>\n<\/ul>\n<p>&nbsp;<\/p>\n<h4><span style=\"color: #ff6600;\">Presentaci\u00f3 de la maleta al CRP- 10 de mar\u00e7 de 2016-<\/span><br \/>\n<iframe loading=\"lazy\" src=\"https:\/\/docs.google.com\/presentation\/d\/1yfn9MM3ruGrjgx0IKwCCZKyaQyyTlpekiOoS2W9TNeo\/embed?start=false&amp;loop=false&amp;delayms=3000\" width=\"960\" height=\"569\" frameborder=\"0\" allowfullscreen=\"allowfullscreen\"><\/iframe><\/h4>\n<p>Enlla\u00e7 al tall de la not\u00edcia cedit per rtvvilafranca: <a href=\"http:\/\/dom.cat\/sxt\" target=\"_blank\" rel=\"noopener noreferrer\">http:\/\/dom.cat\/sxt<\/a><\/p>\n","protected":false},"excerpt":{"rendered":"<p>Qu\u00e8 hi trobareu?<\/p>\n<li>Presentaci\u00f3 de la maleta al CRP\n<li>Contingut de la maleta\n<li>Enquesta de valoraci\u00f3\n<li>Espai din\u00e0mic de la maleta\n<li>Enlla\u00e7os relacionats<br \/>\n","protected":false},"author":1,"featured_media":1506,"comment_status":"open","ping_status":"closed","sticky":true,"template":"","format":"standard","meta":{"site-sidebar-layout":"default","site-content-layout":"","ast-site-content-layout":"","site-content-style":"default","site-sidebar-style":"default","ast-global-header-display":"","ast-banner-title-visibility":"","ast-main-header-display":"","ast-hfb-above-header-display":"","ast-hfb-below-header-display":"","ast-hfb-mobile-header-display":"","site-post-title":"","ast-breadcrumbs-content":"","ast-featured-img":"","footer-sml-layout":"","theme-transparent-header-meta":"","adv-header-id-meta":"","stick-header-meta":"","header-above-stick-meta":"","header-main-stick-meta":"","header-below-stick-meta":"","astra-migrate-meta-layouts":"default","ast-page-background-enabled":"default","ast-page-background-meta":{"desktop":{"background-color":"var(--ast-global-color-4)","background-image":"","background-repeat":"repeat","background-position":"center center","background-size":"auto","background-attachment":"scroll","background-type":"","background-media":"","overlay-type":"","overlay-color":"","overlay-opacity":"","overlay-gradient":""},"tablet":{"background-color":"","background-image":"","background-repeat":"repeat","background-position":"center center","background-size":"auto","background-attachment":"scroll","background-type":"","background-media":"","overlay-type":"","overlay-color":"","overlay-opacity":"","overlay-gradient":""},"mobile":{"background-color":"","background-image":"","background-repeat":"repeat","background-position":"center center","background-size":"auto","background-attachment":"scroll","background-type":"","background-media":"","overlay-type":"","overlay-color":"","overlay-opacity":"","overlay-gradient":""}},"ast-content-background-meta":{"desktop":{"background-color":"var(--ast-global-color-5)","background-image":"","background-repeat":"repeat","background-position":"center center","background-size":"auto","background-attachment":"scroll","background-type":"","background-media":"","overlay-type":"","overlay-color":"","overlay-opacity":"","overlay-gradient":""},"tablet":{"background-color":"var(--ast-global-color-5)","background-image":"","background-repeat":"repeat","background-position":"center center","background-size":"auto","background-attachment":"scroll","background-type":"","background-media":"","overlay-type":"","overlay-color":"","overlay-opacity":"","overlay-gradient":""},"mobile":{"background-color":"var(--ast-global-color-5)","background-image":"","background-repeat":"repeat","background-position":"center center","background-size":"auto","background-attachment":"scroll","background-type":"","background-media":"","overlay-type":"","overlay-color":"","overlay-opacity":"","overlay-gradient":""}},"footnotes":""},"categories":[528,172],"tags":[157,201],"class_list":["post-1484","post","type-post","status-publish","format-standard","has-post-thumbnail","hentry","category-be-materials-coordinacio-1516","category-m26","tag-curs-2015-2016","tag-se-2015-2016"],"post_mailing_queue_ids":[],"_links":{"self":[{"href":"https:\/\/serveiseducatius.xtec.cat\/altpenedes\/wp-json\/wp\/v2\/posts\/1484","targetHints":{"allow":["GET"]}}],"collection":[{"href":"https:\/\/serveiseducatius.xtec.cat\/altpenedes\/wp-json\/wp\/v2\/posts"}],"about":[{"href":"https:\/\/serveiseducatius.xtec.cat\/altpenedes\/wp-json\/wp\/v2\/types\/post"}],"author":[{"embeddable":true,"href":"https:\/\/serveiseducatius.xtec.cat\/altpenedes\/wp-json\/wp\/v2\/users\/1"}],"replies":[{"embeddable":true,"href":"https:\/\/serveiseducatius.xtec.cat\/altpenedes\/wp-json\/wp\/v2\/comments?post=1484"}],"version-history":[{"count":4,"href":"https:\/\/serveiseducatius.xtec.cat\/altpenedes\/wp-json\/wp\/v2\/posts\/1484\/revisions"}],"predecessor-version":[{"id":5553,"href":"https:\/\/serveiseducatius.xtec.cat\/altpenedes\/wp-json\/wp\/v2\/posts\/1484\/revisions\/5553"}],"wp:featuredmedia":[{"embeddable":true,"href":"https:\/\/serveiseducatius.xtec.cat\/altpenedes\/wp-json\/wp\/v2\/media\/1506"}],"wp:attachment":[{"href":"https:\/\/serveiseducatius.xtec.cat\/altpenedes\/wp-json\/wp\/v2\/media?parent=1484"}],"wp:term":[{"taxonomy":"category","embeddable":true,"href":"https:\/\/serveiseducatius.xtec.cat\/altpenedes\/wp-json\/wp\/v2\/categories?post=1484"},{"taxonomy":"post_tag","embeddable":true,"href":"https:\/\/serveiseducatius.xtec.cat\/altpenedes\/wp-json\/wp\/v2\/tags?post=1484"}],"curies":[{"name":"wp","href":"https:\/\/api.w.org\/{rel}","templated":true}]}}